{"id":264,"date":"2012-07-05T15:29:34","date_gmt":"2012-07-05T15:29:34","guid":{"rendered":"http:\/\/elearning.gbu.fr\/?p=264"},"modified":"2025-01-24T11:10:15","modified_gmt":"2025-01-24T09:10:15","slug":"romains","status":"publish","type":"post","link":"https:\/\/www.creusonslabible.fr\/?p=264","title":{"rendered":"Romains"},"content":{"rendered":"<p><span style=\"font-family: Arial,sans-serif;\">La lettre aux Romains a \u00e9t\u00e9 \u00e9crite par Paul \u00e0 Corinthe, pendant les trois mois qu&rsquo;il a pass\u00e9s dans la province d\u2019Acha\u00efe (<em>cf.<\/em> Ac 20.23). Le but de la lettre est de faire, au profit de l&rsquo;\u00e9glise de Rome<em> <\/em>(qu&rsquo;il n&rsquo;avait pas fond\u00e9e lui-m\u00eame mais \u00e0 laquelle il esp\u00e9rait rendre visite prochainement), une pr\u00e9sentation coh\u00e9rente de l&rsquo;\u00e9vangile qu&rsquo;il pr\u00eachait, tout en abordant le probl\u00e8me majeur pos\u00e9 par l&rsquo;incr\u00e9dulit\u00e9 des juifs et de la relation des juifs et des pa\u00efens \u00e0 J\u00e9sus-Christ et \u00e0 son salut.<!--more--> Si l&rsquo;on en croit ce qu&rsquo;il dit dans 15.23-24, il semble que l&rsquo;ap\u00f4tre des pa\u00efens sentait qu&rsquo;il avait accompli tout ce qu&rsquo;il pouvait faire dans la partie orientale du bassin m\u00e9diterran\u00e9en, et que le moment \u00e9tait venu d\u2019\u00e9tendre son minist\u00e8re vers l&rsquo;ouest. Dans cet esprit, ce serait probablement un avantage de b\u00e9n\u00e9ficier du soutien dans la pri\u00e8re et de l\u2019aide pratique de l&rsquo;\u00e9glise situ\u00e9e dans la capitale de l\u2019empire. Rome \u00e9tait un centre strat\u00e9gique, et son \u00e9glise semble avoir \u00e9t\u00e9 aussi cosmopolite que la ville elle-m\u00eame. Pr\u00e9senter clairement l\u2019\u00e9vangile qu&rsquo;il comptait y pr\u00eacher serait le meilleur moyen de dissiper tout malentendu qui aurait pu \u00eatre cr\u00e9\u00e9 par les tensions entre juifs et pa\u00efens ou pour d&rsquo;autres raisons.Ce serait \u00e9galement le moyen de d\u00e9velopper la communion fraternelle et d\u2019obtenir la collaboration qu&rsquo;il d\u00e9sirait. D\u00e8s le d\u00e9part, Paul d\u00e9clare que l&rsquo;\u00e9vangile est la puissance de Dieu pour le salut de quiconque croit. Il traite tour \u00e0 tour des grands th\u00e8mes de l&rsquo;\u00e9vangile\u00a0: la culpabilit\u00e9 de l&rsquo;homme, le salut par gr\u00e2ce, la justice qui vient de Dieu, la justification par la foi, la vie nouvelle en Christ, l&rsquo;\u0153uvre du Saint-Esprit dans la vie du croyant, la certitude du triomphe final pour le chr\u00e9tien, la souverainet\u00e9 divine et l&rsquo;inclusion des \u00ab\u00a0nations\u00a0\u00bb dans les plans mis\u00e9ricordieux de Dieu. Tout cela est suivi d&rsquo;une section d\u2019o\u00f9 sont tir\u00e9es les cons\u00e9quences pratiques de l&rsquo;\u00e9vangile dans tous les domaines de la vie. On ne s&rsquo;\u00e9tonnera donc pas que cette lettre, caract\u00e9ris\u00e9e par son traitement exhaustif de l&rsquo;\u00e9vangile et par sa logique qui emporte l&rsquo;adh\u00e9sion, est consid\u00e9r\u00e9e par beaucoup comme le livre le plus remarquable d\u2019un recueil de livres remarquables\u00a0!<\/span><\/p>\n<h1 align=\"LEFT\"><span style=\"font-family: Arial,sans-serif;\">Plan<\/span><\/h1>\n<p><span style=\"font-family: Arial,sans-serif;\">1.1-15 Salutations et introduction.<\/span><\/p>\n<p><span style=\"font-family: Arial,sans-serif;\">1.16-17 Le th\u00e8me de la lettre.<\/span><\/p>\n<p><span style=\"font-family: Arial,sans-serif;\">A. 1.18-11.36 L&rsquo;\u00e9vangile r\u00e9v\u00e9l\u00e9 \u00e0 Paul.<\/span><\/p>\n<p><span style=\"font-family: Arial,sans-serif;\">1.18-3.20 Le r\u00e8gne universel du p\u00e9ch\u00e9.<\/span><\/p>\n<p><span style=\"font-family: Arial,sans-serif;\">1.18-2.16 Chez les pa\u00efens.<\/span><\/p>\n<p><span style=\"font-family: Arial,sans-serif;\">2.17-3.18 Chez les juifs.<\/span><\/p>\n<p><span style=\"font-family: Arial,sans-serif;\">3.19-20 La culpabilit\u00e9 de tout le genre humain.<\/span><\/p>\n<p><span style=\"font-family: Arial,sans-serif;\">3.21-5.21 La voie de la justice.<\/span><\/p>\n<p><span style=\"font-family: Arial,sans-serif;\">3.21-31 La justice comme un don de Dieu.<\/span><\/p>\n<p><span style=\"font-family: Arial,sans-serif;\">4.1-25 La justice imput\u00e9e \u00e0 Abraham.<\/span><\/p>\n<p><span style=\"font-family: Arial,sans-serif;\">5.1-21 La justice offerte \u00e0 tout homme en Christ.<\/span><\/p>\n<p><span style=\"font-family: Arial,sans-serif;\">6.1-8.39 La voie de la saintet\u00e9.<\/span><\/p>\n<p><span style=\"font-family: Arial,sans-serif;\">6.1-23 La vie selon la gr\u00e2ce.<\/span><\/p>\n<p><span style=\"font-family: Arial,sans-serif;\">7.1-25 La loi et la chair.<\/span><\/p>\n<p><span style=\"font-family: Arial,sans-serif;\">8.1-39 La vie de victoire par le Saint-Esprit.<\/span><\/p>\n<p><span style=\"font-family: Arial,sans-serif;\">9.1-11.36 Les juifs et les pa\u00efens.<\/span><\/p>\n<p><span style=\"font-family: Arial,sans-serif;\">9.1-29 La souverainet\u00e9 de Dieu dans l\u2019\u00e9lection.<\/span><\/p>\n<p><span style=\"font-family: Arial,sans-serif;\">9.30-10.21 La responsabilit\u00e9 de l&rsquo;homme.<\/span><\/p>\n<p><span style=\"font-family: Arial,sans-serif;\">11.1-36 Les plans souverains de Dieu.<\/span><\/p>\n<p><span style=\"font-family: Arial,sans-serif;\">B. 12.1-15.13 Principes pratiques pour la vie chr\u00e9tienne.<\/span><\/p>\n<p><span style=\"font-family: Arial,sans-serif;\">12.1-21 Les relations du chr\u00e9tien.<\/span><\/p>\n<p><span style=\"font-family: Arial,sans-serif;\">13.1-7 Le chr\u00e9tien et l&rsquo;\u00c9tat.<\/span><\/p>\n<p><span style=\"font-family: Arial,sans-serif;\">13.8-14 Les devoirs du chr\u00e9tien.<\/span><\/p>\n<p><span style=\"font-family: Arial,sans-serif;\">14.1-15.13 L\u2019\u00e9quilibre entre libert\u00e9 et charit\u00e9 dans la communaut\u00e9 chr\u00e9tienne.<\/span><\/p>\n<p><span style=\"font-family: Arial,sans-serif;\">15.14-16.27 Salutations et exhortations finales.<\/span><\/p>\n","protected":false},"excerpt":{"rendered":"<p>La lettre aux Romains a \u00e9t\u00e9 \u00e9crite par Paul \u00e0 Corinthe, pendant les trois mois qu&rsquo;il a pass\u00e9s dans la province d\u2019Acha\u00efe (cf. Ac 20.23). Le but de la lettre est de faire, au profit de l&rsquo;\u00e9glise de Rome (qu&rsquo;il n&rsquo;avait pas fond\u00e9e lui-m\u00eame mais \u00e0 laquelle il esp\u00e9rait rendre visite prochainement), une pr\u00e9sentation coh\u00e9rente [&hellip;]<\/p>\n","protected":false},"author":2,"featured_media":2250,"comment_status":"open","ping_status":"open","sticky":false,"template":"","format":"standard","meta":{"_acf_changed":false,"_eb_attr":"","advgb_blocks_editor_width":"","advgb_blocks_columns_visual_guide":"","footnotes":""},"categories":[90],"tags":[651,559],"video":[],"audio":[],"ecrit":[],"mis-en-avant":[],"redacteur":[],"type-darticle":[],"class_list":["post-264","post","type-post","status-publish","format-standard","has-post-thumbnail","hentry","category-introduction-aux-livres-bibliques","tag-ecrit","tag-romains"],"blocksy_meta":[],"acf":[],"featured_image_src":"https:\/\/www.creusonslabible.fr\/wp-content\/uploads\/2012\/07\/Romains-1.jpg","author_info":{"display_name":"caillou","author_link":"https:\/\/www.creusonslabible.fr\/?author=2"},"author_meta":{"display_name":"caillou","author_link":"https:\/\/www.creusonslabible.fr\/?author=2"},"featured_img":"https:\/\/www.creusonslabible.fr\/wp-content\/uploads\/2012\/07\/Romains-1.jpg","coauthors":[],"tax_additional":{"categories":{"linked":["<a href=\"https:\/\/www.creusonslabible.fr\/?cat=90\" class=\"advgb-post-tax-term\">Introduction aux livres Bibliques<\/a>"],"unlinked":["<span class=\"advgb-post-tax-term\">Introduction aux livres Bibliques<\/span>"]},"tags":{"linked":["<a href=\"https:\/\/www.creusonslabible.fr\/?cat=90\" class=\"advgb-post-tax-term\">\u00e9crit<\/a>","<a href=\"https:\/\/www.creusonslabible.fr\/?cat=90\" class=\"advgb-post-tax-term\">romains<\/a>"],"unlinked":["<span class=\"advgb-post-tax-term\">\u00e9crit<\/span>","<span class=\"advgb-post-tax-term\">romains<\/span>"]}},"comment_count":"0","relative_dates":{"created":"Publi\u00e9 14 ans il y a","modified":"Mis \u00e0 jour 1 an il y a"},"absolute_dates":{"created":"Publi\u00e9 le 5 juillet 2012","modified":"Mise \u00e0 jour le 24 janvier 2025"},"absolute_dates_time":{"created":"Publi\u00e9 le 5 juillet 2012 15h29","modified":"Mise \u00e0 jour le 24 janvier 2025 11h10"},"featured_img_caption":"","series_order":"","meta_box":[],"_links":{"self":[{"href":"https:\/\/www.creusonslabible.fr\/index.php?rest_route=\/wp\/v2\/posts\/264","targetHints":{"allow":["GET"]}}],"collection":[{"href":"https:\/\/www.creusonslabible.fr\/index.php?rest_route=\/wp\/v2\/posts"}],"about":[{"href":"https:\/\/www.creusonslabible.fr\/index.php?rest_route=\/wp\/v2\/types\/post"}],"author":[{"embeddable":true,"href":"https:\/\/www.creusonslabible.fr\/index.php?rest_route=\/wp\/v2\/users\/2"}],"replies":[{"embeddable":true,"href":"https:\/\/www.creusonslabible.fr\/index.php?rest_route=%2Fwp%2Fv2%2Fcomments&post=264"}],"version-history":[{"count":1,"href":"https:\/\/www.creusonslabible.fr\/index.php?rest_route=\/wp\/v2\/posts\/264\/revisions"}],"predecessor-version":[{"id":10787,"href":"https:\/\/www.creusonslabible.fr\/index.php?rest_route=\/wp\/v2\/posts\/264\/revisions\/10787"}],"wp:featuredmedia":[{"embeddable":true,"href":"https:\/\/www.creusonslabible.fr\/index.php?rest_route=\/wp\/v2\/media\/2250"}],"wp:attachment":[{"href":"https:\/\/www.creusonslabible.fr\/index.php?rest_route=%2Fwp%2Fv2%2Fmedia&parent=264"}],"wp:term":[{"taxonomy":"category","embeddable":true,"href":"https:\/\/www.creusonslabible.fr\/index.php?rest_route=%2Fwp%2Fv2%2Fcategories&post=264"},{"taxonomy":"post_tag","embeddable":true,"href":"https:\/\/www.creusonslabible.fr\/index.php?rest_route=%2Fwp%2Fv2%2Ftags&post=264"},{"taxonomy":"video","embeddable":true,"href":"https:\/\/www.creusonslabible.fr\/index.php?rest_route=%2Fwp%2Fv2%2Fvideo&post=264"},{"taxonomy":"audio","embeddable":true,"href":"https:\/\/www.creusonslabible.fr\/index.php?rest_route=%2Fwp%2Fv2%2Faudio&post=264"},{"taxonomy":"ecrit","embeddable":true,"href":"https:\/\/www.creusonslabible.fr\/index.php?rest_route=%2Fwp%2Fv2%2Fecrit&post=264"},{"taxonomy":"mis-en-avant","embeddable":true,"href":"https:\/\/www.creusonslabible.fr\/index.php?rest_route=%2Fwp%2Fv2%2Fmis-en-avant&post=264"},{"taxonomy":"redacteur","embeddable":true,"href":"https:\/\/www.creusonslabible.fr\/index.php?rest_route=%2Fwp%2Fv2%2Fredacteur&post=264"},{"taxonomy":"type-darticle","embeddable":true,"href":"https:\/\/www.creusonslabible.fr\/index.php?rest_route=%2Fwp%2Fv2%2Ftype-darticle&post=264"}],"curies":[{"name":"wp","href":"https:\/\/api.w.org\/{rel}","templated":true}]}}