{"id":268,"date":"2012-07-05T15:33:13","date_gmt":"2012-07-05T15:33:13","guid":{"rendered":"http:\/\/elearning.gbu.fr\/?p=268"},"modified":"2025-01-24T11:10:14","modified_gmt":"2025-01-24T09:10:14","slug":"luc","status":"publish","type":"post","link":"https:\/\/www.creusonslabible.fr\/?p=268","title":{"rendered":"Luc"},"content":{"rendered":"<p><span style=\"font-family: Arial,sans-serif;\">Le niveau de langue et le style de cet \u00c9vangile d\u00e9montrent qu&rsquo;il a \u00e9t\u00e9 \u00e9crit par l&rsquo;auteur grec qui r\u00e9digea aussi les Actes des ap\u00f4tres. Comme on le voit dans les Actes, il \u00e9tait compagnon de Paul. Seul Luc, \u00ab\u00a0le m\u00e9decin bien-aim\u00e9\u00a0\u00bb, remplit ces conditions\u00a0: n&rsquo;\u00e9tant pas quelqu&rsquo;un de consid\u00e9r\u00e9, rien n&rsquo;aurait incit\u00e9 \u00e0 lui attribuer cet \u00c9vangile s\u2019il n&rsquo;en avait pas \u00e9t\u00e9 r\u00e9ellement l&rsquo;auteur.<!--more--><\/span><\/p>\n<p><span style=\"font-family: Arial,sans-serif;\">L&rsquo;explication la plus probable au caract\u00e8re abrupt de la fin des Actes est que Luc ait voulu le terminer par un fait d\u2019actualit\u00e9 alors que Paul en \u00e9tait encore \u00e0 son premier emprisonnement \u00e0 Rome. Cela donnerait la date d&rsquo;environ 62 ap. J.-C. pour les Actes et au moins un an ou deux avant pour l\u2019\u00c9vangile. <\/span><\/p>\n<p><span style=\"font-family: Arial,sans-serif;\">Cet \u00c9vangile insiste particuli\u00e8rement sur la nature humaine du Seigneur J\u00e9sus, tout en t\u00e9moignant \u00e9galement de sa divinit\u00e9 (voir, par exemple, 10.21-22\u00a0; 24.26, 49). Sa sympathie pour ceux qui souffrent, pour ceux qui sont dans le deuil, et pour ceux qui sont m\u00e9pris\u00e9s et rejet\u00e9s, y appara\u00eet clairement. D&rsquo;autre part, la nature universelle de l&rsquo;\u00c9vangile, qui s&rsquo;adresse aux samaritains et aux pa\u00efens autant qu&rsquo;aux juifs, est nettement mise en valeur. L&rsquo;offre gratuite du salut et l&rsquo;impossibilit\u00e9 de l&rsquo;acqu\u00e9rir par ses propres m\u00e9rites apparaissent \u00e0 plus d&rsquo;une occasion (par exemple 15.11-32, 17.7-10, 18.9-14, 23.39-43).<\/span><\/p>\n<h1 align=\"LEFT\"><span style=\"font-family: Arial,sans-serif;\">Plan <\/span><\/h1>\n<p><span style=\"font-family: Arial,sans-serif;\">1.1-2.52 Naissance et enfance de J\u00e9sus et de Jean-Baptiste.<\/span><\/p>\n<p><span style=\"font-family: Arial,sans-serif;\">3.1-4.13 Pr\u00e9dication de Jean-Baptiste. Bapt\u00eame et tentation du Seigneur.<\/span><\/p>\n<p><span style=\"font-family: Arial,sans-serif;\">4.14-9.50 Le minist\u00e8re en Galil\u00e9e. <\/span><\/p>\n<p><span style=\"font-family: Arial,sans-serif;\">9.51-19.28 Le d\u00e9placement vers J\u00e9rusalem. <\/span><\/p>\n<p><span style=\"font-family: Arial,sans-serif;\">19.29-21.38 Fin de la phase d\u2019enseignement public.<\/span><\/p>\n<p><span style=\"font-family: Arial,sans-serif;\">22.1-24.53 La C\u00e8ne. Arrestation, proc\u00e8s, mort et r\u00e9surrection du Seigneur.<\/span><\/p>\n<p>&nbsp;<\/p>\n","protected":false},"excerpt":{"rendered":"<p>Le niveau de langue et le style de cet \u00c9vangile d\u00e9montrent qu&rsquo;il a \u00e9t\u00e9 \u00e9crit par l&rsquo;auteur grec qui r\u00e9digea aussi les Actes des ap\u00f4tres. Comme on le voit dans les Actes, il \u00e9tait compagnon de Paul. Seul Luc, \u00ab\u00a0le m\u00e9decin bien-aim\u00e9\u00a0\u00bb, remplit ces conditions\u00a0: n&rsquo;\u00e9tant pas quelqu&rsquo;un de consid\u00e9r\u00e9, rien n&rsquo;aurait incit\u00e9 \u00e0 lui [&hellip;]<\/p>\n","protected":false},"author":2,"featured_media":2136,"comment_status":"open","ping_status":"open","sticky":false,"template":"","format":"standard","meta":{"_acf_changed":false,"_eb_attr":"","advgb_blocks_editor_width":"","advgb_blocks_columns_visual_guide":"","footnotes":""},"categories":[90],"tags":[651,22],"video":[],"audio":[],"ecrit":[],"mis-en-avant":[],"redacteur":[],"type-darticle":[],"class_list":["post-268","post","type-post","status-publish","format-standard","has-post-thumbnail","hentry","category-introduction-aux-livres-bibliques","tag-ecrit","tag-luc"],"blocksy_meta":[],"acf":[],"featured_image_src":"https:\/\/www.creusonslabible.fr\/wp-content\/uploads\/2012\/07\/Luc-1.jpg","author_info":{"display_name":"caillou","author_link":"https:\/\/www.creusonslabible.fr\/?author=2"},"author_meta":{"display_name":"caillou","author_link":"https:\/\/www.creusonslabible.fr\/?author=2"},"featured_img":"https:\/\/www.creusonslabible.fr\/wp-content\/uploads\/2012\/07\/Luc-1.jpg","coauthors":[],"tax_additional":{"categories":{"linked":["<a href=\"https:\/\/www.creusonslabible.fr\/?cat=90\" class=\"advgb-post-tax-term\">Introduction aux livres Bibliques<\/a>"],"unlinked":["<span class=\"advgb-post-tax-term\">Introduction aux livres Bibliques<\/span>"]},"tags":{"linked":["<a href=\"https:\/\/www.creusonslabible.fr\/?cat=90\" class=\"advgb-post-tax-term\">\u00e9crit<\/a>","<a href=\"https:\/\/www.creusonslabible.fr\/?cat=90\" class=\"advgb-post-tax-term\">Luc<\/a>"],"unlinked":["<span class=\"advgb-post-tax-term\">\u00e9crit<\/span>","<span class=\"advgb-post-tax-term\">Luc<\/span>"]}},"comment_count":"0","relative_dates":{"created":"Publi\u00e9 14 ans il y a","modified":"Mis \u00e0 jour 1 an il y a"},"absolute_dates":{"created":"Publi\u00e9 le 5 juillet 2012","modified":"Mise \u00e0 jour le 24 janvier 2025"},"absolute_dates_time":{"created":"Publi\u00e9 le 5 juillet 2012 15h33","modified":"Mise \u00e0 jour le 24 janvier 2025 11h10"},"featured_img_caption":"","series_order":"","meta_box":[],"_links":{"self":[{"href":"https:\/\/www.creusonslabible.fr\/index.php?rest_route=\/wp\/v2\/posts\/268","targetHints":{"allow":["GET"]}}],"collection":[{"href":"https:\/\/www.creusonslabible.fr\/index.php?rest_route=\/wp\/v2\/posts"}],"about":[{"href":"https:\/\/www.creusonslabible.fr\/index.php?rest_route=\/wp\/v2\/types\/post"}],"author":[{"embeddable":true,"href":"https:\/\/www.creusonslabible.fr\/index.php?rest_route=\/wp\/v2\/users\/2"}],"replies":[{"embeddable":true,"href":"https:\/\/www.creusonslabible.fr\/index.php?rest_route=%2Fwp%2Fv2%2Fcomments&post=268"}],"version-history":[{"count":1,"href":"https:\/\/www.creusonslabible.fr\/index.php?rest_route=\/wp\/v2\/posts\/268\/revisions"}],"predecessor-version":[{"id":10784,"href":"https:\/\/www.creusonslabible.fr\/index.php?rest_route=\/wp\/v2\/posts\/268\/revisions\/10784"}],"wp:featuredmedia":[{"embeddable":true,"href":"https:\/\/www.creusonslabible.fr\/index.php?rest_route=\/wp\/v2\/media\/2136"}],"wp:attachment":[{"href":"https:\/\/www.creusonslabible.fr\/index.php?rest_route=%2Fwp%2Fv2%2Fmedia&parent=268"}],"wp:term":[{"taxonomy":"category","embeddable":true,"href":"https:\/\/www.creusonslabible.fr\/index.php?rest_route=%2Fwp%2Fv2%2Fcategories&post=268"},{"taxonomy":"post_tag","embeddable":true,"href":"https:\/\/www.creusonslabible.fr\/index.php?rest_route=%2Fwp%2Fv2%2Ftags&post=268"},{"taxonomy":"video","embeddable":true,"href":"https:\/\/www.creusonslabible.fr\/index.php?rest_route=%2Fwp%2Fv2%2Fvideo&post=268"},{"taxonomy":"audio","embeddable":true,"href":"https:\/\/www.creusonslabible.fr\/index.php?rest_route=%2Fwp%2Fv2%2Faudio&post=268"},{"taxonomy":"ecrit","embeddable":true,"href":"https:\/\/www.creusonslabible.fr\/index.php?rest_route=%2Fwp%2Fv2%2Fecrit&post=268"},{"taxonomy":"mis-en-avant","embeddable":true,"href":"https:\/\/www.creusonslabible.fr\/index.php?rest_route=%2Fwp%2Fv2%2Fmis-en-avant&post=268"},{"taxonomy":"redacteur","embeddable":true,"href":"https:\/\/www.creusonslabible.fr\/index.php?rest_route=%2Fwp%2Fv2%2Fredacteur&post=268"},{"taxonomy":"type-darticle","embeddable":true,"href":"https:\/\/www.creusonslabible.fr\/index.php?rest_route=%2Fwp%2Fv2%2Ftype-darticle&post=268"}],"curies":[{"name":"wp","href":"https:\/\/api.w.org\/{rel}","templated":true}]}}