{"id":271,"date":"2012-07-05T15:35:20","date_gmt":"2012-07-05T15:35:20","guid":{"rendered":"http:\/\/elearning.gbu.fr\/?p=271"},"modified":"2025-01-24T11:10:14","modified_gmt":"2025-01-24T09:10:14","slug":"marc","status":"publish","type":"post","link":"https:\/\/www.creusonslabible.fr\/?p=271","title":{"rendered":"Marc"},"content":{"rendered":"<p><span style=\"font-family: Arial,sans-serif;\">On consid\u00e8re g\u00e9n\u00e9ralement que cet \u00c9vangile a \u00e9t\u00e9 \u00e9crit par Jean-Marc, le neveu de Barnabas, et que sa r\u00e9daction a pr\u00e9c\u00e9d\u00e9 celle des trois autres \u00c9vangiles. D&rsquo;apr\u00e8s la tradition, il est bas\u00e9 sur l&rsquo;enseignement de l&rsquo;ap\u00f4tre Pierre, dont Marc \u00e9tait devenu le porte-parole (<em>cf.<\/em> 1\u00a0P 5.13), et il a \u00e9t\u00e9 \u00e9crit \u00e0 Rome pour l&rsquo;\u00e9glise de cette ville. <!--more--><\/span><\/p>\n<p><span style=\"font-family: Arial,sans-serif;\">L&rsquo;\u00c9vangile commence par un court compte-rendu pr\u00e9liminaire du minist\u00e8re de Jean-Baptiste, puis du bapt\u00eame et de la tentation de J\u00e9sus\u00a0; apr\u00e8s quoi, il aborde son minist\u00e8re public en Galil\u00e9e. De m\u00eame que les autres \u00c9vangiles, il accorde une place relativement grande aux souffrances, \u00e0 la mort et \u00e0 la r\u00e9surrection de J\u00e9sus.<\/span><\/p>\n<p><span style=\"font-family: Arial,sans-serif;\">Le c\u0153ur de l&rsquo;histoire est la confession de Pierre\u00a0: \u00ab Tu es le Christ \u00bb (8.27-29). Jusqu&rsquo;\u00e0 ce point-l\u00e0, elle raconte l&rsquo;activit\u00e9 de pr\u00e9dication et de gu\u00e9rison du Seigneur. Mais apr\u00e8s la confession de Pierre, J\u00e9sus fait savoir aux Douze qu&rsquo;il doit souffrir et mourir, puis ressusciter le troisi\u00e8me jour, et qu\u2019il a dor\u00e9navant les yeux fix\u00e9s vers la croix. Les disciples ne le comprennent pas, et le travail de J\u00e9sus dans cette deuxi\u00e8me moiti\u00e9 de l&rsquo;\u00c9vangile consiste essentiellement \u00e0 enseigner ses disciples, et \u00e0 les d\u00e9barrasser des fausses conceptions concernant le royaume des cieux qui encombrent leur esprit.<\/span><\/p>\n<p><span style=\"font-family: Arial,sans-serif;\">Les derniers versets de l&rsquo;\u00c9vangile ne semblent pas \u00eatre la fin qui \u00e9tait celle du manuscrit original (quelques manuscrits anciens s&rsquo;arr\u00eatent \u00e0 16.8, et d&rsquo;autres ont un paragraphe final qui est diff\u00e9rent). Cependant, ces versets contiennent le grand ordre missionnaire, et ne peuvent pas \u00eatre rejet\u00e9s a priori.<\/span><\/p>\n<p>&nbsp;<\/p>\n<p>&nbsp;<\/p>\n<h1 align=\"LEFT\"><span style=\"font-family: Arial,sans-serif;\">Plan<\/span><\/h1>\n<p>&nbsp;<\/p>\n<p><span style=\"font-family: Arial,sans-serif;\">1.1-13 La pr\u00e9paration.<\/span><\/p>\n<p><span style=\"font-family: Arial,sans-serif;\">1.14-45 Commencement du minist\u00e8re de J\u00e9sus en Galil\u00e9e.<\/span><\/p>\n<p><span style=\"font-family: Arial,sans-serif;\">2.1-3.6 D\u00e9but de l&rsquo;opposition.<\/span><\/p>\n<p><span style=\"font-family: Arial,sans-serif;\">3.7-4.34 \u00c9v\u00e9nements importants.<\/span><\/p>\n<p><span style=\"font-family: Arial,sans-serif;\">4.35-6.6 Les \u0153uvres de puissance de J\u00e9sus.<\/span><\/p>\n<p><span style=\"font-family: Arial,sans-serif;\">6.7-56 Crise et apog\u00e9e du minist\u00e8re en Galil\u00e9e.<\/span><\/p>\n<p><span style=\"font-family: Arial,sans-serif;\">7.1-8.26 Conflit avec les pharisiens et d\u00e9part de Galil\u00e9e.<\/span><\/p>\n<p><span style=\"font-family: Arial,sans-serif;\">8.27-9.50 Confession de Pierre. J\u00e9sus attire l&rsquo;attention des disciples vers la croix.<\/span><\/p>\n<p><span style=\"font-family: Arial,sans-serif;\">10.1-52 D\u00e9placement vers J\u00e9rusalem. <\/span><\/p>\n<p><span style=\"font-family: Arial,sans-serif;\">11.1 \u2013 12.44 Entr\u00e9e \u00e0 J\u00e9rusalem, et derniers jours de minist\u00e8re dans cette ville.<\/span><\/p>\n<p><span style=\"font-family: Arial,sans-serif;\">13.1-37 J\u00e9sus parle de l&rsquo;avenir.<\/span><\/p>\n<p><span style=\"font-family: Arial,sans-serif;\">14.1-15.15 Trahison, arrestation et proc\u00e8s.<\/span><\/p>\n<p><span style=\"font-family: Arial,sans-serif;\">15.16-16.20 Mort, r\u00e9surrection et ascension.<\/span><\/p>\n","protected":false},"excerpt":{"rendered":"<p>On consid\u00e8re g\u00e9n\u00e9ralement que cet \u00c9vangile a \u00e9t\u00e9 \u00e9crit par Jean-Marc, le neveu de Barnabas, et que sa r\u00e9daction a pr\u00e9c\u00e9d\u00e9 celle des trois autres \u00c9vangiles. D&rsquo;apr\u00e8s la tradition, il est bas\u00e9 sur l&rsquo;enseignement de l&rsquo;ap\u00f4tre Pierre, dont Marc \u00e9tait devenu le porte-parole (cf. 1\u00a0P 5.13), et il a \u00e9t\u00e9 \u00e9crit \u00e0 Rome pour l&rsquo;\u00e9glise [&hellip;]<\/p>\n","protected":false},"author":2,"featured_media":2134,"comment_status":"open","ping_status":"open","sticky":false,"template":"","format":"standard","meta":{"_acf_changed":false,"_eb_attr":"","advgb_blocks_editor_width":"","advgb_blocks_columns_visual_guide":"","footnotes":""},"categories":[90],"tags":[651,695],"video":[],"audio":[],"ecrit":[],"mis-en-avant":[],"redacteur":[],"type-darticle":[],"class_list":["post-271","post","type-post","status-publish","format-standard","has-post-thumbnail","hentry","category-introduction-aux-livres-bibliques","tag-ecrit","tag-marc"],"blocksy_meta":[],"acf":[],"featured_image_src":"https:\/\/www.creusonslabible.fr\/wp-content\/uploads\/2012\/07\/Marc-1.jpg","author_info":{"display_name":"caillou","author_link":"https:\/\/www.creusonslabible.fr\/?author=2"},"author_meta":{"display_name":"caillou","author_link":"https:\/\/www.creusonslabible.fr\/?author=2"},"featured_img":"https:\/\/www.creusonslabible.fr\/wp-content\/uploads\/2012\/07\/Marc-1.jpg","coauthors":[],"tax_additional":{"categories":{"linked":["<a href=\"https:\/\/www.creusonslabible.fr\/?cat=90\" class=\"advgb-post-tax-term\">Introduction aux livres Bibliques<\/a>"],"unlinked":["<span class=\"advgb-post-tax-term\">Introduction aux livres Bibliques<\/span>"]},"tags":{"linked":["<a href=\"https:\/\/www.creusonslabible.fr\/?cat=90\" class=\"advgb-post-tax-term\">\u00e9crit<\/a>","<a href=\"https:\/\/www.creusonslabible.fr\/?cat=90\" class=\"advgb-post-tax-term\">Marc<\/a>"],"unlinked":["<span class=\"advgb-post-tax-term\">\u00e9crit<\/span>","<span class=\"advgb-post-tax-term\">Marc<\/span>"]}},"comment_count":"0","relative_dates":{"created":"Publi\u00e9 14 ans il y a","modified":"Mis \u00e0 jour 1 an il y a"},"absolute_dates":{"created":"Publi\u00e9 le 5 juillet 2012","modified":"Mise \u00e0 jour le 24 janvier 2025"},"absolute_dates_time":{"created":"Publi\u00e9 le 5 juillet 2012 15h35","modified":"Mise \u00e0 jour le 24 janvier 2025 11h10"},"featured_img_caption":"","series_order":"","meta_box":[],"_links":{"self":[{"href":"https:\/\/www.creusonslabible.fr\/index.php?rest_route=\/wp\/v2\/posts\/271","targetHints":{"allow":["GET"]}}],"collection":[{"href":"https:\/\/www.creusonslabible.fr\/index.php?rest_route=\/wp\/v2\/posts"}],"about":[{"href":"https:\/\/www.creusonslabible.fr\/index.php?rest_route=\/wp\/v2\/types\/post"}],"author":[{"embeddable":true,"href":"https:\/\/www.creusonslabible.fr\/index.php?rest_route=\/wp\/v2\/users\/2"}],"replies":[{"embeddable":true,"href":"https:\/\/www.creusonslabible.fr\/index.php?rest_route=%2Fwp%2Fv2%2Fcomments&post=271"}],"version-history":[{"count":1,"href":"https:\/\/www.creusonslabible.fr\/index.php?rest_route=\/wp\/v2\/posts\/271\/revisions"}],"predecessor-version":[{"id":10783,"href":"https:\/\/www.creusonslabible.fr\/index.php?rest_route=\/wp\/v2\/posts\/271\/revisions\/10783"}],"wp:featuredmedia":[{"embeddable":true,"href":"https:\/\/www.creusonslabible.fr\/index.php?rest_route=\/wp\/v2\/media\/2134"}],"wp:attachment":[{"href":"https:\/\/www.creusonslabible.fr\/index.php?rest_route=%2Fwp%2Fv2%2Fmedia&parent=271"}],"wp:term":[{"taxonomy":"category","embeddable":true,"href":"https:\/\/www.creusonslabible.fr\/index.php?rest_route=%2Fwp%2Fv2%2Fcategories&post=271"},{"taxonomy":"post_tag","embeddable":true,"href":"https:\/\/www.creusonslabible.fr\/index.php?rest_route=%2Fwp%2Fv2%2Ftags&post=271"},{"taxonomy":"video","embeddable":true,"href":"https:\/\/www.creusonslabible.fr\/index.php?rest_route=%2Fwp%2Fv2%2Fvideo&post=271"},{"taxonomy":"audio","embeddable":true,"href":"https:\/\/www.creusonslabible.fr\/index.php?rest_route=%2Fwp%2Fv2%2Faudio&post=271"},{"taxonomy":"ecrit","embeddable":true,"href":"https:\/\/www.creusonslabible.fr\/index.php?rest_route=%2Fwp%2Fv2%2Fecrit&post=271"},{"taxonomy":"mis-en-avant","embeddable":true,"href":"https:\/\/www.creusonslabible.fr\/index.php?rest_route=%2Fwp%2Fv2%2Fmis-en-avant&post=271"},{"taxonomy":"redacteur","embeddable":true,"href":"https:\/\/www.creusonslabible.fr\/index.php?rest_route=%2Fwp%2Fv2%2Fredacteur&post=271"},{"taxonomy":"type-darticle","embeddable":true,"href":"https:\/\/www.creusonslabible.fr\/index.php?rest_route=%2Fwp%2Fv2%2Ftype-darticle&post=271"}],"curies":[{"name":"wp","href":"https:\/\/api.w.org\/{rel}","templated":true}]}}