{"id":273,"date":"2012-07-05T15:36:32","date_gmt":"2012-07-05T15:36:32","guid":{"rendered":"http:\/\/elearning.gbu.fr\/?p=273"},"modified":"2025-01-24T11:10:14","modified_gmt":"2025-01-24T09:10:14","slug":"matthieu","status":"publish","type":"post","link":"https:\/\/www.creusonslabible.fr\/?p=273","title":{"rendered":"Matthieu"},"content":{"rendered":"<p><span style=\"font-family: Arial,sans-serif;\">On a l&rsquo;habitude de retenir de l&rsquo;\u00c9vangile de Matthieu le fait que J\u00e9sus y est pr\u00e9sent\u00e9 tout particuli\u00e8rement comme le Messie, le fils de David qui avait \u00e9t\u00e9 promis. Cela est vrai\u00a0; mais cet \u00c9vangile d\u00e9clare \u00e9galement qu&rsquo;il sauve du p\u00e9ch\u00e9 (1.21) et qu\u2019il est le Fils de Dieu (1.23\u00a0; 3.17\u00a0; 16.16-17). <!--more-->Et m\u00eame si l&rsquo;auteur \u00e9tait manifestement juif jusqu&rsquo;au bout des ongles, et qu\u2019il \u00e9crivait essentiellement pour des chr\u00e9tiens juifs, il reconna\u00eet que J\u00e9sus est le Sauveur, pas simplement des Juifs, mais de toutes les nations (2.1, 11; 28.19-20). Cependant il n\u2019en reste pas moins que l&rsquo;\u00c9vangile de Matthieu est le plus juif de tous les \u00c9vangiles. Il est significatif \u00e0 cet \u00e9gard que la g\u00e9n\u00e9alogie de notre Seigneur y est retrac\u00e9e, non pas \u00e0 partir d\u2019Adam, comme dans le r\u00e9cit de Luc, mais \u00e0 partir d&rsquo;Abraham, le p\u00e8re de la race juive.<\/span><\/p>\n<p><span style=\"font-family: Arial,sans-serif;\">Certaines indications montrent clairement que l&rsquo;histoire de la naissance de J\u00e9sus-Christ est racont\u00e9e du point de vue de Joseph, alors que la version fournie par Luc semble \u00eatre celui de Marie. L&rsquo;\u00c9vangile de Matthieu est caract\u00e9ris\u00e9 par la place importante qu&rsquo;il accorde \u00e0 l&rsquo;enseignement de notre Seigneur, et en particulier par le biais de paraboles et par rapport aux \u00ab\u00a0choses \u00e0 venir\u00a0\u00bb.<\/span><\/p>\n<h1 align=\"LEFT\"><span style=\"font-family: Arial,sans-serif;\">Plan<\/span><\/h1>\n<p>&nbsp;<\/p>\n<p><span style=\"font-family: Arial,sans-serif;\">1.4-4.11 D\u00e9but de la vie du Messie.<\/span><\/p>\n<p><span style=\"font-family: Arial,sans-serif;\">1-2 G\u00e9n\u00e9alogie, naissance, \u00e9pisodes de l\u2019enfance.<\/span><\/p>\n<p><span style=\"font-family: Arial,sans-serif;\">3.1-12 Jean-Baptiste annonce son minist\u00e8re.<\/span><\/p>\n<p><span style=\"font-family: Arial,sans-serif;\">3.13-4.11 Bapt\u00eame et tentation. <\/span><\/p>\n<p><span style=\"font-family: Arial,sans-serif;\">4.12-16.12 Minist\u00e8re en Galil\u00e9e.<\/span><\/p>\n<p><span style=\"font-family: Arial,sans-serif;\">4.12-25 Pr\u00e9dication, et appel des disciples.<\/span><\/p>\n<p><span style=\"font-family: Arial,sans-serif;\">5-7 Le Sermon sur la Montagne : l\u2019explication du royaume. <\/span><\/p>\n<p align=\"LEFT\"><span style=\"font-family: Arial,sans-serif;\">8.1-16.12 Enseignement, pr\u00e9dication et gu\u00e9risons, surtout en Galil\u00e9e. Mission et envoi des Douze. Opposition croissante.<\/span><\/p>\n<p><span style=\"font-family: Arial,sans-serif;\">16.13-18.35 Confession de Pierre. Pr\u00e9dication de la croix. La transfiguration. Formation des Douze.<\/span><\/p>\n<p><span style=\"font-family: Arial,sans-serif;\">19.1-21.16 Voyage vers J\u00e9rusalem et entr\u00e9e dans la ville. <\/span><\/p>\n<p><span style=\"font-family: Arial,sans-serif;\">21.17-25.46 Derniers jours \u00e0 J\u00e9rusalem.<\/span><\/p>\n","protected":false},"excerpt":{"rendered":"<p>On a l&rsquo;habitude de retenir de l&rsquo;\u00c9vangile de Matthieu le fait que J\u00e9sus y est pr\u00e9sent\u00e9 tout particuli\u00e8rement comme le Messie, le fils de David qui avait \u00e9t\u00e9 promis. Cela est vrai\u00a0; mais cet \u00c9vangile d\u00e9clare \u00e9galement qu&rsquo;il sauve du p\u00e9ch\u00e9 (1.21) et qu\u2019il est le Fils de Dieu (1.23\u00a0; 3.17\u00a0; 16.16-17).<\/p>\n","protected":false},"author":2,"featured_media":2132,"comment_status":"open","ping_status":"open","sticky":false,"template":"","format":"standard","meta":{"_acf_changed":false,"_eb_attr":"","advgb_blocks_editor_width":"","advgb_blocks_columns_visual_guide":"","footnotes":""},"categories":[90],"tags":[651,408],"video":[],"audio":[],"ecrit":[],"mis-en-avant":[],"redacteur":[],"type-darticle":[],"class_list":["post-273","post","type-post","status-publish","format-standard","has-post-thumbnail","hentry","category-introduction-aux-livres-bibliques","tag-ecrit","tag-matthieu"],"blocksy_meta":[],"acf":[],"featured_image_src":"https:\/\/www.creusonslabible.fr\/wp-content\/uploads\/2012\/07\/Matthieu-1.jpg","author_info":{"display_name":"caillou","author_link":"https:\/\/www.creusonslabible.fr\/?author=2"},"author_meta":{"display_name":"caillou","author_link":"https:\/\/www.creusonslabible.fr\/?author=2"},"featured_img":"https:\/\/www.creusonslabible.fr\/wp-content\/uploads\/2012\/07\/Matthieu-1.jpg","coauthors":[],"tax_additional":{"categories":{"linked":["<a href=\"https:\/\/www.creusonslabible.fr\/?cat=90\" class=\"advgb-post-tax-term\">Introduction aux livres Bibliques<\/a>"],"unlinked":["<span class=\"advgb-post-tax-term\">Introduction aux livres Bibliques<\/span>"]},"tags":{"linked":["<a href=\"https:\/\/www.creusonslabible.fr\/?cat=90\" class=\"advgb-post-tax-term\">\u00e9crit<\/a>","<a href=\"https:\/\/www.creusonslabible.fr\/?cat=90\" class=\"advgb-post-tax-term\">Matthieu<\/a>"],"unlinked":["<span class=\"advgb-post-tax-term\">\u00e9crit<\/span>","<span class=\"advgb-post-tax-term\">Matthieu<\/span>"]}},"comment_count":"0","relative_dates":{"created":"Publi\u00e9 14 ans il y a","modified":"Mis \u00e0 jour 1 an il y a"},"absolute_dates":{"created":"Publi\u00e9 le 5 juillet 2012","modified":"Mise \u00e0 jour le 24 janvier 2025"},"absolute_dates_time":{"created":"Publi\u00e9 le 5 juillet 2012 15h36","modified":"Mise \u00e0 jour le 24 janvier 2025 11h10"},"featured_img_caption":"","series_order":"","meta_box":[],"_links":{"self":[{"href":"https:\/\/www.creusonslabible.fr\/index.php?rest_route=\/wp\/v2\/posts\/273","targetHints":{"allow":["GET"]}}],"collection":[{"href":"https:\/\/www.creusonslabible.fr\/index.php?rest_route=\/wp\/v2\/posts"}],"about":[{"href":"https:\/\/www.creusonslabible.fr\/index.php?rest_route=\/wp\/v2\/types\/post"}],"author":[{"embeddable":true,"href":"https:\/\/www.creusonslabible.fr\/index.php?rest_route=\/wp\/v2\/users\/2"}],"replies":[{"embeddable":true,"href":"https:\/\/www.creusonslabible.fr\/index.php?rest_route=%2Fwp%2Fv2%2Fcomments&post=273"}],"version-history":[{"count":1,"href":"https:\/\/www.creusonslabible.fr\/index.php?rest_route=\/wp\/v2\/posts\/273\/revisions"}],"predecessor-version":[{"id":10782,"href":"https:\/\/www.creusonslabible.fr\/index.php?rest_route=\/wp\/v2\/posts\/273\/revisions\/10782"}],"wp:featuredmedia":[{"embeddable":true,"href":"https:\/\/www.creusonslabible.fr\/index.php?rest_route=\/wp\/v2\/media\/2132"}],"wp:attachment":[{"href":"https:\/\/www.creusonslabible.fr\/index.php?rest_route=%2Fwp%2Fv2%2Fmedia&parent=273"}],"wp:term":[{"taxonomy":"category","embeddable":true,"href":"https:\/\/www.creusonslabible.fr\/index.php?rest_route=%2Fwp%2Fv2%2Fcategories&post=273"},{"taxonomy":"post_tag","embeddable":true,"href":"https:\/\/www.creusonslabible.fr\/index.php?rest_route=%2Fwp%2Fv2%2Ftags&post=273"},{"taxonomy":"video","embeddable":true,"href":"https:\/\/www.creusonslabible.fr\/index.php?rest_route=%2Fwp%2Fv2%2Fvideo&post=273"},{"taxonomy":"audio","embeddable":true,"href":"https:\/\/www.creusonslabible.fr\/index.php?rest_route=%2Fwp%2Fv2%2Faudio&post=273"},{"taxonomy":"ecrit","embeddable":true,"href":"https:\/\/www.creusonslabible.fr\/index.php?rest_route=%2Fwp%2Fv2%2Fecrit&post=273"},{"taxonomy":"mis-en-avant","embeddable":true,"href":"https:\/\/www.creusonslabible.fr\/index.php?rest_route=%2Fwp%2Fv2%2Fmis-en-avant&post=273"},{"taxonomy":"redacteur","embeddable":true,"href":"https:\/\/www.creusonslabible.fr\/index.php?rest_route=%2Fwp%2Fv2%2Fredacteur&post=273"},{"taxonomy":"type-darticle","embeddable":true,"href":"https:\/\/www.creusonslabible.fr\/index.php?rest_route=%2Fwp%2Fv2%2Ftype-darticle&post=273"}],"curies":[{"name":"wp","href":"https:\/\/api.w.org\/{rel}","templated":true}]}}