{"id":2842,"date":"2013-12-18T13:36:34","date_gmt":"2013-12-18T13:36:34","guid":{"rendered":"http:\/\/www.creusonslabible.fr\/?p=2842"},"modified":"2025-01-24T11:46:24","modified_gmt":"2025-01-24T09:46:24","slug":"marc-9-14-29-un-pere-desespere","status":"publish","type":"post","link":"https:\/\/www.creusonslabible.fr\/?p=2842","title":{"rendered":"Marc 9.14-29 &#8211; Un P\u00e8re d\u00e9sesp\u00e9r\u00e9"},"content":{"rendered":"<p style=\"margin-bottom: 0cm;\"><b>Introduction<\/b><\/p>\n<p style=\"margin-bottom: 0cm;\">Le texte fait suite \u00e0 celui de la transfiguration, o\u00f9 J\u00e9sus a paru \u00ab\u00a0dans sa gloire\u00a0\u00bb \u00e0 Pierre, Jean et Jacques sur la montagne. Ceux-ci redescendent apr\u00e8s l&rsquo;\u00e9v\u00e9nement spectaculaire, pour retrouver les autres, rest\u00e9s en bas dans la plaine&#8230;<\/p>\n<p style=\"margin-bottom: 0cm;\"><b>La foule excit\u00e9e (14-16)<\/b><\/p>\n<ul>\n<li>\n<p style=\"margin-bottom: 0cm;\">Identifiez les sous-groupes qui composent cette foule r\u00e9unie autour du p\u00e8re de l&rsquo;enfant. Quelle est la pr\u00e9occupation de chacun de ces groupes ?<\/p>\n<\/li>\n<li>\n<p style=\"margin-bottom: 0cm;\">Comment chacun voit-il dans cet \u00e9v\u00e9nement l&rsquo;occasion de se mettre en valeur ?<\/p>\n<\/li>\n<li>\n<p style=\"margin-bottom: 0cm;\">Y a-t-il un parall\u00e8le entre la condition de l&rsquo;enfant et celle de l&rsquo;humanit\u00e9 en g\u00e9n\u00e9ral ? Lequel ?<\/p>\n<\/li>\n<\/ul>\n<p>&nbsp;<\/p>\n<p style=\"margin-bottom: 0cm;\"><b>Le p\u00e8re bris\u00e9 (17-24)<\/b><\/p>\n<ul>\n<li>\n<p style=\"margin-bottom: 0cm;\">Le dialogue du p\u00e8re avec J\u00e9sus est un des passages les plus \u00e9mouvants du Nouveau Testament. Imaginez-vous \u00e0 sa place et d\u00e9crivez son \u00e9tat d&rsquo;esprit \u00e0 l&rsquo;arriv\u00e9e du ma\u00eetre.<\/p>\n<\/li>\n<li>\n<p style=\"margin-bottom: 0cm;\">Comment r\u00e9agit-il \u00e0 la situation de son fils ? \u00c0 votre avis, a-t-il la foi en J\u00e9sus ? Expliquez&#8230;<\/p>\n<\/li>\n<li>\n<p style=\"margin-bottom: 0cm;\">Quel est son probl\u00e8me personnel ? Vous identifiez-vous \u00e0 lui \u00e0 certains \u00e9gards ?<\/p>\n<\/li>\n<\/ul>\n<p>&nbsp;<\/p>\n<p style=\"margin-bottom: 0cm;\"><b>Les disciples bloqu\u00e9s (14-18\/28-29)<\/b><\/p>\n<ul>\n<li>\n<p style=\"margin-bottom: 0cm;\">Quel r\u00f4le les disciples jouent-ils dans ce drame ? Pourquoi sont-ils incapables de gu\u00e9rir l&rsquo;enfant ? Justifiez votre r\u00e9ponse par le texte&#8230;<\/p>\n<\/li>\n<li>\n<p style=\"margin-bottom: 0cm;\">Le v.28 montre un certain progr\u00e8s dans leur foi&#8230; Lequel ? Vous identifiez-vous \u00e0 eux aussi \u00e0 certains \u00e9gards ?<\/p>\n<\/li>\n<\/ul>\n<p>&nbsp;<\/p>\n<p style=\"margin-bottom: 0cm;\"><b>J\u00e9sus troubl\u00e9 (16-29)<\/b><\/p>\n<ul>\n<li>\n<p style=\"margin-bottom: 0cm;\">Qu&rsquo;est-ce qui d\u00e9range J\u00e9sus dans toute cette histoire ? Pourquoi est-il si troubl\u00e9 par l&rsquo;attitude de chacun de ces groupes ?<\/p>\n<\/li>\n<li>\n<p style=\"margin-bottom: 0cm;\">Notez comment il agit avec chacun&#8230; en fait, que manquait-il aux disciples ? Quelle(s) le\u00e7on(s) veut-il leur apprendre \u00e0 tous en gu\u00e9rissant l&rsquo;enfant ?<\/p>\n<\/li>\n<\/ul>\n<p>&nbsp;<\/p>\n<p style=\"margin-bottom: 0cm;\"><b>APPLICATION<\/b><\/p>\n<ul>\n<li>\n<p style=\"margin-bottom: 0cm;\">Si prier est parler au Seigneur J\u00e9sus, qu&rsquo;apprenons-nous du p\u00e8re et des disciples au sujet de la pri\u00e8re ?<\/p>\n<\/li>\n<li>\n<p style=\"margin-bottom: 0cm;\">Apr\u00e8s l&rsquo;intervention das disciples, le p\u00e8re avait des sentiment \u00ab\u00a0m\u00e9lang\u00e9s\u00a0\u00bb et une foi pleine d&rsquo;incertitude \u00e0 l&rsquo;\u00e9gard de J\u00e9sus. Il n&rsquo;avait pas compl\u00e8tement confiance&#8230; Pourtant, il a cru et a obtenu la gu\u00e9rison de son fils ! Que pouvons-nous apprendre de lui ? Commentez&#8230;<\/p>\n<\/li>\n<\/ul>\n<p>&nbsp;<\/p>\n<style class=\"advgb-styles-renderer\"><!--\nP { margin-bottom: 0.21cm; }\n--><\/style>\n","protected":false},"excerpt":{"rendered":"<p>Introduction Le texte fait suite \u00e0 celui de la transfiguration, o\u00f9 J\u00e9sus a paru \u00ab\u00a0dans sa gloire\u00a0\u00bb \u00e0 Pierre, Jean et Jacques sur la montagne. Ceux-ci redescendent apr\u00e8s l&rsquo;\u00e9v\u00e9nement spectaculaire, pour retrouver les autres, rest\u00e9s en bas dans la plaine&#8230; La foule excit\u00e9e (14-16) Identifiez les sous-groupes qui composent cette foule r\u00e9unie autour du p\u00e8re [&hellip;]<\/p>\n","protected":false},"author":3,"featured_media":2152,"comment_status":"open","ping_status":"closed","sticky":false,"template":"","format":"standard","meta":{"_acf_changed":false,"_eb_attr":"","advgb_blocks_editor_width":"","advgb_blocks_columns_visual_guide":"","footnotes":""},"categories":[10,75,206,30],"tags":[352,651,886,540,695,265,23],"video":[],"audio":[],"ecrit":[],"mis-en-avant":[],"redacteur":[],"type-darticle":[],"class_list":["post-2842","post","type-post","status-publish","format-standard","has-post-thumbnail","hentry","category-discussions-autour-de-la-bible","category-jesus-le-fils","category-la-souffrance","category-le-peche-le-mal","tag-disciples","tag-ecrit","tag-incredulite","tag-manque-de-foi","tag-marc","tag-miracle","tag-nouveau-testament"],"blocksy_meta":[],"acf":[],"featured_image_src":"https:\/\/www.creusonslabible.fr\/wp-content\/uploads\/2012\/07\/lamejerem-1.jpg","author_info":{"display_name":"Yoh","author_link":"https:\/\/www.creusonslabible.fr\/?author=3"},"author_meta":{"display_name":"Yoh","author_link":"https:\/\/www.creusonslabible.fr\/?author=3"},"featured_img":"https:\/\/www.creusonslabible.fr\/wp-content\/uploads\/2012\/07\/lamejerem-1.jpg","coauthors":[],"tax_additional":{"categories":{"linked":["<a href=\"https:\/\/www.creusonslabible.fr\/?cat=10\" class=\"advgb-post-tax-term\">Discussions autour de la Bible<\/a>","<a href=\"https:\/\/www.creusonslabible.fr\/?cat=75\" class=\"advgb-post-tax-term\">J\u00e9sus le Fils<\/a>","<a href=\"https:\/\/www.creusonslabible.fr\/?cat=206\" class=\"advgb-post-tax-term\">La souffrance<\/a>","<a href=\"https:\/\/www.creusonslabible.fr\/?cat=30\" class=\"advgb-post-tax-term\">Le P\u00e9ch\u00e9 \/ Le mal<\/a>"],"unlinked":["<span class=\"advgb-post-tax-term\">Discussions autour de la Bible<\/span>","<span class=\"advgb-post-tax-term\">J\u00e9sus le Fils<\/span>","<span class=\"advgb-post-tax-term\">La souffrance<\/span>","<span class=\"advgb-post-tax-term\">Le P\u00e9ch\u00e9 \/ Le mal<\/span>"]},"tags":{"linked":["<a href=\"https:\/\/www.creusonslabible.fr\/?cat=30\" class=\"advgb-post-tax-term\">disciples<\/a>","<a href=\"https:\/\/www.creusonslabible.fr\/?cat=30\" class=\"advgb-post-tax-term\">\u00e9crit<\/a>","<a href=\"https:\/\/www.creusonslabible.fr\/?cat=30\" class=\"advgb-post-tax-term\">incr\u00e9dulit\u00e9<\/a>","<a href=\"https:\/\/www.creusonslabible.fr\/?cat=30\" class=\"advgb-post-tax-term\">manque de foi<\/a>","<a href=\"https:\/\/www.creusonslabible.fr\/?cat=30\" class=\"advgb-post-tax-term\">Marc<\/a>","<a href=\"https:\/\/www.creusonslabible.fr\/?cat=30\" class=\"advgb-post-tax-term\">miracle<\/a>","<a href=\"https:\/\/www.creusonslabible.fr\/?cat=30\" class=\"advgb-post-tax-term\">Nouveau-Testament<\/a>"],"unlinked":["<span class=\"advgb-post-tax-term\">disciples<\/span>","<span class=\"advgb-post-tax-term\">\u00e9crit<\/span>","<span class=\"advgb-post-tax-term\">incr\u00e9dulit\u00e9<\/span>","<span class=\"advgb-post-tax-term\">manque de foi<\/span>","<span class=\"advgb-post-tax-term\">Marc<\/span>","<span class=\"advgb-post-tax-term\">miracle<\/span>","<span class=\"advgb-post-tax-term\">Nouveau-Testament<\/span>"]}},"comment_count":"0","relative_dates":{"created":"Publi\u00e9 12 ans il y a","modified":"Mis \u00e0 jour 1 an il y a"},"absolute_dates":{"created":"Publi\u00e9 le 18 d\u00e9cembre 2013","modified":"Mise \u00e0 jour le 24 janvier 2025"},"absolute_dates_time":{"created":"Publi\u00e9 le 18 d\u00e9cembre 2013 13h36","modified":"Mise \u00e0 jour le 24 janvier 2025 11h46"},"featured_img_caption":"","series_order":"","meta_box":[],"_links":{"self":[{"href":"https:\/\/www.creusonslabible.fr\/index.php?rest_route=\/wp\/v2\/posts\/2842","targetHints":{"allow":["GET"]}}],"collection":[{"href":"https:\/\/www.creusonslabible.fr\/index.php?rest_route=\/wp\/v2\/posts"}],"about":[{"href":"https:\/\/www.creusonslabible.fr\/index.php?rest_route=\/wp\/v2\/types\/post"}],"author":[{"embeddable":true,"href":"https:\/\/www.creusonslabible.fr\/index.php?rest_route=\/wp\/v2\/users\/3"}],"replies":[{"embeddable":true,"href":"https:\/\/www.creusonslabible.fr\/index.php?rest_route=%2Fwp%2Fv2%2Fcomments&post=2842"}],"version-history":[{"count":1,"href":"https:\/\/www.creusonslabible.fr\/index.php?rest_route=\/wp\/v2\/posts\/2842\/revisions"}],"predecessor-version":[{"id":11072,"href":"https:\/\/www.creusonslabible.fr\/index.php?rest_route=\/wp\/v2\/posts\/2842\/revisions\/11072"}],"wp:featuredmedia":[{"embeddable":true,"href":"https:\/\/www.creusonslabible.fr\/index.php?rest_route=\/wp\/v2\/media\/2152"}],"wp:attachment":[{"href":"https:\/\/www.creusonslabible.fr\/index.php?rest_route=%2Fwp%2Fv2%2Fmedia&parent=2842"}],"wp:term":[{"taxonomy":"category","embeddable":true,"href":"https:\/\/www.creusonslabible.fr\/index.php?rest_route=%2Fwp%2Fv2%2Fcategories&post=2842"},{"taxonomy":"post_tag","embeddable":true,"href":"https:\/\/www.creusonslabible.fr\/index.php?rest_route=%2Fwp%2Fv2%2Ftags&post=2842"},{"taxonomy":"video","embeddable":true,"href":"https:\/\/www.creusonslabible.fr\/index.php?rest_route=%2Fwp%2Fv2%2Fvideo&post=2842"},{"taxonomy":"audio","embeddable":true,"href":"https:\/\/www.creusonslabible.fr\/index.php?rest_route=%2Fwp%2Fv2%2Faudio&post=2842"},{"taxonomy":"ecrit","embeddable":true,"href":"https:\/\/www.creusonslabible.fr\/index.php?rest_route=%2Fwp%2Fv2%2Fecrit&post=2842"},{"taxonomy":"mis-en-avant","embeddable":true,"href":"https:\/\/www.creusonslabible.fr\/index.php?rest_route=%2Fwp%2Fv2%2Fmis-en-avant&post=2842"},{"taxonomy":"redacteur","embeddable":true,"href":"https:\/\/www.creusonslabible.fr\/index.php?rest_route=%2Fwp%2Fv2%2Fredacteur&post=2842"},{"taxonomy":"type-darticle","embeddable":true,"href":"https:\/\/www.creusonslabible.fr\/index.php?rest_route=%2Fwp%2Fv2%2Ftype-darticle&post=2842"}],"curies":[{"name":"wp","href":"https:\/\/api.w.org\/{rel}","templated":true}]}}