{"id":2851,"date":"2013-12-18T14:16:14","date_gmt":"2013-12-18T14:16:14","guid":{"rendered":"http:\/\/www.creusonslabible.fr\/?p=2851"},"modified":"2025-01-24T11:46:24","modified_gmt":"2025-01-24T09:46:24","slug":"luc-7-1-10-un-officier-romain-etonne-jesus","status":"publish","type":"post","link":"https:\/\/www.creusonslabible.fr\/?p=2851","title":{"rendered":"Luc 7.1-10 &#8211; Un officier romain \u00e9tonne J\u00e9sus"},"content":{"rendered":"<p align=\"LEFT\"><b>Introduction<\/b><\/p>\n<p align=\"LEFT\">De grandes foules de Palestine et de Ph\u00e9nicie se rassemblent autour de J\u00e9sus. Il choisit douze de ses disciples pour \u00eatre ses compagnons et collaborateurs. Apr\u00e8s avoir enseign\u00e9 et pr\u00each\u00e9 en public, il retourne \u00e0 Caperna\u00fcm, sa ville d&rsquo;adoption et centre de ses op\u00e9ration&#8230;. C&rsquo;est l\u00e0 qu&rsquo;il a aussi gu\u00e9ri le fils d&rsquo;un officier du roi sans m\u00eame se rendre chez lui (Jean 4.46-54).<\/p>\n<p align=\"LEFT\"><b>La description de l&rsquo;homme par Luc (1-3)<\/b><\/p>\n<p align=\"LEFT\">Luc, un non-juif, porte en g\u00e9n\u00e9ral une attention toute sp\u00e9ciale aux autres gentils qui ont la foi en J\u00e9sus. Comment d\u00e9crit-il l&rsquo;officier romain dans son r\u00e9cit ? Quels traits de son caract\u00e8re met-il en \u00e9vidence ?<\/p>\n<p align=\"LEFT\"><b>L&rsquo;opinion des Anciens (4-5)<\/b><\/p>\n<p align=\"LEFT\">Quel genre de relation y a-t-il entre lui et les chefs juifs ? Que disent-ils \u00e0 J\u00e9sus \u00e0 son sujet ? En quoi leur d\u00e9marche est-elle en elle-m\u00eame un signe de leur estime ?<\/p>\n<p align=\"LEFT\"><b>Ce que l&rsquo;homme dit de lui-m\u00eame (6-8)<\/b><\/p>\n<ul>\n<li>\n<p align=\"LEFT\">Luc se concentre ensuite sur ce que l&rsquo;homme a dit de lui-m\u00eame&#8230; comparez avec l&rsquo;opinion des Anciens&#8230;.Quelles sont les diff\u00e9rences ?<\/p>\n<\/li>\n<li>\n<p align=\"LEFT\">De quelle fa\u00e7on d\u00e9montre-t-il une v\u00e9ritable sinc\u00e9rit\u00e9 lorsqu&rsquo;il affirme ne pas \u00eatre digne que J\u00e9sus vienne en sa pr\u00e9sence ? Vous arrive-t-il de ne pas vous sentir digne en pr\u00e9sence de certaines personnes ? Comment r\u00e9agissez-vous ? En quoi vos sentiments\/votre comportement sont-ils comparables \u00e0 ceux du centurion ? En quoi sont-ils diff\u00e9rents ?<\/p>\n<\/li>\n<li>\n<p align=\"LEFT\">D&rsquo;apr\u00e8s ces paroles au v.8, comment voit-il J\u00e9sus ? Que lui dit-il en fait ?<\/p>\n<\/li>\n<\/ul>\n<p align=\"LEFT\"><b>La louange de J\u00e9sus (9-10)<\/b><\/p>\n<ul>\n<li>\n<p align=\"LEFT\">Que pensez-vous de la r\u00e9action de J\u00e9sus au message de centurion ? Qu&rsquo;a-t-il vu d&rsquo;exceptionnel dans la foi de cet homme ?<\/p>\n<\/li>\n<li>\n<p align=\"LEFT\">Dans quel but prend-il la foule \u00e0 t\u00e9moin ? En qui ses paroles de louange sont-elles en m\u00eame temps remplies d&rsquo;une certaine tristesse ?<\/p>\n<\/li>\n<\/ul>\n<p align=\"LEFT\"><b>Application<\/b><\/p>\n<ul>\n<li>\n<p align=\"LEFT\">Quel rapport voyez-vous entre l&rsquo;exercice de l&rsquo;autorit\u00e9 et la foi ? Quel genre de leader m\u00e9rite votre confiance ? Pourquoi ?<\/p>\n<\/li>\n<li>\n<p align=\"LEFT\">Qu&rsquo;est-ce qui pourrait nous amener \u00e0 faire d&rsquo;avantage confiance \u00e0 Dieu ? Si vous n&rsquo;arrivez pas \u00e0 avoir la foi ob\u00e9issante du centurion, r\u00e9fl\u00e9chissez \u00e0 ce qui vous emp\u00eache de le faire&#8230;<\/p>\n<\/li>\n<\/ul>\n<style class=\"advgb-styles-renderer\"><!--\nP { margin-bottom: 0.21cm; }\n--><\/style>\n","protected":false},"excerpt":{"rendered":"<p>Introduction De grandes foules de Palestine et de Ph\u00e9nicie se rassemblent autour de J\u00e9sus. Il choisit douze de ses disciples pour \u00eatre ses compagnons et collaborateurs. Apr\u00e8s avoir enseign\u00e9 et pr\u00each\u00e9 en public, il retourne \u00e0 Caperna\u00fcm, sa ville d&rsquo;adoption et centre de ses op\u00e9ration&#8230;. C&rsquo;est l\u00e0 qu&rsquo;il a aussi gu\u00e9ri le fils d&rsquo;un officier [&hellip;]<\/p>\n","protected":false},"author":3,"featured_media":2852,"comment_status":"open","ping_status":"closed","sticky":false,"template":"","format":"standard","meta":{"_acf_changed":false,"_eb_attr":"","advgb_blocks_editor_width":"","advgb_blocks_columns_visual_guide":"","footnotes":""},"categories":[10,75],"tags":[651,261,108,22,23,325],"video":[],"audio":[],"ecrit":[],"mis-en-avant":[],"redacteur":[],"type-darticle":[],"class_list":["post-2851","post","type-post","status-publish","format-standard","has-post-thumbnail","hentry","category-discussions-autour-de-la-bible","category-jesus-le-fils","tag-ecrit","tag-foi","tag-humilite","tag-luc","tag-nouveau-testament","tag-paiens"],"blocksy_meta":[],"acf":[],"featured_image_src":"https:\/\/www.creusonslabible.fr\/wp-content\/uploads\/2013\/12\/centurion-1.jpg","author_info":{"display_name":"Yoh","author_link":"https:\/\/www.creusonslabible.fr\/?author=3"},"author_meta":{"display_name":"Yoh","author_link":"https:\/\/www.creusonslabible.fr\/?author=3"},"featured_img":"https:\/\/www.creusonslabible.fr\/wp-content\/uploads\/2013\/12\/centurion-1.jpg","coauthors":[],"tax_additional":{"categories":{"linked":["<a href=\"https:\/\/www.creusonslabible.fr\/?cat=10\" class=\"advgb-post-tax-term\">Discussions autour de la Bible<\/a>","<a href=\"https:\/\/www.creusonslabible.fr\/?cat=75\" class=\"advgb-post-tax-term\">J\u00e9sus le Fils<\/a>"],"unlinked":["<span class=\"advgb-post-tax-term\">Discussions autour de la Bible<\/span>","<span class=\"advgb-post-tax-term\">J\u00e9sus le Fils<\/span>"]},"tags":{"linked":["<a href=\"https:\/\/www.creusonslabible.fr\/?cat=75\" class=\"advgb-post-tax-term\">\u00e9crit<\/a>","<a href=\"https:\/\/www.creusonslabible.fr\/?cat=75\" class=\"advgb-post-tax-term\">foi<\/a>","<a href=\"https:\/\/www.creusonslabible.fr\/?cat=75\" class=\"advgb-post-tax-term\">humilit\u00e9<\/a>","<a href=\"https:\/\/www.creusonslabible.fr\/?cat=75\" class=\"advgb-post-tax-term\">Luc<\/a>","<a href=\"https:\/\/www.creusonslabible.fr\/?cat=75\" class=\"advgb-post-tax-term\">Nouveau-Testament<\/a>","<a href=\"https:\/\/www.creusonslabible.fr\/?cat=75\" class=\"advgb-post-tax-term\">pa\u00efens<\/a>"],"unlinked":["<span class=\"advgb-post-tax-term\">\u00e9crit<\/span>","<span class=\"advgb-post-tax-term\">foi<\/span>","<span class=\"advgb-post-tax-term\">humilit\u00e9<\/span>","<span class=\"advgb-post-tax-term\">Luc<\/span>","<span class=\"advgb-post-tax-term\">Nouveau-Testament<\/span>","<span class=\"advgb-post-tax-term\">pa\u00efens<\/span>"]}},"comment_count":"0","relative_dates":{"created":"Publi\u00e9 12 ans il y a","modified":"Mis \u00e0 jour 1 an il y a"},"absolute_dates":{"created":"Publi\u00e9 le 18 d\u00e9cembre 2013","modified":"Mise \u00e0 jour le 24 janvier 2025"},"absolute_dates_time":{"created":"Publi\u00e9 le 18 d\u00e9cembre 2013 14h16","modified":"Mise \u00e0 jour le 24 janvier 2025 11h46"},"featured_img_caption":"","series_order":"","meta_box":[],"_links":{"self":[{"href":"https:\/\/www.creusonslabible.fr\/index.php?rest_route=\/wp\/v2\/posts\/2851","targetHints":{"allow":["GET"]}}],"collection":[{"href":"https:\/\/www.creusonslabible.fr\/index.php?rest_route=\/wp\/v2\/posts"}],"about":[{"href":"https:\/\/www.creusonslabible.fr\/index.php?rest_route=\/wp\/v2\/types\/post"}],"author":[{"embeddable":true,"href":"https:\/\/www.creusonslabible.fr\/index.php?rest_route=\/wp\/v2\/users\/3"}],"replies":[{"embeddable":true,"href":"https:\/\/www.creusonslabible.fr\/index.php?rest_route=%2Fwp%2Fv2%2Fcomments&post=2851"}],"version-history":[{"count":1,"href":"https:\/\/www.creusonslabible.fr\/index.php?rest_route=\/wp\/v2\/posts\/2851\/revisions"}],"predecessor-version":[{"id":11070,"href":"https:\/\/www.creusonslabible.fr\/index.php?rest_route=\/wp\/v2\/posts\/2851\/revisions\/11070"}],"wp:featuredmedia":[{"embeddable":true,"href":"https:\/\/www.creusonslabible.fr\/index.php?rest_route=\/wp\/v2\/media\/2852"}],"wp:attachment":[{"href":"https:\/\/www.creusonslabible.fr\/index.php?rest_route=%2Fwp%2Fv2%2Fmedia&parent=2851"}],"wp:term":[{"taxonomy":"category","embeddable":true,"href":"https:\/\/www.creusonslabible.fr\/index.php?rest_route=%2Fwp%2Fv2%2Fcategories&post=2851"},{"taxonomy":"post_tag","embeddable":true,"href":"https:\/\/www.creusonslabible.fr\/index.php?rest_route=%2Fwp%2Fv2%2Ftags&post=2851"},{"taxonomy":"video","embeddable":true,"href":"https:\/\/www.creusonslabible.fr\/index.php?rest_route=%2Fwp%2Fv2%2Fvideo&post=2851"},{"taxonomy":"audio","embeddable":true,"href":"https:\/\/www.creusonslabible.fr\/index.php?rest_route=%2Fwp%2Fv2%2Faudio&post=2851"},{"taxonomy":"ecrit","embeddable":true,"href":"https:\/\/www.creusonslabible.fr\/index.php?rest_route=%2Fwp%2Fv2%2Fecrit&post=2851"},{"taxonomy":"mis-en-avant","embeddable":true,"href":"https:\/\/www.creusonslabible.fr\/index.php?rest_route=%2Fwp%2Fv2%2Fmis-en-avant&post=2851"},{"taxonomy":"redacteur","embeddable":true,"href":"https:\/\/www.creusonslabible.fr\/index.php?rest_route=%2Fwp%2Fv2%2Fredacteur&post=2851"},{"taxonomy":"type-darticle","embeddable":true,"href":"https:\/\/www.creusonslabible.fr\/index.php?rest_route=%2Fwp%2Fv2%2Ftype-darticle&post=2851"}],"curies":[{"name":"wp","href":"https:\/\/api.w.org\/{rel}","templated":true}]}}