{"id":292,"date":"2012-07-05T16:36:23","date_gmt":"2012-07-05T16:36:23","guid":{"rendered":"http:\/\/elearning.gbu.fr\/?p=292"},"modified":"2026-02-24T16:36:23","modified_gmt":"2026-02-24T14:36:23","slug":"job","status":"publish","type":"post","link":"https:\/\/www.creusonslabible.fr\/?p=292","title":{"rendered":"Job"},"content":{"rendered":"<p>S\u00e9rie d&rsquo;expos\u00e9s faisant un survol du livre de Job donn\u00e9s par Jonathan Chaintrier, SIR Rh\u00f4ne-Alpes lors du Camp \u00c0 Fond La Form&rsquo; 2010.<\/p>\n<p><!--more--><\/p>\n<h2><a href=\"http:\/\/elearning.gbu.fr\/audio\/AFLF2010_Job\/Job_1.mp3\">Introduction<\/a><\/h2>\n<h2><a href=\"http:\/\/elearning.gbu.fr\/audio\/AFLF2010_Job\/Job_2.mp3\">Job 1-2<\/a><\/h2>\n<h2><a href=\"http:\/\/elearning.gbu.fr\/audio\/AFLF2010_Job\/Job_3.mp3\">Job 4-27<\/a><\/h2>\n<h2><a href=\"http:\/\/elearning.gbu.fr\/audio\/AFLF2010_Job\/Job_4.mp3\">Job 28<\/a><\/h2>\n<h2><a href=\"http:\/\/elearning.gbu.fr\/audio\/AFLF2010_Job\/Job_5.mp3\">Job 32-37<\/a><\/h2>\n<h2><a href=\"http:\/\/elearning.gbu.fr\/audio\/AFLF2010_Job\/Job_6.mp3\">Job 38-42<\/a><\/h2>\n<p>Pour \u00e9couter les audio, faire un clic sur les titre. Pour les enregistrer, faire clic droit et \u00ab\u00a0enregistrer la cible du lien sous\u00a0\u00bb<\/p>\n<p>\u00a0<\/p>\n<h4 class=\"wp-block-heading\">Les audio sont aussi disponibles sur Spotify !<\/h4>\n<p>\u00a0<\/p>\n<p>(Un compte est n\u00e9cessaire pour \u00e9couter en entier, mais il n\u2019y a pas besoin de prendre d\u2019abonnement payant.)<\/p>\n\n\n<figure class=\"wp-block-embed is-type-rich is-provider-spotify wp-block-embed-spotify wp-embed-aspect-21-9 wp-has-aspect-ratio\"><div class=\"wp-block-embed__wrapper\">\n<iframe title=\"Spotify Embed: Job\" style=\"border-radius: 12px\" width=\"100%\" height=\"352\" frameborder=\"0\" allowfullscreen allow=\"autoplay; clipboard-write; encrypted-media; fullscreen; picture-in-picture\" loading=\"lazy\" src=\"https:\/\/open.spotify.com\/embed\/playlist\/3fL9khsetUTDpzhFISGKZb?si=F32TeQEBQIuWmrv_cmojfw&amp;utm_source=oembed\"><\/iframe>\n<\/div><\/figure>\n","protected":false},"excerpt":{"rendered":"<p>S\u00e9rie d&rsquo;expos\u00e9s faisant un survol du livre de Job donn\u00e9s par Jonathan Chaintrier, SIR Rh\u00f4ne-Alpes lors du Camp \u00c0 Fond La Form&rsquo; 2010.<\/p>\n","protected":false},"author":2,"featured_media":1483,"comment_status":"open","ping_status":"open","sticky":false,"template":"","format":"standard","meta":{"_acf_changed":false,"_eb_attr":"","advgb_blocks_editor_width":"","advgb_blocks_columns_visual_guide":"","footnotes":""},"categories":[24],"tags":[696,381,657,476,697],"video":[],"audio":[],"ecrit":[],"mis-en-avant":[],"redacteur":[],"type-darticle":[],"class_list":["post-292","post","type-post","status-publish","format-standard","has-post-thumbnail","hentry","category-textes-bibliques-commentes","tag-696","tag-aflf","tag-audio","tag-job","tag-la-souffrance"],"blocksy_meta":[],"acf":[],"featured_image_src":"https:\/\/www.creusonslabible.fr\/wp-content\/uploads\/2012\/07\/job-1.jpg","author_info":{"display_name":"caillou","author_link":"https:\/\/www.creusonslabible.fr\/?author=2"},"author_meta":{"display_name":"caillou","author_link":"https:\/\/www.creusonslabible.fr\/?author=2"},"featured_img":"https:\/\/www.creusonslabible.fr\/wp-content\/uploads\/2012\/07\/job-1.jpg","coauthors":[],"tax_additional":{"categories":{"linked":["<a href=\"https:\/\/www.creusonslabible.fr\/?cat=24\" class=\"advgb-post-tax-term\">Textes Bibliques comment\u00e9s<\/a>"],"unlinked":["<span class=\"advgb-post-tax-term\">Textes Bibliques comment\u00e9s<\/span>"]},"tags":{"linked":["<a href=\"https:\/\/www.creusonslabible.fr\/?cat=24\" class=\"advgb-post-tax-term\">2010<\/a>","<a href=\"https:\/\/www.creusonslabible.fr\/?cat=24\" class=\"advgb-post-tax-term\">AFLF<\/a>","<a href=\"https:\/\/www.creusonslabible.fr\/?cat=24\" class=\"advgb-post-tax-term\">audio<\/a>","<a href=\"https:\/\/www.creusonslabible.fr\/?cat=24\" class=\"advgb-post-tax-term\">Job<\/a>","<a href=\"https:\/\/www.creusonslabible.fr\/?cat=24\" class=\"advgb-post-tax-term\">La souffrance<\/a>"],"unlinked":["<span class=\"advgb-post-tax-term\">2010<\/span>","<span class=\"advgb-post-tax-term\">AFLF<\/span>","<span class=\"advgb-post-tax-term\">audio<\/span>","<span class=\"advgb-post-tax-term\">Job<\/span>","<span class=\"advgb-post-tax-term\">La souffrance<\/span>"]}},"comment_count":"0","relative_dates":{"created":"Publi\u00e9 14 ans il y a","modified":"Mis \u00e0 jour 2 mois il y a"},"absolute_dates":{"created":"Publi\u00e9 le 5 juillet 2012","modified":"Mise \u00e0 jour le 24 f\u00e9vrier 2026"},"absolute_dates_time":{"created":"Publi\u00e9 le 5 juillet 2012 16h36","modified":"Mise \u00e0 jour le 24 f\u00e9vrier 2026 16h36"},"featured_img_caption":"","series_order":"","meta_box":[],"_links":{"self":[{"href":"https:\/\/www.creusonslabible.fr\/index.php?rest_route=\/wp\/v2\/posts\/292","targetHints":{"allow":["GET"]}}],"collection":[{"href":"https:\/\/www.creusonslabible.fr\/index.php?rest_route=\/wp\/v2\/posts"}],"about":[{"href":"https:\/\/www.creusonslabible.fr\/index.php?rest_route=\/wp\/v2\/types\/post"}],"author":[{"embeddable":true,"href":"https:\/\/www.creusonslabible.fr\/index.php?rest_route=\/wp\/v2\/users\/2"}],"replies":[{"embeddable":true,"href":"https:\/\/www.creusonslabible.fr\/index.php?rest_route=%2Fwp%2Fv2%2Fcomments&post=292"}],"version-history":[{"count":2,"href":"https:\/\/www.creusonslabible.fr\/index.php?rest_route=\/wp\/v2\/posts\/292\/revisions"}],"predecessor-version":[{"id":12218,"href":"https:\/\/www.creusonslabible.fr\/index.php?rest_route=\/wp\/v2\/posts\/292\/revisions\/12218"}],"wp:featuredmedia":[{"embeddable":true,"href":"https:\/\/www.creusonslabible.fr\/index.php?rest_route=\/wp\/v2\/media\/1483"}],"wp:attachment":[{"href":"https:\/\/www.creusonslabible.fr\/index.php?rest_route=%2Fwp%2Fv2%2Fmedia&parent=292"}],"wp:term":[{"taxonomy":"category","embeddable":true,"href":"https:\/\/www.creusonslabible.fr\/index.php?rest_route=%2Fwp%2Fv2%2Fcategories&post=292"},{"taxonomy":"post_tag","embeddable":true,"href":"https:\/\/www.creusonslabible.fr\/index.php?rest_route=%2Fwp%2Fv2%2Ftags&post=292"},{"taxonomy":"video","embeddable":true,"href":"https:\/\/www.creusonslabible.fr\/index.php?rest_route=%2Fwp%2Fv2%2Fvideo&post=292"},{"taxonomy":"audio","embeddable":true,"href":"https:\/\/www.creusonslabible.fr\/index.php?rest_route=%2Fwp%2Fv2%2Faudio&post=292"},{"taxonomy":"ecrit","embeddable":true,"href":"https:\/\/www.creusonslabible.fr\/index.php?rest_route=%2Fwp%2Fv2%2Fecrit&post=292"},{"taxonomy":"mis-en-avant","embeddable":true,"href":"https:\/\/www.creusonslabible.fr\/index.php?rest_route=%2Fwp%2Fv2%2Fmis-en-avant&post=292"},{"taxonomy":"redacteur","embeddable":true,"href":"https:\/\/www.creusonslabible.fr\/index.php?rest_route=%2Fwp%2Fv2%2Fredacteur&post=292"},{"taxonomy":"type-darticle","embeddable":true,"href":"https:\/\/www.creusonslabible.fr\/index.php?rest_route=%2Fwp%2Fv2%2Ftype-darticle&post=292"}],"curies":[{"name":"wp","href":"https:\/\/api.w.org\/{rel}","templated":true}]}}