{"id":2940,"date":"2014-04-18T10:38:39","date_gmt":"2014-04-18T10:38:39","guid":{"rendered":"http:\/\/www.creusonslabible.fr\/?p=2940"},"modified":"2025-01-24T11:55:37","modified_gmt":"2025-01-24T09:55:37","slug":"luc-9-37-56-mediocres-disciples","status":"publish","type":"post","link":"https:\/\/www.creusonslabible.fr\/?p=2940","title":{"rendered":"Luc 9.37-56 : M\u00e9diocres disciples"},"content":{"rendered":"<h2>Dans la section pr\u00e9c\u00e9dente (1-36), nous avons vu qu&rsquo;un disciple de J\u00e9sus doit faire 3 choses : confesser-proclamer le nom de son Ma\u00eetre (vv. 6, 20 et 26) imiter leur Ma\u00eetre et ob\u00e9ir \u00e0 ses ordres (vv 1-2 et 35) et lui faire confiance (vv.3, 16 et 24) parce qu&rsquo;il est Dieu.<\/h2>\n<p>Lire le passage<\/p>\n<p>Quelle image les disciples ont-ils dans ce passage ? Positive ou n\u00e9gative ?<\/p>\n<h3>37-43 : Incapacit\u00e9<\/h3>\n<ul>\n<li>Le cas rencontr\u00e9 par J\u00e9sus pr\u00e9sente des caract\u00e9ristiques qu&rsquo;on a d\u00e9j\u00e0 rencontr\u00e9s. Lesquelles ? (fils unique comme la veuve, d\u00e9mon qui d\u00e9forme comme pour l&rsquo;homme des tombeaux).<\/li>\n<li>\u00c0 qui s&rsquo;adresse J\u00e9sus au v.41 ? (aux disciples)<\/li>\n<li>Relisez le v.1. Expliquez pourquoi les disciples n&rsquo;arrive pas chasser le d\u00e9mon. (Mt 17.20 ou Mc 9.29)<\/li>\n<li>Quelle est la r\u00e9action de la foule apr\u00e8s l&rsquo;exorcisme de J\u00e9sus ?<\/li>\n<\/ul>\n<h3>44-45 : incompr\u00e9hension<\/h3>\n<ul>\n<li>Pourquoi J\u00e9sus enchaine-t-il avec l&rsquo;annonce de sa fin (v.44) ? (pour que les disciples se rappellent bien que l&rsquo;objectif n&rsquo;est pas la gloire mais le sacrifice. Cf.22-26)<\/li>\n<li>Pourquoi refait-il cette annonce alors qu&rsquo;il l&rsquo;a d\u00e9j\u00e0 faite au v.22 ? (parce qu&rsquo;il sait que cette r\u00e9alit\u00e9 est difficilement compr\u00e9hensible)<\/li>\n<li>Cette nouvelle annonce a-t-elle \u00e9t\u00e9 utile ? Est-ce \u00e0 cause des disciples ? De Dieu ? Un peu des deux ? (Dieu les emp\u00eache de comprendre mais eux ne demandent pas \u00e0 J\u00e9sus)<\/li>\n<\/ul>\n<h3>46-48 : Complexe de sup\u00e9riorit\u00e9<\/h3>\n<ul>\n<li>En quoi le v.46 peut-il \u00eatre une bonne explication de l&rsquo;incompr\u00e9hension des disciples ? (ils sont tellement obnubil\u00e9s par la gloire d&rsquo;\u00eatre avec J\u00e9sus qu&rsquo;ils ne peuvent comprendre sa v\u00e9ritable mission)<\/li>\n<li>Que pensez-vous de cette discussion des disciples ? (On peut imaginer qu&rsquo;ils sont super fiers de leurs super-pouvoirs&#8230; pourtant ils viennent d&rsquo;essuyer un \u00e9chec et de se faire engueuler par J\u00e9sus !)<\/li>\n<li>Comment J\u00e9sus s&rsquo;y prend-il pour r\u00e9gler le d\u00e9bat ?<\/li>\n<li>Quelle est la d\u00e9finition du grand disciple d&rsquo;apr\u00e8s J\u00e9sus ? (c&rsquo;est quelqu&rsquo;un qui accueille les petits et qui est lui-m\u00eame petit, d\u00e9pendant de Dieu. Cela est \u00e0 l&rsquo;oppos\u00e9 de ce que recherche les disciples)<\/li>\n<\/ul>\n<h3>49-50 : Autoritarisme<\/h3>\n<ul>\n<li>Pourquoi Jean enchaine-t-il avec cette question du v.49 ?<\/li>\n<li>La r\u00e9action de Jean est-elle l\u00e9gitime d&rsquo;apr\u00e8s vous ? Pour quelles raisons ?<\/li>\n<li>Comment comprenez-vous la r\u00e9ponse de J\u00e9sus ?<\/li>\n<\/ul>\n<p>Le v.51 ouvre la 2nde partie de l&rsquo;\u00e9vangile avec le th\u00e8me de la mont\u00e9e vers J\u00e9rusalem. Dans cette partie centrale qui finit en 19.27 se trouve une majorit\u00e9 de passages qui ne se trouvent que chez Luc (et pas chez Matthieu ou Marc).<\/p>\n<h3>51-56 : Volont\u00e9 de toute-puissance<\/h3>\n<ul>\n<li>Pourquoi J\u00e9sus envoie-t-il des messagers devant lui ? (pour pr\u00e9parer logement et repas pour toute la troupe des disciples)<\/li>\n<li>Pourquoi les samaritains refusent-ils d&rsquo;exercer l&rsquo;hospitalit\u00e9 ? (parce qu&rsquo;il y avait un conflit avec les juifs et en plus ils estimaient que ce n&rsquo;\u00e9tait pas \u00e0 J\u00e9rusalem qu&rsquo;il fallait adorer Dieu mais sur le Mont Garizim)<\/li>\n<li>Pourquoi cette r\u00e9action des fils de Z\u00e9b\u00e9d\u00e9e ?<\/li>\n<li>J\u00e9sus est-il d&rsquo;accord avec eux ? Pourquoi ?<\/li>\n<li>D&rsquo;apr\u00e8s J\u00e9sus (et vous) qu&rsquo;est-ce qui leur inspire cette pens\u00e9e ?<\/li>\n<\/ul>\n<h3>APPLICATIONS<\/h3>\n<ul>\n<li>Les disciples font preuves de 5 d\u00e9fauts de dans ce passage : 1) Le manque de foi pour agir, 2) le d\u00e9sint\u00e9r\u00eat pour le v\u00e9ritable plan de Dieu, 3) la volont\u00e9 d&rsquo;\u00eatre sup\u00e9rieur aux autres, 4) l&rsquo;exclusion de ceux qui ne sont pas comme eux et 5) \u00eatre exp\u00e9ditifs et radicaux dans le jugement. Par lequel de ces d\u00e9fauts \u00eates-vous le plus tent\u00e9s ?<\/li>\n<li>Comment avoir plus de foi pour accomplir la volont\u00e9 de Dieu ?<\/li>\n<li>Comment faire pour ne pas confondre la volont\u00e9 de Dieu avec nos propres fantasmes ?<\/li>\n<li>Comment rester humbles alors qu&rsquo;on remporte quelques succ\u00e8s ?<\/li>\n<li>Comment faire preuve de mod\u00e9ration et de discernement devant des personnes nous paraissant tellement bizarres qu&rsquo;elles n&rsquo;ont pas l&rsquo;air chr\u00e9tiennes ?<\/li>\n<\/ul>\n","protected":false},"excerpt":{"rendered":"<p>Dans la section pr\u00e9c\u00e9dente (1-36), nous avons vu qu&rsquo;un disciple de J\u00e9sus doit faire 3 choses : confesser-proclamer le nom de son Ma\u00eetre (vv. 6, 20 et 26) imiter leur Ma\u00eetre et ob\u00e9ir \u00e0 ses ordres (vv 1-2 et 35) et lui faire confiance (vv.3, 16 et 24) parce qu&rsquo;il est Dieu. Lire le passage [&hellip;]<\/p>\n","protected":false},"author":3,"featured_media":4682,"comment_status":"open","ping_status":"closed","sticky":false,"template":"","format":"standard","meta":{"_acf_changed":false,"_eb_attr":"","advgb_blocks_editor_width":"","advgb_blocks_columns_visual_guide":"","footnotes":""},"categories":[10],"tags":[352,651,22,23,466],"video":[],"audio":[],"ecrit":[],"mis-en-avant":[],"redacteur":[],"type-darticle":[],"class_list":["post-2940","post","type-post","status-publish","format-standard","has-post-thumbnail","hentry","category-discussions-autour-de-la-bible","tag-disciples","tag-ecrit","tag-luc","tag-nouveau-testament","tag-volonte-de-dieu"],"blocksy_meta":[],"acf":[],"featured_image_src":"https:\/\/www.creusonslabible.fr\/wp-content\/uploads\/2014\/04\/one-against-all-1744091_1280-1.jpg","author_info":{"display_name":"Yoh","author_link":"https:\/\/www.creusonslabible.fr\/?author=3"},"author_meta":{"display_name":"Yoh","author_link":"https:\/\/www.creusonslabible.fr\/?author=3"},"featured_img":"https:\/\/www.creusonslabible.fr\/wp-content\/uploads\/2014\/04\/one-against-all-1744091_1280-1-300x200.jpg","coauthors":[],"tax_additional":{"categories":{"linked":["<a href=\"https:\/\/www.creusonslabible.fr\/?cat=10\" class=\"advgb-post-tax-term\">Discussions autour de la Bible<\/a>"],"unlinked":["<span class=\"advgb-post-tax-term\">Discussions autour de la Bible<\/span>"]},"tags":{"linked":["<a href=\"https:\/\/www.creusonslabible.fr\/?cat=10\" class=\"advgb-post-tax-term\">disciples<\/a>","<a href=\"https:\/\/www.creusonslabible.fr\/?cat=10\" class=\"advgb-post-tax-term\">\u00e9crit<\/a>","<a href=\"https:\/\/www.creusonslabible.fr\/?cat=10\" class=\"advgb-post-tax-term\">Luc<\/a>","<a href=\"https:\/\/www.creusonslabible.fr\/?cat=10\" class=\"advgb-post-tax-term\">Nouveau-Testament<\/a>","<a href=\"https:\/\/www.creusonslabible.fr\/?cat=10\" class=\"advgb-post-tax-term\">volont\u00e9 de Dieu<\/a>"],"unlinked":["<span class=\"advgb-post-tax-term\">disciples<\/span>","<span class=\"advgb-post-tax-term\">\u00e9crit<\/span>","<span class=\"advgb-post-tax-term\">Luc<\/span>","<span class=\"advgb-post-tax-term\">Nouveau-Testament<\/span>","<span class=\"advgb-post-tax-term\">volont\u00e9 de Dieu<\/span>"]}},"comment_count":"0","relative_dates":{"created":"Publi\u00e9 12 ans il y a","modified":"Mis \u00e0 jour 1 an il y a"},"absolute_dates":{"created":"Publi\u00e9 le 18 avril 2014","modified":"Mise \u00e0 jour le 24 janvier 2025"},"absolute_dates_time":{"created":"Publi\u00e9 le 18 avril 2014 10h38","modified":"Mise \u00e0 jour le 24 janvier 2025 11h55"},"featured_img_caption":"","series_order":"","meta_box":[],"_links":{"self":[{"href":"https:\/\/www.creusonslabible.fr\/index.php?rest_route=\/wp\/v2\/posts\/2940","targetHints":{"allow":["GET"]}}],"collection":[{"href":"https:\/\/www.creusonslabible.fr\/index.php?rest_route=\/wp\/v2\/posts"}],"about":[{"href":"https:\/\/www.creusonslabible.fr\/index.php?rest_route=\/wp\/v2\/types\/post"}],"author":[{"embeddable":true,"href":"https:\/\/www.creusonslabible.fr\/index.php?rest_route=\/wp\/v2\/users\/3"}],"replies":[{"embeddable":true,"href":"https:\/\/www.creusonslabible.fr\/index.php?rest_route=%2Fwp%2Fv2%2Fcomments&post=2940"}],"version-history":[{"count":1,"href":"https:\/\/www.creusonslabible.fr\/index.php?rest_route=\/wp\/v2\/posts\/2940\/revisions"}],"predecessor-version":[{"id":11082,"href":"https:\/\/www.creusonslabible.fr\/index.php?rest_route=\/wp\/v2\/posts\/2940\/revisions\/11082"}],"wp:featuredmedia":[{"embeddable":true,"href":"https:\/\/www.creusonslabible.fr\/index.php?rest_route=\/wp\/v2\/media\/4682"}],"wp:attachment":[{"href":"https:\/\/www.creusonslabible.fr\/index.php?rest_route=%2Fwp%2Fv2%2Fmedia&parent=2940"}],"wp:term":[{"taxonomy":"category","embeddable":true,"href":"https:\/\/www.creusonslabible.fr\/index.php?rest_route=%2Fwp%2Fv2%2Fcategories&post=2940"},{"taxonomy":"post_tag","embeddable":true,"href":"https:\/\/www.creusonslabible.fr\/index.php?rest_route=%2Fwp%2Fv2%2Ftags&post=2940"},{"taxonomy":"video","embeddable":true,"href":"https:\/\/www.creusonslabible.fr\/index.php?rest_route=%2Fwp%2Fv2%2Fvideo&post=2940"},{"taxonomy":"audio","embeddable":true,"href":"https:\/\/www.creusonslabible.fr\/index.php?rest_route=%2Fwp%2Fv2%2Faudio&post=2940"},{"taxonomy":"ecrit","embeddable":true,"href":"https:\/\/www.creusonslabible.fr\/index.php?rest_route=%2Fwp%2Fv2%2Fecrit&post=2940"},{"taxonomy":"mis-en-avant","embeddable":true,"href":"https:\/\/www.creusonslabible.fr\/index.php?rest_route=%2Fwp%2Fv2%2Fmis-en-avant&post=2940"},{"taxonomy":"redacteur","embeddable":true,"href":"https:\/\/www.creusonslabible.fr\/index.php?rest_route=%2Fwp%2Fv2%2Fredacteur&post=2940"},{"taxonomy":"type-darticle","embeddable":true,"href":"https:\/\/www.creusonslabible.fr\/index.php?rest_route=%2Fwp%2Fv2%2Ftype-darticle&post=2940"}],"curies":[{"name":"wp","href":"https:\/\/api.w.org\/{rel}","templated":true}]}}