{"id":3007,"date":"2014-10-29T12:38:05","date_gmt":"2014-10-29T12:38:05","guid":{"rendered":"http:\/\/www.creusonslabible.fr\/?p=3007"},"modified":"2026-04-16T18:47:36","modified_gmt":"2026-04-16T16:47:36","slug":"la-periode-intertestamentaire","status":"publish","type":"post","link":"https:\/\/www.creusonslabible.fr\/?p=3007","title":{"rendered":"La p\u00e9riode intertestamentaire"},"content":{"rendered":"\n<h2 class=\"wp-block-heading\">Que s&rsquo;est-il pass\u00e9 entre l&rsquo;\u00e9poque de Malachie et celle de Jean-Baptiste, pendant les quatre si\u00e8cles qui s\u00e9parent l&rsquo;Ancien Testament du Nouveau ? Cette p\u00e9riode assez m\u00e9connue est tr\u00e8s importante pour comprendre le monde dans lequel J\u00e9sus a v\u00e9cu.<\/h2>\n\n\n\n<p>Voici donc un r\u00e9sum\u00e9 en 5 parties :<\/p>\n\n\n\n<h3 class=\"wp-block-heading\">&nbsp;<\/h3>\n\n\n\n<h3 class=\"wp-block-heading\">P\u00e9riode intertestamentaire 1<\/h3>\n\n\n\n<p><iframe loading=\"lazy\" src=\"https:\/\/www.youtube.com\/embed\/JwH82gtdBWY?rel=0\" width=\"560\" height=\"315\" frameborder=\"0\" allowfullscreen=\"allowfullscreen\"><\/iframe><\/p>\n\n\n\n<h3 class=\"wp-block-heading\">&nbsp;<\/h3>\n\n\n\n<h3 class=\"wp-block-heading\">Version audio<\/h3>\n\n\n\n<figure class=\"wp-block-audio\"><audio controls src=\"http:\/\/elearning.gbu.fr\/audio\/Exposes%20divers\/Intertestament%201.mp3\"><\/audio><\/figure>\n\n\n\n<p><a href=\"http:\/\/elearning.gbu.fr\/audio\/Exposes%20divers\/Intertestament%201.mp3\">t\u00e9l\u00e9charger (clic droit \u2013 enregistrer la cible du lien sous)<\/a><\/p>\n\n\n\n<h3 class=\"wp-block-heading\">P\u00e9riode intertestamentaire 2<\/h3>\n\n\n\n<p><iframe loading=\"lazy\" src=\"https:\/\/www.youtube.com\/embed\/UHUYyRXT-48?rel=0\" width=\"560\" height=\"315\" frameborder=\"0\" allowfullscreen=\"allowfullscreen\"><\/iframe><\/p>\n\n\n\n<h3 class=\"wp-block-heading\">Version audio<\/h3>\n\n\n\n<figure class=\"wp-block-audio\"><audio controls src=\"http:\/\/elearning.gbu.fr\/audio\/Exposes%20divers\/Intertestament%202.mp3\"><\/audio><\/figure>\n\n\n\n<p><a href=\"http:\/\/elearning.gbu.fr\/audio\/Exposes%20divers\/Intertestament%202.mp3\">t\u00e9l\u00e9charger (clic droit \u2013 enregistrer la cible du lien sous)<\/a><\/p>\n\n\n\n<h3 class=\"wp-block-heading\">P\u00e9riode intertestamentaire 3<\/h3>\n\n\n\n<p><iframe loading=\"lazy\" src=\"https:\/\/www.youtube.com\/embed\/snrJvTOH9Yc?rel=0\" width=\"560\" height=\"315\" frameborder=\"0\" allowfullscreen=\"allowfullscreen\"><\/iframe><\/p>\n\n\n\n<h3 class=\"wp-block-heading\">Version audio<\/h3>\n\n\n\n<figure class=\"wp-block-audio\"><audio controls src=\"http:\/\/elearning.gbu.fr\/audio\/Exposes%20divers\/Intertestament%203.mp3\"><\/audio><\/figure>\n\n\n\n<p><a href=\"http:\/\/elearning.gbu.fr\/audio\/Exposes%20divers\/Intertestament%203.mp3\">t\u00e9l\u00e9charger (clic droit \u2013 enregistrer la cible du lien sous)<\/a><\/p>\n\n\n\n<h3 class=\"wp-block-heading\">P\u00e9riode intertestamentaire 4<\/h3>\n\n\n\n<p><iframe loading=\"lazy\" src=\"https:\/\/www.youtube.com\/embed\/qV6hF6GJxCw?rel=0\" width=\"560\" height=\"315\" frameborder=\"0\" allowfullscreen=\"allowfullscreen\"><\/iframe><\/p>\n\n\n\n<h3 class=\"wp-block-heading\">Version audio<\/h3>\n\n\n\n<figure class=\"wp-block-audio\"><audio controls src=\"http:\/\/elearning.gbu.fr\/audio\/Exposes%20divers\/Intertestament%204.mp3\"><\/audio><\/figure>\n\n\n\n<p><a href=\"http:\/\/elearning.gbu.fr\/audio\/Exposes%20divers\/Intertestament%204.mp3\">t\u00e9l\u00e9charger (clic droit \u2013 enregistrer la cible du lien sous)<\/a><\/p>\n\n\n\n<h3 class=\"wp-block-heading\">P\u00e9riode intertestamentaire 5 : Bonus<\/h3>\n\n\n\n<p><iframe loading=\"lazy\" src=\"https:\/\/www.youtube.com\/embed\/vmnXnW82fio?rel=0\" width=\"560\" height=\"315\" frameborder=\"0\" allowfullscreen=\"allowfullscreen\"><\/iframe><\/p>\n\n\n\n<h3 class=\"wp-block-heading\">Version audio<\/h3>\n\n\n\n<figure class=\"wp-block-audio\"><audio controls src=\"http:\/\/elearning.gbu.fr\/audio\/Exposes%20divers\/Intertestament%205.mp3\"><\/audio><\/figure>\n\n\n\n<p><a href=\"http:\/\/elearning.gbu.fr\/audio\/Exposes%20divers\/Intertestament%205.mp3\">t\u00e9l\u00e9charger (clic droit \u2013 enregistrer la cible du lien sous)<\/a><\/p>\n\n\n\n<h2 class=\"wp-block-heading\">Si vous voulez continuer le parcours historique, vous pouvez maintenant consulter <a href=\"http:\/\/www.creusonslabible.fr\/?p=4605\">la chronologie d\u00e9taill\u00e9e du Nouveau Testament<\/a><\/h2>\n\n\n\n<p><\/p>\n\n\n\n<h4 class=\"wp-block-heading\">Les audio sont aussi disponibles sur Spotify !<\/h4>\n\n\n\n<p>(Un compte est n\u00e9cessaire pour \u00e9couter en entier, mais il n\u2019y a pas besoin de prendre d\u2019abonnement payant.)<\/p>\n\n\n\n<figure class=\"wp-block-embed is-type-rich is-provider-spotify wp-block-embed-spotify wp-embed-aspect-21-9 wp-has-aspect-ratio\"><div class=\"wp-block-embed__wrapper\">\n<iframe title=\"Spotify Embed: La p\u00e9riode intertestamentaire : 1\/5\" style=\"border-radius: 12px\" width=\"100%\" height=\"352\" frameborder=\"0\" allowfullscreen allow=\"autoplay; clipboard-write; encrypted-media; fullscreen; picture-in-picture\" loading=\"lazy\" src=\"https:\/\/open.spotify.com\/embed\/playlist\/5QefZ2ecfPm5ueXDQ9hRsZ?si=jY0zISZBQ1SmjOjzZcVkrw&amp;utm_source=oembed\"><\/iframe>\n<\/div><\/figure>\n","protected":false},"excerpt":{"rendered":"<p>Que s&rsquo;est-il pass\u00e9 entre l&rsquo;\u00e9poque de Malachie et celle de Jean-Baptiste, pendant les quatre si\u00e8cles qui s\u00e9parent l&rsquo;Ancien Testament du Nouveau ? Cette p\u00e9riode assez m\u00e9connue est tr\u00e8s importante pour comprendre le monde dans lequel J\u00e9sus a v\u00e9cu. Voici donc un r\u00e9sum\u00e9 en 5 parties : &nbsp; P\u00e9riode intertestamentaire 1 &nbsp; Version audio t\u00e9l\u00e9charger (clic [&hellip;]<\/p>\n","protected":false},"author":3,"featured_media":4497,"comment_status":"open","ping_status":"closed","sticky":false,"template":"","format":"standard","meta":{"_acf_changed":false,"_eb_attr":"","advgb_blocks_editor_width":"","advgb_blocks_columns_visual_guide":"","footnotes":""},"categories":[174],"tags":[897,657,81,898,899,569,640,570,900,12,572,78],"video":[],"audio":[],"ecrit":[],"mis-en-avant":[],"redacteur":[],"type-darticle":[],"class_list":["post-3007","post","type-post","status-publish","format-standard","has-post-thumbnail","hentry","category-histoire-d-israel","tag-antiochus","tag-audio","tag-daniel","tag-dedicace","tag-esseniens","tag-hasmoneens","tag-herode","tag-maccabees","tag-periode-intertestamentaire","tag-pharisiens","tag-saduceens","tag-video"],"blocksy_meta":[],"acf":[],"featured_image_src":"https:\/\/www.creusonslabible.fr\/wp-content\/uploads\/2014\/10\/Golden_Gate_Bridge_Dec_15_2015_by_D_Ramey_Logan-1-scaled-1.jpg","author_info":{"display_name":"Yoh","author_link":"https:\/\/www.creusonslabible.fr\/?author=3"},"author_meta":{"display_name":"Yoh","author_link":"https:\/\/www.creusonslabible.fr\/?author=3"},"featured_img":"https:\/\/www.creusonslabible.fr\/wp-content\/uploads\/2014\/10\/Golden_Gate_Bridge_Dec_15_2015_by_D_Ramey_Logan-1-scaled-1-300x85.jpg","coauthors":[],"tax_additional":{"categories":{"linked":["<a href=\"https:\/\/www.creusonslabible.fr\/?cat=174\" class=\"advgb-post-tax-term\">Histoire d&#039;Isra\u00ebl<\/a>"],"unlinked":["<span class=\"advgb-post-tax-term\">Histoire d&#039;Isra\u00ebl<\/span>"]},"tags":{"linked":["<a href=\"https:\/\/www.creusonslabible.fr\/?cat=174\" class=\"advgb-post-tax-term\">antiochus<\/a>","<a href=\"https:\/\/www.creusonslabible.fr\/?cat=174\" class=\"advgb-post-tax-term\">audio<\/a>","<a href=\"https:\/\/www.creusonslabible.fr\/?cat=174\" class=\"advgb-post-tax-term\">Daniel<\/a>","<a href=\"https:\/\/www.creusonslabible.fr\/?cat=174\" class=\"advgb-post-tax-term\">d\u00e9dicace<\/a>","<a href=\"https:\/\/www.creusonslabible.fr\/?cat=174\" class=\"advgb-post-tax-term\">ess\u00e9niens<\/a>","<a href=\"https:\/\/www.creusonslabible.fr\/?cat=174\" class=\"advgb-post-tax-term\">hasmon\u00e9ens<\/a>","<a href=\"https:\/\/www.creusonslabible.fr\/?cat=174\" class=\"advgb-post-tax-term\">h\u00e9rode<\/a>","<a href=\"https:\/\/www.creusonslabible.fr\/?cat=174\" class=\"advgb-post-tax-term\">maccab\u00e9es<\/a>","<a href=\"https:\/\/www.creusonslabible.fr\/?cat=174\" class=\"advgb-post-tax-term\">P\u00e9riode intertestamentaire<\/a>","<a href=\"https:\/\/www.creusonslabible.fr\/?cat=174\" class=\"advgb-post-tax-term\">Pharisiens<\/a>","<a href=\"https:\/\/www.creusonslabible.fr\/?cat=174\" class=\"advgb-post-tax-term\">saduc\u00e9ens<\/a>","<a href=\"https:\/\/www.creusonslabible.fr\/?cat=174\" class=\"advgb-post-tax-term\">vid\u00e9o<\/a>"],"unlinked":["<span class=\"advgb-post-tax-term\">antiochus<\/span>","<span class=\"advgb-post-tax-term\">audio<\/span>","<span class=\"advgb-post-tax-term\">Daniel<\/span>","<span class=\"advgb-post-tax-term\">d\u00e9dicace<\/span>","<span class=\"advgb-post-tax-term\">ess\u00e9niens<\/span>","<span class=\"advgb-post-tax-term\">hasmon\u00e9ens<\/span>","<span class=\"advgb-post-tax-term\">h\u00e9rode<\/span>","<span class=\"advgb-post-tax-term\">maccab\u00e9es<\/span>","<span class=\"advgb-post-tax-term\">P\u00e9riode intertestamentaire<\/span>","<span class=\"advgb-post-tax-term\">Pharisiens<\/span>","<span class=\"advgb-post-tax-term\">saduc\u00e9ens<\/span>","<span class=\"advgb-post-tax-term\">vid\u00e9o<\/span>"]}},"comment_count":"3","relative_dates":{"created":"Publi\u00e9 12 ans il y a","modified":"Mis \u00e0 jour 2 semaines il y a"},"absolute_dates":{"created":"Publi\u00e9 le 29 octobre 2014","modified":"Mise \u00e0 jour le 16 avril 2026"},"absolute_dates_time":{"created":"Publi\u00e9 le 29 octobre 2014 12h38","modified":"Mise \u00e0 jour le 16 avril 2026 18h47"},"featured_img_caption":"","series_order":"","meta_box":[],"_links":{"self":[{"href":"https:\/\/www.creusonslabible.fr\/index.php?rest_route=\/wp\/v2\/posts\/3007","targetHints":{"allow":["GET"]}}],"collection":[{"href":"https:\/\/www.creusonslabible.fr\/index.php?rest_route=\/wp\/v2\/posts"}],"about":[{"href":"https:\/\/www.creusonslabible.fr\/index.php?rest_route=\/wp\/v2\/types\/post"}],"author":[{"embeddable":true,"href":"https:\/\/www.creusonslabible.fr\/index.php?rest_route=\/wp\/v2\/users\/3"}],"replies":[{"embeddable":true,"href":"https:\/\/www.creusonslabible.fr\/index.php?rest_route=%2Fwp%2Fv2%2Fcomments&post=3007"}],"version-history":[{"count":3,"href":"https:\/\/www.creusonslabible.fr\/index.php?rest_route=\/wp\/v2\/posts\/3007\/revisions"}],"predecessor-version":[{"id":12581,"href":"https:\/\/www.creusonslabible.fr\/index.php?rest_route=\/wp\/v2\/posts\/3007\/revisions\/12581"}],"wp:featuredmedia":[{"embeddable":true,"href":"https:\/\/www.creusonslabible.fr\/index.php?rest_route=\/wp\/v2\/media\/4497"}],"wp:attachment":[{"href":"https:\/\/www.creusonslabible.fr\/index.php?rest_route=%2Fwp%2Fv2%2Fmedia&parent=3007"}],"wp:term":[{"taxonomy":"category","embeddable":true,"href":"https:\/\/www.creusonslabible.fr\/index.php?rest_route=%2Fwp%2Fv2%2Fcategories&post=3007"},{"taxonomy":"post_tag","embeddable":true,"href":"https:\/\/www.creusonslabible.fr\/index.php?rest_route=%2Fwp%2Fv2%2Ftags&post=3007"},{"taxonomy":"video","embeddable":true,"href":"https:\/\/www.creusonslabible.fr\/index.php?rest_route=%2Fwp%2Fv2%2Fvideo&post=3007"},{"taxonomy":"audio","embeddable":true,"href":"https:\/\/www.creusonslabible.fr\/index.php?rest_route=%2Fwp%2Fv2%2Faudio&post=3007"},{"taxonomy":"ecrit","embeddable":true,"href":"https:\/\/www.creusonslabible.fr\/index.php?rest_route=%2Fwp%2Fv2%2Fecrit&post=3007"},{"taxonomy":"mis-en-avant","embeddable":true,"href":"https:\/\/www.creusonslabible.fr\/index.php?rest_route=%2Fwp%2Fv2%2Fmis-en-avant&post=3007"},{"taxonomy":"redacteur","embeddable":true,"href":"https:\/\/www.creusonslabible.fr\/index.php?rest_route=%2Fwp%2Fv2%2Fredacteur&post=3007"},{"taxonomy":"type-darticle","embeddable":true,"href":"https:\/\/www.creusonslabible.fr\/index.php?rest_route=%2Fwp%2Fv2%2Ftype-darticle&post=3007"}],"curies":[{"name":"wp","href":"https:\/\/api.w.org\/{rel}","templated":true}]}}