{"id":3022,"date":"2014-11-20T15:08:25","date_gmt":"2014-11-20T15:08:25","guid":{"rendered":"http:\/\/www.creusonslabible.fr\/?p=3022"},"modified":"2025-01-24T11:55:35","modified_gmt":"2025-01-24T09:55:35","slug":"luc-1-1-4-projet-redactionnel","status":"publish","type":"post","link":"https:\/\/www.creusonslabible.fr\/?p=3022","title":{"rendered":"Luc 1.1-4 &#8211; Projet r\u00e9dactionnel"},"content":{"rendered":"<p><span style=\"font-size: 11.000000pt; font-family: 'Cambria,BoldItalic';\"><strong>Question pre\u0301alable :<\/strong> <\/span><span style=\"font-size: 11.000000pt; font-family: 'Cambria,Italic';\">Quand vous e\u0302tes confronte\u0301s a\u0300 une information, sur quels crite\u0300res pouvez-vous juger de sa ve\u0301racite\u0301 ?<br \/>\n<\/span><\/p>\n<p><span style=\"font-size: 11.000000pt; font-family: 'Cambria,Bold';\"><strong>Lire le texte.<\/strong> <\/span><\/p>\n<div class=\"page\" title=\"Page 2\">\n<div class=\"layoutArea\">\n<div class=\"column\">\n<p><span style=\"font-size: 11.000000pt; font-family: 'Cambria,Bold';\"><strong>QUESTIONS :<\/strong> <\/span><\/p>\n<\/div>\n<\/div>\n<div class=\"layoutArea\">\n<div class=\"column\">\n<ol>\n<li><span style=\"font-size: 11.000000pt; font-family: 'Cambria';\">Qui e\u0301tait Luc ? Lire Actes 27.1 : \u00ab nous \u00bb : un compagnon de Paul, donc pas un te\u0301moin oculaire de Je\u0301sus. The\u0301ophile Note sur The\u0301ophile : note semeur + intro semeur <\/span><\/li>\n<li><span style=\"font-size: 11.000000pt; font-family: 'Cambria';\">Chre\u0301tien d\u2019origine pai\u0308enne : n\u2019a jamais connu Je\u0301sus de son vivant. Quelles questions peut-il se poser par rapport a\u0300 l\u2019existence de Je\u0301sus ?<br \/>\nRelevez les termes qui semblent relever d\u2019une de\u0301marche de journaliste ou d\u2019enque\u0302teur : qu\u2019est-ce que cela dit de la de\u0301marche de Luc ? <\/span><\/li>\n<li><span style=\"font-size: 11.000000pt; font-family: 'Cambria';\">Quelle sont les sources d\u2019information de Luc ? Quel est son projet final? Peut-on reconstituer le parcours de l\u2019information du de\u0301but jusqu\u2019a\u0300 la fin ?<br \/>\nLisez le v.5 : en quoi cela confirme \u2013t- il le se\u0301rieux de la de\u0301marche de Luc ? <\/span><\/li>\n<li><span style=\"font-size: 11.000000pt; font-family: 'Cambria';\">v.2 : des te\u0301moins oculaires devenus serviteurs de la Parole : de qui peut-il s\u2019agit ? (voir Actes 4.20), et de quoi ont-ils e\u0301te\u0301 te\u0301moins ? Pourquoi, de te\u0301moins oculaires, sont-ils devenus serviteurs de la Parole ? Pourquoi une telle motivation ? (voir Actes 4.11 et 12)<br \/>\nQuel est le but de cette de\u0301marche ? En quoi cela va \u2013t-il servir a\u0300 The\u0301ophile ? <\/span><\/li>\n<li><span style=\"font-size: 11.000000pt; font-family: 'Cambria,Italic';\">Note : v.4 \u00ab enseignements rec\u0327us \u00bb : certainement par oral, par opposition a\u0300 ce que Luc est en train de faire (e\u0301crit). <\/span><\/li>\n<\/ol>\n<\/div>\n<\/div>\n<div class=\"layoutArea\">\n<div class=\"column\">\n<p><span style=\"font-size: 11.000000pt; font-family: 'Cambria,Bold';\"><strong>APPLICATIONS :<\/strong> <\/span><\/p>\n<ol style=\"list-style-type: decimal;\" start=\"6\">\n<li style=\"font-size: 11.000000pt; font-family: 'Cambria';\"><span style=\"font-size: 11.000000pt; font-family: 'Cambria';\">Quel point commun avons-nous avec The\u0301ophile ? <\/span><\/li>\n<li style=\"font-size: 11.000000pt; font-family: 'Cambria';\"><span style=\"font-size: 11.000000pt; font-family: 'Cambria';\">Pourquoi est-il difficile de croire ce que l\u2019on n\u2019a pas vu de ses propres yeux ? <\/span><\/li>\n<li style=\"font-size: 11.000000pt; font-family: 'Cambria';\"><span style=\"font-size: 11.000000pt; font-family: 'Cambria';\">En quoi la de\u0301marche et le travail de Luc peuvent-ils alors nous rassurer ? <\/span><\/li>\n<\/ol>\n<\/div>\n<\/div>\n<div class=\"section\">\n<div class=\"layoutArea\">\n<div class=\"column\">\n<p>&nbsp;<\/p>\n<p><strong><span style=\"font-size: 11pt; font-family: 'Cambria';\"><span style=\"font-size: 11pt; font-family: 'Cambria';\">Quelques chiffres<\/span> pour l\u2019animateur :<\/span><\/strong><\/p>\n<p><span style=\"font-size: 11.000000pt; font-family: 'Cambria';\"><br \/>\n&#8211; <\/span><strong><span style=\"font-size: 11pt; font-family: 'Cambria,Bold';\">Guerre des Gaules de Jules Ce\u0301sar <\/span><\/strong><span style=\"font-size: 11.000000pt; font-family: 'Cambria';\"><strong>(58 &#8211; 50 avant JC) :<\/strong> 10 manuscrits conserve\u0301s. Date de la plus ancienne copie : 900 apre\u0300s JC. (soit un de\u0301calage de plus de 900 ans entre les faits et le manuscrit le plus ancien retrouve\u0301) <\/span><\/p>\n<p><strong><span style=\"font-size: 11pt; font-family: 'Cambria,Bold';\">&#8211; Nouveau Testament <\/span><\/strong><span style=\"font-size: 11.000000pt; font-family: 'Cambria';\"><strong>(48 &#8211; 95 apre\u0300s JC) :<\/strong> 5.500 manuscrits complets. Date de la plus ancienne copie : 200 apre\u0300s JC. (Soit un de\u0301calage de 100 ans entre la fin de la re\u0301daction du dernier e\u0301vangile (Jean) et le plus ancien manuscrit retrouve\u0301, ce qui n\u2019est rien pour un manuscrit aussi ancien) <\/span><\/p>\n<\/div>\n<\/div>\n<\/div>\n<\/div>\n","protected":false},"excerpt":{"rendered":"<p>Question pre\u0301alable : Quand vous e\u0302tes confronte\u0301s a\u0300 une information, sur quels crite\u0300res pouvez-vous juger de sa ve\u0301racite\u0301 ? Lire le texte. QUESTIONS : Qui e\u0301tait Luc ? Lire Actes 27.1 : \u00ab nous \u00bb : un compagnon de Paul, donc pas un te\u0301moin oculaire de Je\u0301sus. The\u0301ophile Note sur The\u0301ophile : note semeur + [&hellip;]<\/p>\n","protected":false},"author":3,"featured_media":2136,"comment_status":"open","ping_status":"closed","sticky":false,"template":"","format":"standard","meta":{"_acf_changed":false,"_eb_attr":"","advgb_blocks_editor_width":"","advgb_blocks_columns_visual_guide":"","footnotes":""},"categories":[10,21],"tags":[651,22,23,901],"video":[],"audio":[],"ecrit":[],"mis-en-avant":[],"redacteur":[],"type-darticle":[],"class_list":["post-3022","post","type-post","status-publish","format-standard","has-post-thumbnail","hentry","category-discussions-autour-de-la-bible","category-la-bible","tag-ecrit","tag-luc","tag-nouveau-testament","tag-theophile"],"blocksy_meta":[],"acf":[],"featured_image_src":"https:\/\/www.creusonslabible.fr\/wp-content\/uploads\/2012\/07\/Luc-1.jpg","author_info":{"display_name":"Yoh","author_link":"https:\/\/www.creusonslabible.fr\/?author=3"},"author_meta":{"display_name":"Yoh","author_link":"https:\/\/www.creusonslabible.fr\/?author=3"},"featured_img":"https:\/\/www.creusonslabible.fr\/wp-content\/uploads\/2012\/07\/Luc-1.jpg","coauthors":[],"tax_additional":{"categories":{"linked":["<a href=\"https:\/\/www.creusonslabible.fr\/?cat=10\" class=\"advgb-post-tax-term\">Discussions autour de la Bible<\/a>","<a href=\"https:\/\/www.creusonslabible.fr\/?cat=21\" class=\"advgb-post-tax-term\">La Bible<\/a>"],"unlinked":["<span class=\"advgb-post-tax-term\">Discussions autour de la Bible<\/span>","<span class=\"advgb-post-tax-term\">La Bible<\/span>"]},"tags":{"linked":["<a href=\"https:\/\/www.creusonslabible.fr\/?cat=21\" class=\"advgb-post-tax-term\">\u00e9crit<\/a>","<a href=\"https:\/\/www.creusonslabible.fr\/?cat=21\" class=\"advgb-post-tax-term\">Luc<\/a>","<a href=\"https:\/\/www.creusonslabible.fr\/?cat=21\" class=\"advgb-post-tax-term\">Nouveau-Testament<\/a>","<a href=\"https:\/\/www.creusonslabible.fr\/?cat=21\" class=\"advgb-post-tax-term\">Th\u00e9ophile<\/a>"],"unlinked":["<span class=\"advgb-post-tax-term\">\u00e9crit<\/span>","<span class=\"advgb-post-tax-term\">Luc<\/span>","<span class=\"advgb-post-tax-term\">Nouveau-Testament<\/span>","<span class=\"advgb-post-tax-term\">Th\u00e9ophile<\/span>"]}},"comment_count":"0","relative_dates":{"created":"Publi\u00e9 11 ans il y a","modified":"Mis \u00e0 jour 1 an il y a"},"absolute_dates":{"created":"Publi\u00e9 le 20 novembre 2014","modified":"Mise \u00e0 jour le 24 janvier 2025"},"absolute_dates_time":{"created":"Publi\u00e9 le 20 novembre 2014 15h08","modified":"Mise \u00e0 jour le 24 janvier 2025 11h55"},"featured_img_caption":"","series_order":"","meta_box":[],"_links":{"self":[{"href":"https:\/\/www.creusonslabible.fr\/index.php?rest_route=\/wp\/v2\/posts\/3022","targetHints":{"allow":["GET"]}}],"collection":[{"href":"https:\/\/www.creusonslabible.fr\/index.php?rest_route=\/wp\/v2\/posts"}],"about":[{"href":"https:\/\/www.creusonslabible.fr\/index.php?rest_route=\/wp\/v2\/types\/post"}],"author":[{"embeddable":true,"href":"https:\/\/www.creusonslabible.fr\/index.php?rest_route=\/wp\/v2\/users\/3"}],"replies":[{"embeddable":true,"href":"https:\/\/www.creusonslabible.fr\/index.php?rest_route=%2Fwp%2Fv2%2Fcomments&post=3022"}],"version-history":[{"count":1,"href":"https:\/\/www.creusonslabible.fr\/index.php?rest_route=\/wp\/v2\/posts\/3022\/revisions"}],"predecessor-version":[{"id":11076,"href":"https:\/\/www.creusonslabible.fr\/index.php?rest_route=\/wp\/v2\/posts\/3022\/revisions\/11076"}],"wp:featuredmedia":[{"embeddable":true,"href":"https:\/\/www.creusonslabible.fr\/index.php?rest_route=\/wp\/v2\/media\/2136"}],"wp:attachment":[{"href":"https:\/\/www.creusonslabible.fr\/index.php?rest_route=%2Fwp%2Fv2%2Fmedia&parent=3022"}],"wp:term":[{"taxonomy":"category","embeddable":true,"href":"https:\/\/www.creusonslabible.fr\/index.php?rest_route=%2Fwp%2Fv2%2Fcategories&post=3022"},{"taxonomy":"post_tag","embeddable":true,"href":"https:\/\/www.creusonslabible.fr\/index.php?rest_route=%2Fwp%2Fv2%2Ftags&post=3022"},{"taxonomy":"video","embeddable":true,"href":"https:\/\/www.creusonslabible.fr\/index.php?rest_route=%2Fwp%2Fv2%2Fvideo&post=3022"},{"taxonomy":"audio","embeddable":true,"href":"https:\/\/www.creusonslabible.fr\/index.php?rest_route=%2Fwp%2Fv2%2Faudio&post=3022"},{"taxonomy":"ecrit","embeddable":true,"href":"https:\/\/www.creusonslabible.fr\/index.php?rest_route=%2Fwp%2Fv2%2Fecrit&post=3022"},{"taxonomy":"mis-en-avant","embeddable":true,"href":"https:\/\/www.creusonslabible.fr\/index.php?rest_route=%2Fwp%2Fv2%2Fmis-en-avant&post=3022"},{"taxonomy":"redacteur","embeddable":true,"href":"https:\/\/www.creusonslabible.fr\/index.php?rest_route=%2Fwp%2Fv2%2Fredacteur&post=3022"},{"taxonomy":"type-darticle","embeddable":true,"href":"https:\/\/www.creusonslabible.fr\/index.php?rest_route=%2Fwp%2Fv2%2Ftype-darticle&post=3022"}],"curies":[{"name":"wp","href":"https:\/\/api.w.org\/{rel}","templated":true}]}}