{"id":3025,"date":"2014-11-20T15:17:13","date_gmt":"2014-11-20T15:17:13","guid":{"rendered":"http:\/\/www.creusonslabible.fr\/?p=3025"},"modified":"2025-01-24T11:55:35","modified_gmt":"2025-01-24T09:55:35","slug":"luc-4-16-30-jesus-lance-son-ministere","status":"publish","type":"post","link":"https:\/\/www.creusonslabible.fr\/?p=3025","title":{"rendered":"Luc 4.16-30 &#8211; J\u00e9sus lance son minist\u00e8re"},"content":{"rendered":"<div class=\"page\" title=\"Page 3\">\n<div class=\"layoutArea\">\n<div class=\"column\">\n<p><span style=\"font-size: 11.000000pt; font-family: 'Cambria';\">Bonne nouvelle a\u0300 Nazareth, Je\u0301sus pre\u0302che sur le livre d\u2019Esai\u0308e <\/span><\/p>\n<p><span style=\"font-size: 11.000000pt; font-family: 'Cambria,Italic';\">Apre\u0300s avoir e\u0301te\u0301 baptise\u0301 puis tente\u0301, Je\u0301sus retourna en Galile\u0301e, rempli de la puissance de l\u2019Esprit. Il enseignait dans les synagogues et sa re\u0301putation se re\u0301pandait dans toute la re\u0301gion. Il se rendit dans une synagogue a\u0300 Nazareth un jour de sabbat pour pre\u0302cher,&#8230; casser l\u2019ambiance !<br \/>\n<\/span><\/p>\n<p><strong><span style=\"font-size: 11pt; font-family: 'Cambria,Bold';\">Lire le texte. <\/span><\/strong><\/p>\n<\/div>\n<\/div>\n<div class=\"layoutArea\">\n<div class=\"column\">\n<ol>\n<li><span style=\"font-size: 11.000000pt; font-family: 'Cambria';\">Ou\u0300 se passe la sce\u0300ne ? Quand ?<\/span><\/li>\n<li><span style=\"font-size: 11.000000pt; font-family: 'Cambria';\">Sur qui l\u2019auteur veut-il attirer l\u2019attention du lecteur ?<\/span><\/li>\n<li><span style=\"font-size: 11.000000pt; font-family: 'Cambria';\"> Comment le fait-il ? Qui sont les autres personnages ? <\/span><\/li>\n<li><span style=\"font-size: 11.000000pt; font-family: 'Cambria';\">Des auditeurs, un passage biblique puis un commentaire sur celui-ci ; a\u0300 quoi cela vous fait-il penser ? Que fait Je\u0301sus en fin de compte ?<br \/>\n<\/span><br \/>\n<span style=\"font-size: 11.000000pt; font-family: 'Cambria,Italic';\"><em>L\u2019action comporte 3 temps : lecture du passage (16-20), discours (21-27) puis re\u0301action (28-30).<\/em><\/span><br \/>\n<span style=\"font-size: 11.000000pt; font-family: 'Cambria,Italic';\"><em> Nous n\u2019allons pas analyser les diffe\u0301rents temps mais pluto\u0302t repe\u0301rer quatre the\u0300mes qui se de\u0301gagent de la pre\u0301dication pour en de\u0301terminer le message. Ensuite, nous verrons l\u2019impact de cette pre\u0301dication sur les auditeurs puis sur nous.<\/em> <\/span><\/li>\n<\/ol>\n<\/div>\n<\/div>\n<div class=\"layoutArea\">\n<div class=\"column\">\n<p><strong><span style=\"font-size: 11pt; font-family: 'Cambria,Bold';\">QUATRE POINTS DE LA PRE\u0301DICATION DE JESUS : <\/span><\/strong><\/p>\n<\/div>\n<\/div>\n<div class=\"layoutArea\">\n<div class=\"column\">\n<ol>\n<li><span style=\"font-size: 11.000000pt; font-family: 'Cambria';\">v.18 a\u0300 19 : Qu\u2019affirme la citation d\u2019E\u0301sai\u0308e 61.1-2 ? La parole de Je\u0301sus au v. 21 est surprenante,<br \/>\nnous y reviendrons.<\/span><\/li>\n<li><span style=\"font-size: 11.000000pt; font-family: 'Cambria';\">v. 22 a\u0300 24 : Doit-on comprendre la question des auditeurs (v.22) de manie\u0300re positive ou ne\u0301gative ? Quel est le sens du proverbe cite\u0301 par Je\u0301sus (v.23) ? Quelle ve\u0301rite\u0301 et quelle conclusion Je\u0301sus tire-t-il au v.24 ? <\/span><\/li>\n<li><span style=\"font-size: 11.000000pt; font-family: 'Cambria';\">v.25 a\u0300 27 : Quel est le point commun entre la veuve de Sarepta et Naaman le Syrien ? Quelle autre ve\u0301rite\u0301 Je\u0301sus annonce-t-il ici ? <\/span><\/li>\n<li><span style=\"font-size: 11.000000pt; font-family: 'Cambria';\">v.28 a\u0300 30 : Que se passe-t-il au final ? <\/span><\/li>\n<\/ol>\n<p><span style=\"font-size: 11.000000pt; font-family: 'Cambria,Italic';\"><em>Re\u0301sumons le message de sa pre\u0301dication : Dieu a donne\u0301 a\u0300 Je\u0301sus la mission de proclamer la gra\u0302ce<\/em><br \/>\n<em> accorde\u0301e par le Seigneur (v.18 a\u0300 29). Ce message rencontre de l\u2019opposition de la part des juifs (v.22 a\u0300 24), c\u2019est pourquoi il sera proclame\u0301 aux non-juifs (v.25 a\u0300 27). Cette opposition atteint son point culminant dans le rejet (et la mort) de Je\u0301sus (v.28 a\u0300 30).<\/em> <\/span><\/p>\n<\/div>\n<\/div>\n<div class=\"layoutArea\">\n<div class=\"column\">\n<p><span style=\"font-size: 11.000000pt; font-family: 'Cambria,Bold';\"><strong>COMMENT RE\u0301AGISSENT LES AUDITEURS ?<\/strong> <\/span><\/p>\n<ol>\n<li><span style=\"font-size: 11.000000pt; font-family: 'Cambria';\">Comment e\u0301volue l\u2019attitude des auditeurs du commencement de la pre\u0301dication a\u0300 la fin ? Comment expliquez-vous cette e\u0301volution ? <\/span><\/li>\n<li><span style=\"font-size: 11.000000pt; font-family: 'Cambria';\">Voyez-vous un paralle\u0300le entre cet e\u0301pisode et le ministe\u0300re terrestre de Je\u0301sus ? <\/span><\/li>\n<\/ol>\n<p><span style=\"font-size: 11.000000pt; font-family: 'Cambria,Bold';\"><strong>ET NOUS ALORS ?<\/strong> <\/span><\/p>\n<ul>\n<li><span style=\"font-size: 11.000000pt; font-family: 'Cambria';\">En quoi la parole de Je\u0301sus au v.21 continue-t-elle a\u0300 se re\u0301aliser aujourd\u2019hui ?<\/span><\/li>\n<li><span style=\"font-size: 11.000000pt; font-family: 'Cambria';\">Sommes-nous contents que l\u2019E\u0301vangile soit arrive\u0301 jusqu\u2019a\u0300 nous ? Si oui, comment faire pour que ce message continue a\u0300 e\u0302tre diffuse\u0301 ?<\/span><\/li>\n<li><span style=\"font-size: 11.000000pt; font-family: 'Cambria';\">L\u2019e\u0301coute d\u2019une pre\u0301dication vous a-t-elle de\u0301ja\u0300 fait bondir ? Pourquoi ?<\/span><\/li>\n<li><span style=\"font-size: 11.000000pt; font-family: 'Cambria';\">Vous est-il de\u0301ja\u0300 arrive\u0301 de parler de Je\u0301sus ou de la Bible a\u0300 des gens ? Comment ont-ils re\u0301agi ? <\/span><\/li>\n<\/ul>\n<\/div>\n<\/div>\n<\/div>\n","protected":false},"excerpt":{"rendered":"<p>Bonne nouvelle a\u0300 Nazareth, Je\u0301sus pre\u0302che sur le livre d\u2019Esai\u0308e Apre\u0300s avoir e\u0301te\u0301 baptise\u0301 puis tente\u0301, Je\u0301sus retourna en Galile\u0301e, rempli de la puissance de l\u2019Esprit. Il enseignait dans les synagogues et sa re\u0301putation se re\u0301pandait dans toute la re\u0301gion. Il se rendit dans une synagogue a\u0300 Nazareth un jour de sabbat pour pre\u0302cher,&#8230; casser [&hellip;]<\/p>\n","protected":false},"author":3,"featured_media":1698,"comment_status":"open","ping_status":"closed","sticky":false,"template":"","format":"standard","meta":{"_acf_changed":false,"_eb_attr":"","advgb_blocks_editor_width":"","advgb_blocks_columns_visual_guide":"","footnotes":""},"categories":[10,21],"tags":[651,127,22,264,23,367,561],"video":[],"audio":[],"ecrit":[],"mis-en-avant":[],"redacteur":[],"type-darticle":[],"class_list":["post-3025","post","type-post","status-publish","format-standard","has-post-thumbnail","hentry","category-discussions-autour-de-la-bible","category-la-bible","tag-ecrit","tag-esaie","tag-luc","tag-messie","tag-nouveau-testament","tag-prophetie","tag-serviteur"],"blocksy_meta":[],"acf":[],"featured_image_src":"https:\/\/www.creusonslabible.fr\/wp-content\/uploads\/2013\/08\/Rouleau-1.jpg","author_info":{"display_name":"Yoh","author_link":"https:\/\/www.creusonslabible.fr\/?author=3"},"author_meta":{"display_name":"Yoh","author_link":"https:\/\/www.creusonslabible.fr\/?author=3"},"featured_img":"https:\/\/www.creusonslabible.fr\/wp-content\/uploads\/2013\/08\/Rouleau-1.jpg","coauthors":[],"tax_additional":{"categories":{"linked":["<a href=\"https:\/\/www.creusonslabible.fr\/?cat=10\" class=\"advgb-post-tax-term\">Discussions autour de la Bible<\/a>","<a href=\"https:\/\/www.creusonslabible.fr\/?cat=21\" class=\"advgb-post-tax-term\">La Bible<\/a>"],"unlinked":["<span class=\"advgb-post-tax-term\">Discussions autour de la Bible<\/span>","<span class=\"advgb-post-tax-term\">La Bible<\/span>"]},"tags":{"linked":["<a href=\"https:\/\/www.creusonslabible.fr\/?cat=21\" class=\"advgb-post-tax-term\">\u00e9crit<\/a>","<a href=\"https:\/\/www.creusonslabible.fr\/?cat=21\" class=\"advgb-post-tax-term\">\u00c9sa\u00efe<\/a>","<a href=\"https:\/\/www.creusonslabible.fr\/?cat=21\" class=\"advgb-post-tax-term\">Luc<\/a>","<a href=\"https:\/\/www.creusonslabible.fr\/?cat=21\" class=\"advgb-post-tax-term\">messie<\/a>","<a href=\"https:\/\/www.creusonslabible.fr\/?cat=21\" class=\"advgb-post-tax-term\">Nouveau-Testament<\/a>","<a href=\"https:\/\/www.creusonslabible.fr\/?cat=21\" class=\"advgb-post-tax-term\">proph\u00e9tie<\/a>","<a href=\"https:\/\/www.creusonslabible.fr\/?cat=21\" class=\"advgb-post-tax-term\">serviteur<\/a>"],"unlinked":["<span class=\"advgb-post-tax-term\">\u00e9crit<\/span>","<span class=\"advgb-post-tax-term\">\u00c9sa\u00efe<\/span>","<span class=\"advgb-post-tax-term\">Luc<\/span>","<span class=\"advgb-post-tax-term\">messie<\/span>","<span class=\"advgb-post-tax-term\">Nouveau-Testament<\/span>","<span class=\"advgb-post-tax-term\">proph\u00e9tie<\/span>","<span class=\"advgb-post-tax-term\">serviteur<\/span>"]}},"comment_count":"0","relative_dates":{"created":"Publi\u00e9 11 ans il y a","modified":"Mis \u00e0 jour 1 an il y a"},"absolute_dates":{"created":"Publi\u00e9 le 20 novembre 2014","modified":"Mise \u00e0 jour le 24 janvier 2025"},"absolute_dates_time":{"created":"Publi\u00e9 le 20 novembre 2014 15h17","modified":"Mise \u00e0 jour le 24 janvier 2025 11h55"},"featured_img_caption":"","series_order":"","meta_box":[],"_links":{"self":[{"href":"https:\/\/www.creusonslabible.fr\/index.php?rest_route=\/wp\/v2\/posts\/3025","targetHints":{"allow":["GET"]}}],"collection":[{"href":"https:\/\/www.creusonslabible.fr\/index.php?rest_route=\/wp\/v2\/posts"}],"about":[{"href":"https:\/\/www.creusonslabible.fr\/index.php?rest_route=\/wp\/v2\/types\/post"}],"author":[{"embeddable":true,"href":"https:\/\/www.creusonslabible.fr\/index.php?rest_route=\/wp\/v2\/users\/3"}],"replies":[{"embeddable":true,"href":"https:\/\/www.creusonslabible.fr\/index.php?rest_route=%2Fwp%2Fv2%2Fcomments&post=3025"}],"version-history":[{"count":1,"href":"https:\/\/www.creusonslabible.fr\/index.php?rest_route=\/wp\/v2\/posts\/3025\/revisions"}],"predecessor-version":[{"id":11075,"href":"https:\/\/www.creusonslabible.fr\/index.php?rest_route=\/wp\/v2\/posts\/3025\/revisions\/11075"}],"wp:featuredmedia":[{"embeddable":true,"href":"https:\/\/www.creusonslabible.fr\/index.php?rest_route=\/wp\/v2\/media\/1698"}],"wp:attachment":[{"href":"https:\/\/www.creusonslabible.fr\/index.php?rest_route=%2Fwp%2Fv2%2Fmedia&parent=3025"}],"wp:term":[{"taxonomy":"category","embeddable":true,"href":"https:\/\/www.creusonslabible.fr\/index.php?rest_route=%2Fwp%2Fv2%2Fcategories&post=3025"},{"taxonomy":"post_tag","embeddable":true,"href":"https:\/\/www.creusonslabible.fr\/index.php?rest_route=%2Fwp%2Fv2%2Ftags&post=3025"},{"taxonomy":"video","embeddable":true,"href":"https:\/\/www.creusonslabible.fr\/index.php?rest_route=%2Fwp%2Fv2%2Fvideo&post=3025"},{"taxonomy":"audio","embeddable":true,"href":"https:\/\/www.creusonslabible.fr\/index.php?rest_route=%2Fwp%2Fv2%2Faudio&post=3025"},{"taxonomy":"ecrit","embeddable":true,"href":"https:\/\/www.creusonslabible.fr\/index.php?rest_route=%2Fwp%2Fv2%2Fecrit&post=3025"},{"taxonomy":"mis-en-avant","embeddable":true,"href":"https:\/\/www.creusonslabible.fr\/index.php?rest_route=%2Fwp%2Fv2%2Fmis-en-avant&post=3025"},{"taxonomy":"redacteur","embeddable":true,"href":"https:\/\/www.creusonslabible.fr\/index.php?rest_route=%2Fwp%2Fv2%2Fredacteur&post=3025"},{"taxonomy":"type-darticle","embeddable":true,"href":"https:\/\/www.creusonslabible.fr\/index.php?rest_route=%2Fwp%2Fv2%2Ftype-darticle&post=3025"}],"curies":[{"name":"wp","href":"https:\/\/api.w.org\/{rel}","templated":true}]}}