{"id":3037,"date":"2014-11-20T17:55:04","date_gmt":"2014-11-20T17:55:04","guid":{"rendered":"http:\/\/www.creusonslabible.fr\/?p=3037"},"modified":"2025-01-24T12:12:18","modified_gmt":"2025-01-24T10:12:18","slug":"actes-2-lesprit-de-pentecote","status":"publish","type":"post","link":"https:\/\/www.creusonslabible.fr\/?p=3037","title":{"rendered":"Actes 2 &#8211; L&rsquo;Esprit de Pentec\u00f4te"},"content":{"rendered":"<p><strong>Note pour l&rsquo;animateur :<\/strong> Il est recommand\u00e9 \u00e0 l&rsquo;animateur de lire l&rsquo;introduction aux Actes des Ap\u00f4tres <a href=\"http:\/\/www.creusonslabible.fr\/?p=266\" target=\"_blank\" rel=\"noopener\">ici<\/a>.<\/p>\n<div class=\"page\" title=\"Page 3\">\n<div>\n<div>\n<h4>Accroche<\/h4>\n<p>Quels \u00e9v\u00e9nementi peuvent changer brusquement la trajectoire d&rsquo;une vie ?\u00a0<\/p>\n<h4>Contexte<\/h4>\n<p>Le livre des Actes raconte comment la Bonne Nouvelle de J\u00e9sus s&rsquo;est r\u00e9pandu dans tout le bassin m\u00e9diterran\u00e9en gr\u00e2ce au t\u00e9moignage des ap\u00f4tres. Au chapitre pr\u00e9c\u00e9dent, avant son ascension, J\u00e9sus a donn\u00e9 l&rsquo;ordre aux disciples d&rsquo;attendre que le Saint Esprit descendre sur eux afin d&rsquo;\u00eatre capables de t\u00e9moigner jusqu&rsquo;aux confins du monde. Voyons comment le Saint Esprit va faire son entr\u00e9e !<\/p>\n<\/div>\n<\/div>\n<div class=\"layoutArea\">\n<div>\n<p>Lire le texte.<\/p>\n<\/div>\n<h4><strong>La r\u00e9alisation de la promesse (1-13)<\/strong><\/h4>\n<ul>\n<li>Quels sont les personnages pr\u00e9sents des versets 1 \u00e0 4\u00a0?<\/li>\n<li>Que font-ils ici\u00a0? Qu&rsquo;attendaient-ils\u00a0?<\/li>\n<li>Que se passe-t-il\u00a0?<\/li>\n<li>Qu&rsquo;est que cela nous apprend sur J\u00e9sus et Dieu\u00a0?<\/li>\n<li>Quels sont les personnages pr\u00e9sents des versets 5 \u00e0 13\u00a0? Pourquoi sont-ils l\u00e0 ?<\/li>\n<li>Que se passe-t-il\u00a0? Pourquoi les gens sont \u00e9tonn\u00e9s\u00a0?<\/li>\n<li>V11 \u00e0 13, Qu&rsquo;apprenons-nous sur les gens pr\u00e9sents\u00a0? Pourquoi certains disent au verset 13 qu&rsquo;ils sont ivres\u00a0? Est-ce logique\u00a0? Qu&rsquo;est-ce que cela r\u00e9v\u00e8le sur le c\u0153ur de ces hommes\u00a0?<\/li>\n<li>Qu&rsquo;apprenons-nous sur le Saint-Esprit\u00a0dans cette partie ?<\/li>\n<\/ul>\n<\/div>\n<\/div>\n<h4><strong>Les discours de Pierre (14-36)<\/strong><\/h4>\n<div class=\"page\" title=\"Page 3\">\n<div class=\"layoutArea\">\n<div class=\"column\">\n<ul>\n<li>Est-ce que quelqu&rsquo;un pourrait essayer de r\u00e9sumer ce que dit Pierre\u00a0?<\/li>\n<li>Quels livres de l&rsquo;Ancien Testament Pierre cite-t-il ? Qui en sont les auteurs et qui sont-ils pour les juifs ?<\/li>\n<li>Que veut montrer Pierre en d\u00e9livrant ce discours? Qu&rsquo;essaye-t-il de faire comprendre aux gens ?<\/li>\n<li>Quels bouleversements cela implique-t-il ? (J\u00e9sus \u00e9tant l&rsquo;accomplissement des promesses, on passe dans une nouvelle \u00e8re et on peut commencer \u00e0 lire\/comprendre tous les \u00e9v\u00e9nements et \u00e9crits des temps pass\u00e9s \u00e0 la lumi\u00e8re de sa venue sur terre. Tout peut prendre un sens nouveau et donne l&rsquo;espoir de l&rsquo;accomplissement du plan de Dieu, qui reste coh\u00e9rent.)<\/li>\n<li>En quoi les versets 32 et 36 sont-ils importants\/cl\u00e9s ?<\/li>\n<li>Qu&rsquo;est-ce que la mort et la r\u00e9surrection signifient au regard des versets 23 \u00e0 31 ?<\/li>\n<li>Que veut dire que \u00ab Dieu a fait Seigneur et Messie ce J\u00e9sus que vous avez crucifi\u00e9 \u00bb\u00a0 au verset 36 ?<\/li>\n<li>Qu&rsquo;est-ce que le mot Messie (ou Christ) veut dire\u00a0? Qui est-il pour les juifs\u00a0?<\/li>\n<\/ul>\n<h4><strong>La conversion et la vie des premiers convertis<\/strong> (37 \u00e0 47)<\/h4>\n<ul>\n<li>Quelles sont les r\u00e9actions suscit\u00e9es par ce discours? Pourquoi ?\u00a0<\/li>\n<li>De quelle promesse Pierre parle-t-il au verset 39 ?<\/li>\n<li>Au verset 40, Pierre dit \u00ab sauvez-vous \u00bb : comment comprendre \u00ab vous \u00bb ? (Les hommes se sauvent-ils tous seuls ? A quel point sont-ils impliqu\u00e9s dans l&rsquo;acquisition de leur salut ?)<\/li>\n<li>Qu&rsquo;est-ce qui est pr\u00e9sent\u00e9 dans les versets 41 \u00e0 47 ? Comment les premiers chr\u00e9tiens s&rsquo;organisent-ils ? A quoi assiste-t-on dans ce passage?<\/li>\n<li>Au final, pourquoi l&rsquo;\u00e9v\u00e9nement de la Pentec\u00f4te est-il tr\u00e8s important ? En quoi notre soci\u00e9t\u00e9 actuelle refl\u00e8te-t- elle ce texte? En quoi ce texte est-il aussi comparable avec les \u00e9vangiles ?<\/li>\n<\/ul>\n<\/div>\n<\/div>\n<\/div>\n\n\n<h4 class=\"wp-block-heading\">Applications<\/h4>\n\n\n\n<ul class=\"wp-block-list\">\n<li>De telles changements de vie peuvent-ils encore se produire de nos jours ? Si oui, \u00e0 quelles conditions ?<\/li>\n\n\n\n<li>Le parler en langues a \u00e9t\u00e9 un signe qui a interpel\u00e9 le peuple et l&rsquo;a amen\u00e9 \u00e0 \u00e9couter le discours de Pierre. D&rsquo;apr\u00e8s vous quel signe\/\u00e9v\u00e9nement pourrait encourager nos contemporains \u00e0 arr\u00eater d&rsquo;\u00eatre hypnotis\u00e9s par leur \u00e9cran et \u00e9couter le message de l&rsquo;\u00c9vangile ?<\/li>\n\n\n\n<li>Pierre d\u00e9livre un discours adapt\u00e9 \u00e0 la culture juive et aux attentes des gens de son \u00e9poque. D&rsquo;apr\u00e8s vous, quel pourrait \u00eatre le discours adapt\u00e9 \u00e0 notre temps ?<\/li>\n<\/ul>\n","protected":false},"excerpt":{"rendered":"<p>Note pour l&rsquo;animateur : Il est recommand\u00e9 \u00e0 l&rsquo;animateur de lire l&rsquo;introduction aux Actes des Ap\u00f4tres ici. Accroche Quels \u00e9v\u00e9nementi peuvent changer brusquement la trajectoire d&rsquo;une vie ?\u00a0 Contexte Le livre des Actes raconte comment la Bonne Nouvelle de J\u00e9sus s&rsquo;est r\u00e9pandu dans tout le bassin m\u00e9diterran\u00e9en gr\u00e2ce au t\u00e9moignage des ap\u00f4tres. Au chapitre pr\u00e9c\u00e9dent, [&hellip;]<\/p>\n","protected":false},"author":3,"featured_media":9812,"comment_status":"open","ping_status":"closed","sticky":false,"template":"","format":"standard","meta":{"_acf_changed":false,"_eb_attr":"","advgb_blocks_editor_width":"","advgb_blocks_columns_visual_guide":"","footnotes":""},"categories":[10],"tags":[694,905,651,196,23,133,203],"video":[],"audio":[],"ecrit":[],"mis-en-avant":[],"redacteur":[],"type-darticle":[],"class_list":["post-3037","post","type-post","status-publish","format-standard","has-post-thumbnail","hentry","category-discussions-autour-de-la-bible","tag-actes","tag-discours","tag-ecrit","tag-eglise","tag-nouveau-testament","tag-pierre","tag-saint-esprit"],"blocksy_meta":[],"acf":[],"featured_image_src":"https:\/\/www.creusonslabible.fr\/wp-content\/uploads\/2024\/08\/allumette-scaled.jpg","author_info":{"display_name":"Yoh","author_link":"https:\/\/www.creusonslabible.fr\/?author=3"},"author_meta":{"display_name":"Yoh","author_link":"https:\/\/www.creusonslabible.fr\/?author=3"},"featured_img":"https:\/\/www.creusonslabible.fr\/wp-content\/uploads\/2024\/08\/allumette-300x200.jpg","coauthors":[],"tax_additional":{"categories":{"linked":["<a href=\"https:\/\/www.creusonslabible.fr\/?cat=10\" class=\"advgb-post-tax-term\">Discussions autour de la Bible<\/a>"],"unlinked":["<span class=\"advgb-post-tax-term\">Discussions autour de la Bible<\/span>"]},"tags":{"linked":["<a href=\"https:\/\/www.creusonslabible.fr\/?cat=10\" class=\"advgb-post-tax-term\">Actes<\/a>","<a href=\"https:\/\/www.creusonslabible.fr\/?cat=10\" class=\"advgb-post-tax-term\">discours<\/a>","<a href=\"https:\/\/www.creusonslabible.fr\/?cat=10\" class=\"advgb-post-tax-term\">\u00e9crit<\/a>","<a href=\"https:\/\/www.creusonslabible.fr\/?cat=10\" class=\"advgb-post-tax-term\">\u00e9glise<\/a>","<a href=\"https:\/\/www.creusonslabible.fr\/?cat=10\" class=\"advgb-post-tax-term\">Nouveau-Testament<\/a>","<a href=\"https:\/\/www.creusonslabible.fr\/?cat=10\" class=\"advgb-post-tax-term\">Pierre<\/a>","<a href=\"https:\/\/www.creusonslabible.fr\/?cat=10\" class=\"advgb-post-tax-term\">Saint-Esprit<\/a>"],"unlinked":["<span class=\"advgb-post-tax-term\">Actes<\/span>","<span class=\"advgb-post-tax-term\">discours<\/span>","<span class=\"advgb-post-tax-term\">\u00e9crit<\/span>","<span class=\"advgb-post-tax-term\">\u00e9glise<\/span>","<span class=\"advgb-post-tax-term\">Nouveau-Testament<\/span>","<span class=\"advgb-post-tax-term\">Pierre<\/span>","<span class=\"advgb-post-tax-term\">Saint-Esprit<\/span>"]}},"comment_count":"0","relative_dates":{"created":"Publi\u00e9 11 ans il y a","modified":"Mis \u00e0 jour 1 an il y a"},"absolute_dates":{"created":"Publi\u00e9 le 20 novembre 2014","modified":"Mise \u00e0 jour le 24 janvier 2025"},"absolute_dates_time":{"created":"Publi\u00e9 le 20 novembre 2014 17h55","modified":"Mise \u00e0 jour le 24 janvier 2025 12h12"},"featured_img_caption":"","series_order":"","meta_box":[],"_links":{"self":[{"href":"https:\/\/www.creusonslabible.fr\/index.php?rest_route=\/wp\/v2\/posts\/3037","targetHints":{"allow":["GET"]}}],"collection":[{"href":"https:\/\/www.creusonslabible.fr\/index.php?rest_route=\/wp\/v2\/posts"}],"about":[{"href":"https:\/\/www.creusonslabible.fr\/index.php?rest_route=\/wp\/v2\/types\/post"}],"author":[{"embeddable":true,"href":"https:\/\/www.creusonslabible.fr\/index.php?rest_route=\/wp\/v2\/users\/3"}],"replies":[{"embeddable":true,"href":"https:\/\/www.creusonslabible.fr\/index.php?rest_route=%2Fwp%2Fv2%2Fcomments&post=3037"}],"version-history":[{"count":2,"href":"https:\/\/www.creusonslabible.fr\/index.php?rest_route=\/wp\/v2\/posts\/3037\/revisions"}],"predecessor-version":[{"id":9810,"href":"https:\/\/www.creusonslabible.fr\/index.php?rest_route=\/wp\/v2\/posts\/3037\/revisions\/9810"}],"wp:featuredmedia":[{"embeddable":true,"href":"https:\/\/www.creusonslabible.fr\/index.php?rest_route=\/wp\/v2\/media\/9812"}],"wp:attachment":[{"href":"https:\/\/www.creusonslabible.fr\/index.php?rest_route=%2Fwp%2Fv2%2Fmedia&parent=3037"}],"wp:term":[{"taxonomy":"category","embeddable":true,"href":"https:\/\/www.creusonslabible.fr\/index.php?rest_route=%2Fwp%2Fv2%2Fcategories&post=3037"},{"taxonomy":"post_tag","embeddable":true,"href":"https:\/\/www.creusonslabible.fr\/index.php?rest_route=%2Fwp%2Fv2%2Ftags&post=3037"},{"taxonomy":"video","embeddable":true,"href":"https:\/\/www.creusonslabible.fr\/index.php?rest_route=%2Fwp%2Fv2%2Fvideo&post=3037"},{"taxonomy":"audio","embeddable":true,"href":"https:\/\/www.creusonslabible.fr\/index.php?rest_route=%2Fwp%2Fv2%2Faudio&post=3037"},{"taxonomy":"ecrit","embeddable":true,"href":"https:\/\/www.creusonslabible.fr\/index.php?rest_route=%2Fwp%2Fv2%2Fecrit&post=3037"},{"taxonomy":"mis-en-avant","embeddable":true,"href":"https:\/\/www.creusonslabible.fr\/index.php?rest_route=%2Fwp%2Fv2%2Fmis-en-avant&post=3037"},{"taxonomy":"redacteur","embeddable":true,"href":"https:\/\/www.creusonslabible.fr\/index.php?rest_route=%2Fwp%2Fv2%2Fredacteur&post=3037"},{"taxonomy":"type-darticle","embeddable":true,"href":"https:\/\/www.creusonslabible.fr\/index.php?rest_route=%2Fwp%2Fv2%2Ftype-darticle&post=3037"}],"curies":[{"name":"wp","href":"https:\/\/api.w.org\/{rel}","templated":true}]}}