{"id":3039,"date":"2014-11-20T18:25:49","date_gmt":"2014-11-20T18:25:49","guid":{"rendered":"http:\/\/www.creusonslabible.fr\/?p=3039"},"modified":"2025-01-24T12:12:18","modified_gmt":"2025-01-24T10:12:18","slug":"actes-8-lesprit-chez-les-samaritain","status":"publish","type":"post","link":"https:\/\/www.creusonslabible.fr\/?p=3039","title":{"rendered":"Actes 8 &#8211; L&rsquo;Esprit Saint chez les Samaritains"},"content":{"rendered":"<p>Note pour l&rsquo;animateur : Il est recommand\u00e9 \u00e0 l&rsquo;animateur de lire l&rsquo;introduction aux Actes des Ap\u00f4tres <a href=\"http:\/\/www.creusonslabible.fr\/?p=266\" target=\"_blank\" rel=\"noopener noreferrer\">ici<\/a>.<\/p>\n<div title=\"Page 3\">\n<div title=\"Page 4\">\n<div>\n<div>\n<p>Resituer ce passage dans son contexte<\/p>\n<p>Lire le texte.<\/p>\n<p>D\u00e9coupage du texte selon les diff\u00e9rents intervenants principaux : Philippe puis Pierre et Jean<\/p>\n<h3>Versets 5 \u00e0 12<\/h3>\n<h4>Observation :<\/h4>\n<p>&#8211; Qui sont les acteurs principaux dans ces versets? -Que savez-vous des Samaritains ?<br \/>\n&#8211; Quelles \u00e9taient les habitudes cultuelles de ce peuple ? Que nous dit-on sur Simon ?<\/p>\n<p>&#8211; Mais que nous dit le verset 12 ?<\/p>\n<h4>Interpr\u00e9tation :<\/h4>\n<p>&#8211; Pourquoi croyez-vous qu\u2019ils aient cru aussi facilement au message apport\u00e9 par Philippe ? Comparez le verset 5 \u00e0 Matthieu 10.6.<br \/>\n&#8211; Que s\u2019est-il pass\u00e9 entre ces deux moments (lire Actes 1.8 et 2.1-6) ?<br \/>\n&#8211; Que pouvez-vous en d\u00e9duire ?<\/p>\n<p>&#8211; Qu&rsquo;est-ce que cela vous inspire-t-il quant \u00e0 l\u2019\u0153uvre d\u2019\u00e9vang\u00e9lisation ?<\/p>\n<h3>Versets 13 \u00e0 25<\/h3>\n<h4>Observation et Interpr\u00e9tation :<\/h4>\n<p>&#8211; Dans ces versets, qui sont les acteurs principaux ?<br \/>\n&#8211; Que viennent faire Pierre et Jean en Samarie ?<br \/>\n&#8211; Selon vous, pourquoi ?<br \/>\n&#8211; Qu&rsquo;est-ce que cela nous apprend sur l\u2019importance de l\u2019Esprit ? Que se passe-t-il quand ils prient ?<\/p>\n<p>&#8211; Conclusion ?<br \/>\n&#8211; Que fait Sim\u00e9on au verset 13 ?<br \/>\n&#8211; Que tente de faire Simon au verset 18 ?<br \/>\n&#8211; Que lui r\u00e9pond Pierre ?<br \/>\n&#8211; Que cela nous r\u00e9v\u00e8le t-il sur l\u2019\u00e9tat de son c\u0153ur ?<br \/>\n&#8211; Pourtant, que nous dit le verset 13 ?<br \/>\n&#8211; Au verset 19b, quelle est l\u2019intention r\u00e9elle de Simon ? Lisons ensemble 2 Corinthiens 5.17<\/p>\n<h3>Application<\/h3>\n<p>&#8211; L\u2019importance de l\u2019Esprit de Dieu dans nos vies en tant que chr\u00e9tiens appel\u00e9s \u00e0 t\u00e9moigner de J\u00e9sus. -L\u2019\u00e9tat r\u00e9el de nos c\u0153urs face aux merveilles de Dieu.<br \/>\n&#8211; Comment avons-nous souvent tendance \u00e0 vouloir \u00ab acheter \u00bb les b\u00e9n\u00e9dictions de Dieu ?<br \/>\n&#8211; Notre position actuelle par rapport \u00e0 notre pass\u00e9, nos anciennes croyances. Voulons-nous y retourner ou avons-nous vraiment choisi de nous en d\u00e9tourner ?<\/p>\n<p>&#8211; L\u2019importance de la pri\u00e8re dans nos groupes (adapter les questions \u00e0 la pr\u00e9sence ou non de non chr\u00e9tiens).<\/p>\n<\/div>\n<\/div>\n<\/div>\n<\/div>\n","protected":false},"excerpt":{"rendered":"<p>Note pour l&rsquo;animateur : Il est recommand\u00e9 \u00e0 l&rsquo;animateur de lire l&rsquo;introduction aux Actes des Ap\u00f4tres ici. Resituer ce passage dans son contexte Lire le texte. D\u00e9coupage du texte selon les diff\u00e9rents intervenants principaux : Philippe puis Pierre et Jean Versets 5 \u00e0 12 Observation : &#8211; Qui sont les acteurs principaux dans ces versets? [&hellip;]<\/p>\n","protected":false},"author":3,"featured_media":2195,"comment_status":"open","ping_status":"closed","sticky":false,"template":"","format":"standard","meta":{"_acf_changed":false,"_eb_attr":"","advgb_blocks_editor_width":"","advgb_blocks_columns_visual_guide":"","footnotes":""},"categories":[10],"tags":[694,651,196,23,906,133,203,907,908],"video":[],"audio":[],"ecrit":[],"mis-en-avant":[],"redacteur":[],"type-darticle":[],"class_list":["post-3039","post","type-post","status-publish","format-standard","has-post-thumbnail","hentry","category-discussions-autour-de-la-bible","tag-actes","tag-ecrit","tag-eglise","tag-nouveau-testament","tag-philippe","tag-pierre","tag-saint-esprit","tag-samaritains","tag-simon-le-magicien"],"blocksy_meta":[],"acf":[],"featured_image_src":"https:\/\/www.creusonslabible.fr\/wp-content\/uploads\/2012\/07\/Actes1-1.jpeg","author_info":{"display_name":"Yoh","author_link":"https:\/\/www.creusonslabible.fr\/?author=3"},"author_meta":{"display_name":"Yoh","author_link":"https:\/\/www.creusonslabible.fr\/?author=3"},"featured_img":"https:\/\/www.creusonslabible.fr\/wp-content\/uploads\/2012\/07\/Actes1-1.jpeg","coauthors":[],"tax_additional":{"categories":{"linked":["<a href=\"https:\/\/www.creusonslabible.fr\/?cat=10\" class=\"advgb-post-tax-term\">Discussions autour de la Bible<\/a>"],"unlinked":["<span class=\"advgb-post-tax-term\">Discussions autour de la Bible<\/span>"]},"tags":{"linked":["<a href=\"https:\/\/www.creusonslabible.fr\/?cat=10\" class=\"advgb-post-tax-term\">Actes<\/a>","<a href=\"https:\/\/www.creusonslabible.fr\/?cat=10\" class=\"advgb-post-tax-term\">\u00e9crit<\/a>","<a href=\"https:\/\/www.creusonslabible.fr\/?cat=10\" class=\"advgb-post-tax-term\">\u00e9glise<\/a>","<a href=\"https:\/\/www.creusonslabible.fr\/?cat=10\" class=\"advgb-post-tax-term\">Nouveau-Testament<\/a>","<a href=\"https:\/\/www.creusonslabible.fr\/?cat=10\" class=\"advgb-post-tax-term\">Philippe<\/a>","<a href=\"https:\/\/www.creusonslabible.fr\/?cat=10\" class=\"advgb-post-tax-term\">Pierre<\/a>","<a href=\"https:\/\/www.creusonslabible.fr\/?cat=10\" class=\"advgb-post-tax-term\">Saint-Esprit<\/a>","<a href=\"https:\/\/www.creusonslabible.fr\/?cat=10\" class=\"advgb-post-tax-term\">samaritains<\/a>","<a href=\"https:\/\/www.creusonslabible.fr\/?cat=10\" class=\"advgb-post-tax-term\">Simon le magicien<\/a>"],"unlinked":["<span class=\"advgb-post-tax-term\">Actes<\/span>","<span class=\"advgb-post-tax-term\">\u00e9crit<\/span>","<span class=\"advgb-post-tax-term\">\u00e9glise<\/span>","<span class=\"advgb-post-tax-term\">Nouveau-Testament<\/span>","<span class=\"advgb-post-tax-term\">Philippe<\/span>","<span class=\"advgb-post-tax-term\">Pierre<\/span>","<span class=\"advgb-post-tax-term\">Saint-Esprit<\/span>","<span class=\"advgb-post-tax-term\">samaritains<\/span>","<span class=\"advgb-post-tax-term\">Simon le magicien<\/span>"]}},"comment_count":"0","relative_dates":{"created":"Publi\u00e9 11 ans il y a","modified":"Mis \u00e0 jour 1 an il y a"},"absolute_dates":{"created":"Publi\u00e9 le 20 novembre 2014","modified":"Mise \u00e0 jour le 24 janvier 2025"},"absolute_dates_time":{"created":"Publi\u00e9 le 20 novembre 2014 18h25","modified":"Mise \u00e0 jour le 24 janvier 2025 12h12"},"featured_img_caption":"","series_order":"","meta_box":[],"_links":{"self":[{"href":"https:\/\/www.creusonslabible.fr\/index.php?rest_route=\/wp\/v2\/posts\/3039","targetHints":{"allow":["GET"]}}],"collection":[{"href":"https:\/\/www.creusonslabible.fr\/index.php?rest_route=\/wp\/v2\/posts"}],"about":[{"href":"https:\/\/www.creusonslabible.fr\/index.php?rest_route=\/wp\/v2\/types\/post"}],"author":[{"embeddable":true,"href":"https:\/\/www.creusonslabible.fr\/index.php?rest_route=\/wp\/v2\/users\/3"}],"replies":[{"embeddable":true,"href":"https:\/\/www.creusonslabible.fr\/index.php?rest_route=%2Fwp%2Fv2%2Fcomments&post=3039"}],"version-history":[{"count":1,"href":"https:\/\/www.creusonslabible.fr\/index.php?rest_route=\/wp\/v2\/posts\/3039\/revisions"}],"predecessor-version":[{"id":11099,"href":"https:\/\/www.creusonslabible.fr\/index.php?rest_route=\/wp\/v2\/posts\/3039\/revisions\/11099"}],"wp:featuredmedia":[{"embeddable":true,"href":"https:\/\/www.creusonslabible.fr\/index.php?rest_route=\/wp\/v2\/media\/2195"}],"wp:attachment":[{"href":"https:\/\/www.creusonslabible.fr\/index.php?rest_route=%2Fwp%2Fv2%2Fmedia&parent=3039"}],"wp:term":[{"taxonomy":"category","embeddable":true,"href":"https:\/\/www.creusonslabible.fr\/index.php?rest_route=%2Fwp%2Fv2%2Fcategories&post=3039"},{"taxonomy":"post_tag","embeddable":true,"href":"https:\/\/www.creusonslabible.fr\/index.php?rest_route=%2Fwp%2Fv2%2Ftags&post=3039"},{"taxonomy":"video","embeddable":true,"href":"https:\/\/www.creusonslabible.fr\/index.php?rest_route=%2Fwp%2Fv2%2Fvideo&post=3039"},{"taxonomy":"audio","embeddable":true,"href":"https:\/\/www.creusonslabible.fr\/index.php?rest_route=%2Fwp%2Fv2%2Faudio&post=3039"},{"taxonomy":"ecrit","embeddable":true,"href":"https:\/\/www.creusonslabible.fr\/index.php?rest_route=%2Fwp%2Fv2%2Fecrit&post=3039"},{"taxonomy":"mis-en-avant","embeddable":true,"href":"https:\/\/www.creusonslabible.fr\/index.php?rest_route=%2Fwp%2Fv2%2Fmis-en-avant&post=3039"},{"taxonomy":"redacteur","embeddable":true,"href":"https:\/\/www.creusonslabible.fr\/index.php?rest_route=%2Fwp%2Fv2%2Fredacteur&post=3039"},{"taxonomy":"type-darticle","embeddable":true,"href":"https:\/\/www.creusonslabible.fr\/index.php?rest_route=%2Fwp%2Fv2%2Ftype-darticle&post=3039"}],"curies":[{"name":"wp","href":"https:\/\/api.w.org\/{rel}","templated":true}]}}