{"id":3041,"date":"2014-11-20T18:38:41","date_gmt":"2014-11-20T18:38:41","guid":{"rendered":"http:\/\/www.creusonslabible.fr\/?p=3041"},"modified":"2025-01-24T12:12:17","modified_gmt":"2025-01-24T10:12:17","slug":"actes-10-lesprit-saint-chez-les-paiens","status":"publish","type":"post","link":"https:\/\/www.creusonslabible.fr\/?p=3041","title":{"rendered":"Actes 10 &#8211; Op\u00e9ration Corneille"},"content":{"rendered":"\n<div class=\"wp-block-group\"><div class=\"wp-block-group__inner-container is-layout-flow wp-block-group-is-layout-flow\">\n<p><strong>Note pour l&rsquo;animateur :<\/strong> Il est recommand\u00e9 \u00e0 l&rsquo;animateur de lire l&rsquo;introduction aux Actes des Ap\u00f4tres <a rel=\"noreferrer noopener\" href=\"http:\/\/www.creusonslabible.fr\/?p=266\" target=\"_blank\">ici<\/a>.<\/p>\n\n\n\n<p><strong>Intro&nbsp;: <\/strong>Avant de monter vers le P\u00e8re, J\u00e9sus a donn\u00e9 l&rsquo;instruction aux disciples d&rsquo;\u00eatre ses t\u00e9moins \u00e0 J\u00e9rusalem, en Jud\u00e9e, en Samarie et jusqu&rsquo;aux extr\u00e9mit\u00e9s de la terre. J\u00e9rusalem c&rsquo;est fait (Chp 2), Samarie aussi (chp 8). Il ne manque plus que les extr\u00e9mit\u00e9s de la terre&nbsp;!&nbsp;<\/p>\n\n\n\n<p>Lire Actes 10.9-48<\/p>\n\n\n\n<p><strong>Observation g\u00e9n\u00e9rale<\/strong><\/p>\n\n\n\n<ul class=\"wp-block-list\"><li>Comment Dieu s&rsquo;y prend-il pour sauver Corneille et les siens&nbsp;?&nbsp;<\/li><li>Quelles sont les \u00e9tapes-cl\u00e9s&nbsp;?<\/li><li>Quelles sont les \u00e9tapes de l&rsquo;\u00e9volution de Pierre&nbsp;?<\/li><\/ul>\n\n\n\n<p><strong>vv.9-16&nbsp;: Vision \u00e9nigmatique<\/strong><\/p>\n\n\n\n<ul class=\"wp-block-list\"><li>\u00c0 quoi Pierre fait-il r\u00e9f\u00e9rence au v.14&nbsp;? (Aux animaux que Dieu a d\u00e9clar\u00e9 impurs \u00e0 la consommation en L\u00e9vitique 11)<\/li><li>Que pensez-vous de la r\u00e9action de Pierre&nbsp;?<\/li><\/ul>\n\n\n\n<p><strong>vv.17-23&nbsp;: Synchronis\u00e9s&nbsp;!<\/strong><\/p>\n\n\n\n<ul class=\"wp-block-list\"><li>Qui sont les hommes qui cherchent Pierre&nbsp;?<\/li><li>Qui les a envoy\u00e9s (attention il y a un pi\u00e8ge !)&nbsp;? (Dieu (20) et Corneille (22))<\/li><li>Pour quoi viennent-il&nbsp; le chercher&nbsp;? (pour que Corneille l&rsquo;entendre&nbsp;: v.22)<\/li><li>Qui est Corneille&nbsp;? (un \u00ab&nbsp;craignant Dieu&nbsp;\u00bb&nbsp;: un pa\u00efen qui rend un culte \u00e0 l&rsquo;\u00c9ternel mais qui n&rsquo;a pas \u00e9t\u00e9 circoncis)<\/li><li>D&rsquo;apr\u00e8s vous, Pierre fait-il la connexion entre cette visite et sa vision de la nappe&nbsp;? (en tout cas, ils arrivent alors que Pierre s&rsquo;interroge (17), et il y a un rapport entre ses interrogations et l&rsquo;ordre de l&rsquo;Esprit (19-20))<\/li><\/ul>\n\n\n\n<p><strong>vv.24-33&nbsp;: La rencontre<\/strong><\/p>\n\n\n\n<ul class=\"wp-block-list\"><li>Quand Pierre entre chez Corneille, qu&rsquo;est-ce qu&rsquo;il ignore&nbsp;? (pourquoi il est ici)<\/li><li>Qu&rsquo;est-ce que Corneille ignore&nbsp;? (le message de l&rsquo;\u00c9vangile)<\/li><li>Pourquoi Corneille se prosterne-t-il devant Pierre&nbsp;? (Quand vous \u00eates d&rsquo;origine pa\u00efenne et qu&rsquo;un ange vous dit de rencontrer un homme envoy\u00e9 par Dieu, vous pouvez \u00eatre tent\u00e9s de le prendre pour quelqu&rsquo;un de divin!)<\/li><li>Quel est le rapport entre la vision de la nappe et la pr\u00e9sence de Pierre chez Corneille&nbsp;? &nbsp;<\/li><li>Quel est le but de la venue Pierre&nbsp;? (33)<\/li><\/ul>\n\n\n\n<p><strong>vv.34-43&nbsp;: Proclamation de t\u00e9moignages<\/strong><\/p>\n\n\n\n<ul class=\"wp-block-list\"><li>Qu&rsquo;est-ce que Pierre comprend une fois de plus&nbsp;? (34)<\/li><li>Combien de fois est-il fait mention de gens qui parlent dans cette section&nbsp;? (9 fois&nbsp;!)&nbsp;<\/li><li>Qui proclame\/annonce\/t\u00e9moigne&nbsp;?<\/li><li>Quelles sont les choses qui doivent \u00eatre annonc\u00e9es\/proclam\u00e9es\/t\u00e9moign\u00e9es&nbsp;?<\/li><li>Comment J\u00e9sus est-il d\u00e9crit dans ce discours&nbsp;?<\/li><\/ul>\n\n\n\n<p><strong>Vv.44-48&nbsp;: Et bam&nbsp;!<\/strong><\/p>\n\n\n\n<ul class=\"wp-block-list\"><li>Quel est le lien logique entre le v.43 et le v.44&nbsp;?<\/li><li>Pourquoi l&rsquo;onction du St Esprit sur des pa\u00efens est-elle une r\u00e9volution&nbsp;?<\/li><li>\u00c9tait-ce pr\u00e9visible avec la vision de la nappe&nbsp;?<\/li><\/ul>\n\n\n\n<p><strong>Applications<\/strong><\/p>\n\n\n\n<ul class=\"wp-block-list\"><li>D&rsquo;apr\u00e8s vous, le plus gros rempart qui emp\u00eache les gens de conna\u00eetre J\u00e9sus, ce sont les chr\u00e9tiens qui ne t\u00e9moignent pas assez de leur foi ou bien les non-chr\u00e9tiens qui sont de mauvaise foi ? Argumentez.<\/li><li>Ressemblez-vous \u00e0 Pierre dans l&rsquo;\u00e9tape 1\/je refuse de c\u00f4toyer l&rsquo;impur ou\u00a0 2\/il faut vraiment que Dieu me pousse pour que je bouge ou 3\/j&rsquo;accepte de d&rsquo;ob\u00e9ir \u00e0 Dieu m\u00eame quand je ne comprends pas ou 4\/j&rsquo;aime parler de J\u00e9sus \u00e0 tout le monde parce que c&rsquo;est ma mission\u00a0?<\/li><li>Comment le GBU (et l\u2019\u00c9glise) peut-il \u00eatre un lieu d\u2019accueil et de non discrimination pour ceux qui auraient envie de conna\u00eetre J\u00e9sus ?<\/li><li>Qui sont les Corneille ou les Pierre que Dieu met sur votre chemin\u00a0? Priez pour eux\u00a0!<\/li><\/ul>\n<\/div><\/div>\n","protected":false},"excerpt":{"rendered":"<p>Note pour l&rsquo;animateur : Il est recommand\u00e9 \u00e0 l&rsquo;animateur de lire l&rsquo;introduction aux Actes des Ap\u00f4tres ici. Intro&nbsp;: Avant de monter vers le P\u00e8re, J\u00e9sus a donn\u00e9 l&rsquo;instruction aux disciples d&rsquo;\u00eatre ses t\u00e9moins \u00e0 J\u00e9rusalem, en Jud\u00e9e, en Samarie et jusqu&rsquo;aux extr\u00e9mit\u00e9s de la terre. J\u00e9rusalem c&rsquo;est fait (Chp 2), Samarie aussi (chp 8). Il [&hellip;]<\/p>\n","protected":false},"author":3,"featured_media":7160,"comment_status":"open","ping_status":"closed","sticky":false,"template":"","format":"standard","meta":{"_acf_changed":false,"_eb_attr":"","advgb_blocks_editor_width":"","advgb_blocks_columns_visual_guide":"","footnotes":""},"categories":[10],"tags":[694,909,651,23,325,203,233],"video":[],"audio":[],"ecrit":[],"mis-en-avant":[],"redacteur":[],"type-darticle":[],"class_list":["post-3041","post","type-post","status-publish","format-standard","has-post-thumbnail","hentry","category-discussions-autour-de-la-bible","tag-actes","tag-corneille","tag-ecrit","tag-nouveau-testament","tag-paiens","tag-saint-esprit","tag-vision"],"blocksy_meta":[],"acf":[],"featured_image_src":"https:\/\/www.creusonslabible.fr\/wp-content\/uploads\/2014\/11\/glasses-1246611_1280-1.jpg","author_info":{"display_name":"Yoh","author_link":"https:\/\/www.creusonslabible.fr\/?author=3"},"author_meta":{"display_name":"Yoh","author_link":"https:\/\/www.creusonslabible.fr\/?author=3"},"featured_img":"https:\/\/www.creusonslabible.fr\/wp-content\/uploads\/2014\/11\/glasses-1246611_1280-1-300x199.jpg","coauthors":[],"tax_additional":{"categories":{"linked":["<a href=\"https:\/\/www.creusonslabible.fr\/?cat=10\" class=\"advgb-post-tax-term\">Discussions autour de la Bible<\/a>"],"unlinked":["<span class=\"advgb-post-tax-term\">Discussions autour de la Bible<\/span>"]},"tags":{"linked":["<a href=\"https:\/\/www.creusonslabible.fr\/?cat=10\" class=\"advgb-post-tax-term\">Actes<\/a>","<a href=\"https:\/\/www.creusonslabible.fr\/?cat=10\" class=\"advgb-post-tax-term\">Corneille<\/a>","<a href=\"https:\/\/www.creusonslabible.fr\/?cat=10\" class=\"advgb-post-tax-term\">\u00e9crit<\/a>","<a href=\"https:\/\/www.creusonslabible.fr\/?cat=10\" class=\"advgb-post-tax-term\">Nouveau-Testament<\/a>","<a href=\"https:\/\/www.creusonslabible.fr\/?cat=10\" class=\"advgb-post-tax-term\">pa\u00efens<\/a>","<a href=\"https:\/\/www.creusonslabible.fr\/?cat=10\" class=\"advgb-post-tax-term\">Saint-Esprit<\/a>","<a href=\"https:\/\/www.creusonslabible.fr\/?cat=10\" class=\"advgb-post-tax-term\">vision<\/a>"],"unlinked":["<span class=\"advgb-post-tax-term\">Actes<\/span>","<span class=\"advgb-post-tax-term\">Corneille<\/span>","<span class=\"advgb-post-tax-term\">\u00e9crit<\/span>","<span class=\"advgb-post-tax-term\">Nouveau-Testament<\/span>","<span class=\"advgb-post-tax-term\">pa\u00efens<\/span>","<span class=\"advgb-post-tax-term\">Saint-Esprit<\/span>","<span class=\"advgb-post-tax-term\">vision<\/span>"]}},"comment_count":"0","relative_dates":{"created":"Publi\u00e9 11 ans il y a","modified":"Mis \u00e0 jour 1 an il y a"},"absolute_dates":{"created":"Publi\u00e9 le 20 novembre 2014","modified":"Mise \u00e0 jour le 24 janvier 2025"},"absolute_dates_time":{"created":"Publi\u00e9 le 20 novembre 2014 18h38","modified":"Mise \u00e0 jour le 24 janvier 2025 12h12"},"featured_img_caption":"","series_order":"","meta_box":[],"_links":{"self":[{"href":"https:\/\/www.creusonslabible.fr\/index.php?rest_route=\/wp\/v2\/posts\/3041","targetHints":{"allow":["GET"]}}],"collection":[{"href":"https:\/\/www.creusonslabible.fr\/index.php?rest_route=\/wp\/v2\/posts"}],"about":[{"href":"https:\/\/www.creusonslabible.fr\/index.php?rest_route=\/wp\/v2\/types\/post"}],"author":[{"embeddable":true,"href":"https:\/\/www.creusonslabible.fr\/index.php?rest_route=\/wp\/v2\/users\/3"}],"replies":[{"embeddable":true,"href":"https:\/\/www.creusonslabible.fr\/index.php?rest_route=%2Fwp%2Fv2%2Fcomments&post=3041"}],"version-history":[{"count":1,"href":"https:\/\/www.creusonslabible.fr\/index.php?rest_route=\/wp\/v2\/posts\/3041\/revisions"}],"predecessor-version":[{"id":11098,"href":"https:\/\/www.creusonslabible.fr\/index.php?rest_route=\/wp\/v2\/posts\/3041\/revisions\/11098"}],"wp:featuredmedia":[{"embeddable":true,"href":"https:\/\/www.creusonslabible.fr\/index.php?rest_route=\/wp\/v2\/media\/7160"}],"wp:attachment":[{"href":"https:\/\/www.creusonslabible.fr\/index.php?rest_route=%2Fwp%2Fv2%2Fmedia&parent=3041"}],"wp:term":[{"taxonomy":"category","embeddable":true,"href":"https:\/\/www.creusonslabible.fr\/index.php?rest_route=%2Fwp%2Fv2%2Fcategories&post=3041"},{"taxonomy":"post_tag","embeddable":true,"href":"https:\/\/www.creusonslabible.fr\/index.php?rest_route=%2Fwp%2Fv2%2Ftags&post=3041"},{"taxonomy":"video","embeddable":true,"href":"https:\/\/www.creusonslabible.fr\/index.php?rest_route=%2Fwp%2Fv2%2Fvideo&post=3041"},{"taxonomy":"audio","embeddable":true,"href":"https:\/\/www.creusonslabible.fr\/index.php?rest_route=%2Fwp%2Fv2%2Faudio&post=3041"},{"taxonomy":"ecrit","embeddable":true,"href":"https:\/\/www.creusonslabible.fr\/index.php?rest_route=%2Fwp%2Fv2%2Fecrit&post=3041"},{"taxonomy":"mis-en-avant","embeddable":true,"href":"https:\/\/www.creusonslabible.fr\/index.php?rest_route=%2Fwp%2Fv2%2Fmis-en-avant&post=3041"},{"taxonomy":"redacteur","embeddable":true,"href":"https:\/\/www.creusonslabible.fr\/index.php?rest_route=%2Fwp%2Fv2%2Fredacteur&post=3041"},{"taxonomy":"type-darticle","embeddable":true,"href":"https:\/\/www.creusonslabible.fr\/index.php?rest_route=%2Fwp%2Fv2%2Ftype-darticle&post=3041"}],"curies":[{"name":"wp","href":"https:\/\/api.w.org\/{rel}","templated":true}]}}