{"id":3045,"date":"2014-11-20T22:05:01","date_gmt":"2014-11-20T22:05:01","guid":{"rendered":"http:\/\/www.creusonslabible.fr\/?p=3045"},"modified":"2025-01-24T12:12:16","modified_gmt":"2025-01-24T10:12:16","slug":"actes-25-26-bienvenue-au-tribunal","status":"publish","type":"post","link":"https:\/\/www.creusonslabible.fr\/?p=3045","title":{"rendered":"Actes 25-26 &#8211; Bienvenue au tribunal"},"content":{"rendered":"<p><strong>Note pour l&rsquo;animateur :<\/strong> Il est recommand\u00e9 \u00e0 l&rsquo;animateur de lire l&rsquo;introduction aux Actes des Ap\u00f4tres <a href=\"http:\/\/www.creusonslabible.fr\/?p=266\" target=\"_blank\" rel=\"noopener\">ici<\/a>.<\/p>\n<div class=\"page\" title=\"Page 3\">\n<div class=\"page\" title=\"Page 4\">\n<div class=\"layoutArea\">\n<div class=\"column\">\n<div class=\"page\" title=\"Page 5\">\n<div class=\"layoutArea\">\n<div class=\"column\">\n<div class=\"page\" title=\"Page 10\">\n<div class=\"layoutArea\">\n<div class=\"column\"><span style=\"font-size: 14pt;\"><strong><span style=\"font-family: 'Cambria,Bold';\">Le contexte <\/span><\/strong><\/span><\/div>\n<\/div>\n<div class=\"layoutArea\">\n<div class=\"column\">\n<p><span style=\"font-size: 11.000000pt; font-family: 'Cambria';\">Paul est de\u0301ja\u0300 en prison depuis 2 ans (24.23, 27). Festus est le nouveau gouverneur (24.27), le repre\u0301sentant de l&#8217;empereur Romain\/Ce\u0301sar ; il sie\u0300ge a\u0300 Ce\u0301sare\u0301e. Le roi Agrippa (Agrippa II) re\u0301gnait sur un territoire qui incluait la Palestine ; il devait son pouvoir aux Romains. Il e\u0301tait le fils d\u2019He\u0301rode Agrippa (Ac 12). Dans le livre des Actes, Paul a de\u0301ja\u0300 e\u0301te\u0301 accuse\u0301 par les Juifs, et il s&rsquo;est de\u0301ja\u0300 de\u0301fendu devant Felix, le pre\u0301de\u0301cesseur de Festus. <\/span><\/p>\n<p><span style=\"font-size: 14pt;\"><strong><span style=\"font-family: 'Cambria,Bold';\">Partie A. devant Festus 25.1-12 <\/span><\/strong><\/span><\/p>\n<p><span style=\"font-size: 11.000000pt; font-family: 'Cambria';\">&#8211; Qui sont les acteurs dans cette partie ? &#8211; Comparer :<br \/>\n\u2022 Les juifs et leurs motivations<br \/>\n\u2022 Festus et ses motivations<\/span><\/p>\n<p><span style=\"font-size: 11.000000pt; font-family: 'Cambria';\">\u2022 Paul et ses motivations<br \/>\n\u2022 Et si vous avez le temps, cf 23.12-15<\/span><\/p>\n<p><span style=\"font-size: 11.000000pt; font-family: 'Cambria';\"><br \/>\n&#8211; Comment Paul re\u0301pond-il au fond et a\u0300 la forme des accusations porte\u0301es contre lui ? Comment sa re\u0301ponse vise-t- elle a\u0300 la fois les juifs et les romains ?<br \/>\n&#8211; Sur la forme, pourquoi Paul pre\u0301fe\u0300re-t-il aller a\u0300 Rome pluto\u0302t que retourner a\u0300 Je\u0301rusalem ?<\/span><\/p>\n<p><span style=\"font-size: 11.000000pt; font-family: 'Cambria';\"><br \/>\n&#8211; Regardez vv11-12 :<br \/>\n\u2022 que re\u0301ve\u0300le v11 de Paul ?<br \/>\n\u2022 comment expliquer l&rsquo;appel de Paul a\u0300 Ce\u0301sar ? Voir 23.11. <\/span><\/p>\n<p><span style=\"font-size: 14pt;\"><strong><span style=\"font-family: 'Cambria,Bold';\">Partie B. Festus et Agrippa 25.13-27 <\/span><\/strong><\/span><\/p>\n<p><span style=\"font-size: 11.000000pt; font-family: 'Cambria';\">&#8211; Festus expose a\u0300 Agrippa la situation concernant Paul. Qu&rsquo;espe\u0300re Festus ?<br \/>\n&#8211; Comparer la re\u0301action (25.25) et les pre\u0301occupations (25.9) de Festus a\u0300 celles d&rsquo;un autre gouverneur Romain, Ponce Pilate (Jn 18.38, 19.6; Mc 15.14-15).<br \/>\n&#8211; Comment voit-on de\u0301ja\u0300 l&rsquo;accomplissement de la mission de Paul, re\u0301ve\u0301le\u0301e en Actes 9.15-16 ? <\/span><\/p>\n<p><span style=\"font-size: 14pt;\"><strong><span style=\"font-family: 'Cambria,Bold';\">Partie C. Paul fait sa de\u0301fense 26.1-23 <\/span><\/strong><\/span><\/p>\n<p><span style=\"font-size: 11.000000pt; font-family: 'Cambria';\">&#8211; Quelles sont les e\u0301tapes de sa de\u0301fense ?<br \/>\n&#8211; Quels sont les indices que Paul s&rsquo;adresse a\u0300 un juif ?<br \/>\n&#8211; Comment Paul analyse-t-il les accusations porte\u0301es contre lui ? (vv6-8, 19-21)<br \/>\n&#8211; Comment Paul explique-t-il sa survie ?<br \/>\n&#8211; Comment Paul re\u0301sume-t-il son message ? Comment ce message lui permet de ne pas sombrer dans la culpabilite\u0301 pour ses actes de\u0301crits dans les versets 9-12 ?<br \/>\n&#8211; Comment le re\u0301cit de la conversion de Paul peut-il nous encourager a\u0300 te\u0301moigner nous-me\u0302mes ? <\/span><\/p>\n<p><span style=\"font-size: 14pt;\"><strong><span style=\"font-family: 'Cambria,Bold';\">Partie D. La re\u0301action d&rsquo;Agrippa 26.24-32 <\/span><\/strong><\/span><\/p>\n<p><span style=\"font-size: 11.000000pt; font-family: 'Cambria';\">&#8211; Comparer les re\u0301actions de Festus (v24) et d&rsquo;Agrippa (v28). Comment Paul re\u0301agit-il a\u0300 son tour ? En quoi est-ce que l&rsquo;approche de Paul est assez ose\u0301e ?<br \/>\n&#8211; Comment la de\u0301fense de Paul est-elle une de\u0301monstration de sa mission vv20-22 ?<br \/>\n&#8211; Dans la conclusion de son discours, Paul s&rsquo;appuie sur 2 aspects vv26-27. Lesquels ? En quoi ces deux aspects peuvent-ils encore servir dans nos discussions avec ceux qui ne croient pas en Je\u0301sus ? <\/span><\/p>\n<p><span style=\"font-size: 11.000000pt; font-family: 'Cambria';\">&#8211; Lorsque Festus et Agrippa discutent de la situation entre eux (vv30-32), comment re\u0301sument-ils la situation ? &#8211; Le dernier verset, est-ce un encouragement ou un de\u0301couragement pour le lecteur ? Voir 27.1, 28.14b-16 ; cf 23.11. <\/span><\/p>\n<\/div>\n<\/div>\n<\/div>\n<div class=\"page\" title=\"Page 11\">\n<div class=\"layoutArea\">\n<div class=\"column\">\n<p><span style=\"font-size: 14pt;\"><strong><span style=\"font-family: 'Cambria,Bold';\">Conclusion <\/span><\/strong><\/span><\/p>\n<p><span style=\"font-size: 11.000000pt; font-family: 'Cambria';\">&#8211; Dans les Chs 25-26, comment voit-on la souverainete\u0301 de Dieu ?<br \/>\n&#8211; Dans les Chs 25-26, comment voit-on l&rsquo;effet des de\u0301cisions humaines ?<br \/>\n&#8211; Dans Actes 1.8 Je\u0301sus dit que l&rsquo;e\u0301vangile ira jusqu&rsquo;aux extre\u0301mite\u0301s de la terre.<br \/>\n&#8211; Le livre des Actes se termine avec Paul a\u0300 Rome. En quoi l&rsquo;arrive\u0301e a\u0300 Rome peut-elle e\u0302tre vue comme l&rsquo;accomplissement de 1.8 ?<br \/>\n&#8211; Selon ce passage, quelles raisons avons-nous de penser que l&rsquo;e\u0301vangile continuera a\u0300 avancer aujourd&rsquo;hui, malgre\u0301 les obstacles ?<br \/>\n&#8211; Dans quelles circonstances sommes-nous tente\u0301s a\u0300 e\u0302tre tre\u0300s timides par rapport a\u0300 notre te\u0301moignage ? <\/span><\/p>\n<\/div>\n<\/div>\n<\/div>\n<\/div>\n<\/div>\n<\/div>\n<\/div>\n<\/div>\n<\/div>\n<\/div>\n","protected":false},"excerpt":{"rendered":"<p>Note pour l&rsquo;animateur : Il est recommand\u00e9 \u00e0 l&rsquo;animateur de lire l&rsquo;introduction aux Actes des Ap\u00f4tres ici. Le contexte Paul est de\u0301ja\u0300 en prison depuis 2 ans (24.23, 27). Festus est le nouveau gouverneur (24.27), le repre\u0301sentant de l&#8217;empereur Romain\/Ce\u0301sar ; il sie\u0300ge a\u0300 Ce\u0301sare\u0301e. Le roi Agrippa (Agrippa II) re\u0301gnait sur un territoire qui [&hellip;]<\/p>\n","protected":false},"author":3,"featured_media":2807,"comment_status":"open","ping_status":"closed","sticky":false,"template":"","format":"standard","meta":{"_acf_changed":false,"_eb_attr":"","advgb_blocks_editor_width":"","advgb_blocks_columns_visual_guide":"","footnotes":""},"categories":[10],"tags":[694,651,911,912,23,132,203,913],"video":[],"audio":[],"ecrit":[],"mis-en-avant":[],"redacteur":[],"type-darticle":[],"class_list":["post-3045","post","type-post","status-publish","format-standard","has-post-thumbnail","hentry","category-discussions-autour-de-la-bible","tag-actes","tag-ecrit","tag-festus","tag-herode-agrippa-ii","tag-nouveau-testament","tag-paul","tag-saint-esprit","tag-tribunal"],"blocksy_meta":[],"acf":[],"featured_image_src":"https:\/\/www.creusonslabible.fr\/wp-content\/uploads\/2013\/11\/Michee-1.jpg","author_info":{"display_name":"Yoh","author_link":"https:\/\/www.creusonslabible.fr\/?author=3"},"author_meta":{"display_name":"Yoh","author_link":"https:\/\/www.creusonslabible.fr\/?author=3"},"featured_img":"https:\/\/www.creusonslabible.fr\/wp-content\/uploads\/2013\/11\/Michee-1.jpg","coauthors":[],"tax_additional":{"categories":{"linked":["<a href=\"https:\/\/www.creusonslabible.fr\/?cat=10\" class=\"advgb-post-tax-term\">Discussions autour de la Bible<\/a>"],"unlinked":["<span class=\"advgb-post-tax-term\">Discussions autour de la Bible<\/span>"]},"tags":{"linked":["<a href=\"https:\/\/www.creusonslabible.fr\/?cat=10\" class=\"advgb-post-tax-term\">Actes<\/a>","<a href=\"https:\/\/www.creusonslabible.fr\/?cat=10\" class=\"advgb-post-tax-term\">\u00e9crit<\/a>","<a href=\"https:\/\/www.creusonslabible.fr\/?cat=10\" class=\"advgb-post-tax-term\">festus<\/a>","<a href=\"https:\/\/www.creusonslabible.fr\/?cat=10\" class=\"advgb-post-tax-term\">H\u00e9rode Agrippa II<\/a>","<a href=\"https:\/\/www.creusonslabible.fr\/?cat=10\" class=\"advgb-post-tax-term\">Nouveau-Testament<\/a>","<a href=\"https:\/\/www.creusonslabible.fr\/?cat=10\" class=\"advgb-post-tax-term\">Paul<\/a>","<a href=\"https:\/\/www.creusonslabible.fr\/?cat=10\" class=\"advgb-post-tax-term\">Saint-Esprit<\/a>","<a href=\"https:\/\/www.creusonslabible.fr\/?cat=10\" class=\"advgb-post-tax-term\">tribunal<\/a>"],"unlinked":["<span class=\"advgb-post-tax-term\">Actes<\/span>","<span class=\"advgb-post-tax-term\">\u00e9crit<\/span>","<span class=\"advgb-post-tax-term\">festus<\/span>","<span class=\"advgb-post-tax-term\">H\u00e9rode Agrippa II<\/span>","<span class=\"advgb-post-tax-term\">Nouveau-Testament<\/span>","<span class=\"advgb-post-tax-term\">Paul<\/span>","<span class=\"advgb-post-tax-term\">Saint-Esprit<\/span>","<span class=\"advgb-post-tax-term\">tribunal<\/span>"]}},"comment_count":"0","relative_dates":{"created":"Publi\u00e9 11 ans il y a","modified":"Mis \u00e0 jour 1 an il y a"},"absolute_dates":{"created":"Publi\u00e9 le 20 novembre 2014","modified":"Mise \u00e0 jour le 24 janvier 2025"},"absolute_dates_time":{"created":"Publi\u00e9 le 20 novembre 2014 22h05","modified":"Mise \u00e0 jour le 24 janvier 2025 12h12"},"featured_img_caption":"","series_order":"","meta_box":[],"_links":{"self":[{"href":"https:\/\/www.creusonslabible.fr\/index.php?rest_route=\/wp\/v2\/posts\/3045","targetHints":{"allow":["GET"]}}],"collection":[{"href":"https:\/\/www.creusonslabible.fr\/index.php?rest_route=\/wp\/v2\/posts"}],"about":[{"href":"https:\/\/www.creusonslabible.fr\/index.php?rest_route=\/wp\/v2\/types\/post"}],"author":[{"embeddable":true,"href":"https:\/\/www.creusonslabible.fr\/index.php?rest_route=\/wp\/v2\/users\/3"}],"replies":[{"embeddable":true,"href":"https:\/\/www.creusonslabible.fr\/index.php?rest_route=%2Fwp%2Fv2%2Fcomments&post=3045"}],"version-history":[{"count":1,"href":"https:\/\/www.creusonslabible.fr\/index.php?rest_route=\/wp\/v2\/posts\/3045\/revisions"}],"predecessor-version":[{"id":11095,"href":"https:\/\/www.creusonslabible.fr\/index.php?rest_route=\/wp\/v2\/posts\/3045\/revisions\/11095"}],"wp:featuredmedia":[{"embeddable":true,"href":"https:\/\/www.creusonslabible.fr\/index.php?rest_route=\/wp\/v2\/media\/2807"}],"wp:attachment":[{"href":"https:\/\/www.creusonslabible.fr\/index.php?rest_route=%2Fwp%2Fv2%2Fmedia&parent=3045"}],"wp:term":[{"taxonomy":"category","embeddable":true,"href":"https:\/\/www.creusonslabible.fr\/index.php?rest_route=%2Fwp%2Fv2%2Fcategories&post=3045"},{"taxonomy":"post_tag","embeddable":true,"href":"https:\/\/www.creusonslabible.fr\/index.php?rest_route=%2Fwp%2Fv2%2Ftags&post=3045"},{"taxonomy":"video","embeddable":true,"href":"https:\/\/www.creusonslabible.fr\/index.php?rest_route=%2Fwp%2Fv2%2Fvideo&post=3045"},{"taxonomy":"audio","embeddable":true,"href":"https:\/\/www.creusonslabible.fr\/index.php?rest_route=%2Fwp%2Fv2%2Faudio&post=3045"},{"taxonomy":"ecrit","embeddable":true,"href":"https:\/\/www.creusonslabible.fr\/index.php?rest_route=%2Fwp%2Fv2%2Fecrit&post=3045"},{"taxonomy":"mis-en-avant","embeddable":true,"href":"https:\/\/www.creusonslabible.fr\/index.php?rest_route=%2Fwp%2Fv2%2Fmis-en-avant&post=3045"},{"taxonomy":"redacteur","embeddable":true,"href":"https:\/\/www.creusonslabible.fr\/index.php?rest_route=%2Fwp%2Fv2%2Fredacteur&post=3045"},{"taxonomy":"type-darticle","embeddable":true,"href":"https:\/\/www.creusonslabible.fr\/index.php?rest_route=%2Fwp%2Fv2%2Ftype-darticle&post=3045"}],"curies":[{"name":"wp","href":"https:\/\/api.w.org\/{rel}","templated":true}]}}