{"id":3047,"date":"2014-11-20T19:17:29","date_gmt":"2014-11-20T19:17:29","guid":{"rendered":"http:\/\/www.creusonslabible.fr\/?p=3047"},"modified":"2025-01-24T12:12:17","modified_gmt":"2025-01-24T10:12:17","slug":"actes-17-paul-a-athenes","status":"publish","type":"post","link":"https:\/\/www.creusonslabible.fr\/?p=3047","title":{"rendered":"Actes 17 &#8211; Paul \u00e0 Ath\u00e8nes"},"content":{"rendered":"<p><strong>Note pour l&rsquo;animateur :<\/strong> Il est recommand\u00e9 \u00e0 l&rsquo;animateur de lire l&rsquo;introduction aux Actes des Ap\u00f4tres <a href=\"http:\/\/www.creusonslabible.fr\/?p=266\" target=\"_blank\" rel=\"noopener\">ici<\/a>.<\/p>\n<div class=\"page\" title=\"Page 8\">\n<div class=\"layoutArea\">\n<div class=\"column\">\n<p><strong><span style=\"font-size: 11pt; font-family: 'Cambria,Bold';\">But du livre : <\/span><\/strong><span style=\"font-size: 11.000000pt; font-family: 'Cambria';\">Retracer la progression historico-ge\u0301oraphique de l&rsquo;e\u0301vangile pour encourager l\u2019E\u0301glise a\u0300 te\u0301moigner dans le monde.<br \/>\n<\/span><span style=\"font-size: 11.000000pt; font-family: 'Cambria,Bold';\"><strong>But du passage<\/strong><br \/>\n<\/span><span style=\"font-size: 11.000000pt; font-family: 'Cambria,Italic';\">Contexte du chapitre : <\/span><\/p>\n<p><span style=\"font-size: 11.000000pt; font-family: 'Cambria';\">-Paul annonce l&rsquo;e\u0301vangile a\u0300 Thessalonique ou\u0300 il rencontre une certaine opposition de la part des Juifs (17.1-9) -Paul annonce l&rsquo;e\u0301vangile a\u0300 Be\u0301re\u0301e ou\u0300 il rencontre un public plus re\u0301ceptif (10-15)<br \/>\n<\/span><span style=\"font-size: 11.000000pt; font-family: 'Cambria,Italic';\">Ide\u0301e principale : <\/span><span style=\"font-size: 11.000000pt; font-family: 'Cambria';\">Le vrai Dieu est un Dieu cre\u0301ateur, auto-suffisant, source de vie, souverain et juste et c&rsquo;est a\u0300 la lumie\u0300re de cette ve\u0301rite\u0301 que Paul de\u0301nonce l&rsquo;idola\u0302trie des Athe\u0301niens et les appelle a\u0300 se repentir et a\u0300 croire en son Fils ressuscite\u0301. <\/span><\/p>\n<p><strong><span style=\"font-size: 11pt; font-family: 'Cambria,Bold';\">Structure : <\/span><\/strong><\/p>\n<p><span style=\"font-size: 11.000000pt; font-family: 'Cambria';\">-16-17 : Paul est exaspe\u0301re\u0301 par l&rsquo;idola\u0302trie et s&rsquo;entretient avec les Juifs a\u0300 la synagogue.<br \/>\n-18-21 : Paul s&rsquo;entretient avec des philosophes e\u0301picuriens et stoi\u0308ciens (principaux philosophes de l&rsquo;e\u0301poque dont la pense\u0301e exclut l&rsquo;ide\u0301e de re\u0301surrection).<br \/>\n-22-31 : Paul annonce l&rsquo;e\u0301vangile a\u0300 l&rsquo;Are\u0301opage.<br \/>\n-32-33 : L&rsquo;auditoire de Paul se moque de lui mais certaines personnes croient. <\/span><\/p>\n<p><span style=\"font-size: 11.000000pt; font-family: 'Cambria,Bold';\"><strong>16-17<\/strong><br \/>\n<strong> Observation\/Interpre\u0301tation :<\/strong><br \/>\n<\/span><span style=\"font-size: 11.000000pt; font-family: 'Cambria';\">-Dans ces versets, Paul annonce l&rsquo;e\u0301vangile a\u0300 des Juifs. Quelle est sa motivation principale ? <\/span><span style=\"font-size: 11.000000pt; font-family: 'Cambria,Italic';\"><em>L&rsquo;indignation (16) face a\u0300 l&rsquo;idola\u0302trie. Le verbe \u00ab indigne\u0301 \u00bb est le me\u0302me que celui utilise\u0301 en Dt 9.18 et Es 65.3 pour de\u0301crire la cole\u0300re de Dieu face a\u0300 l&rsquo;idola\u0302trie de son peuple.<\/em><br \/>\n<\/span><span style=\"font-size: 11.000000pt; font-family: 'Cambria';\">-Qu&rsquo;est-ce que l&rsquo;idola\u0302trie ? <\/span><span style=\"font-size: 11.000000pt; font-family: 'Cambria,Italic';\"><em>Adoration de la cre\u0301ature en lieu et place du Cre\u0301ateur (l&rsquo;exaspe\u0301ration de Paul due au fait que les Athe\u0301niens adorent<\/em> <\/span><\/p>\n<p><span style=\"font-size: 11.000000pt; font-family: 'Cambria,Bold';\"><strong>Application :<\/strong><br \/>\n<\/span><span style=\"font-size: 11.000000pt; font-family: 'Cambria';\">-Quelle forme peut prendre l&rsquo;idola\u0302trie dans le monde et dans nos vies aujourd&rsquo;hui ?<br \/>\n-Quels sentiments cette idola\u0302trie provoque-t-elle en nous ?<br \/>\n-Que faisons-nous pour la de\u0301noncer ? <\/span><\/p>\n<p><span style=\"font-size: 11.000000pt; font-family: 'Cambria,Bold';\"><strong>18-21<\/strong><br \/>\n<strong> Observation\/Interpre\u0301tation :<\/strong><br \/>\n<\/span><span style=\"font-size: 11.000000pt; font-family: 'Cambria';\">-En quoi croyaient les e\u0301picuriens et les stoi\u0308ciens ? <\/span><span style=\"font-size: 11.000000pt; font-family: 'Cambria,Italic';\"><em>En tout sauf en la re\u0301surrection en tout cas !<\/em><br \/>\n<\/span><span style=\"font-size: 11.000000pt; font-family: 'Cambria';\">-Qu&rsquo;est-ce que l&rsquo;Are\u0301opage ? <\/span><span style=\"font-size: 11.000000pt; font-family: 'Cambria,Italic';\"><em>Colline dominant Athe\u0300nes ou se re\u0301unit le Conseil de la ville.<\/em><br \/>\n<\/span><span style=\"font-size: 11.000000pt; font-family: 'Cambria';\">-Quelles sont les intentions des philosophes en emmenant Paul a\u0300 l&rsquo;Are\u0301opage ? <em>Curieux de savoir en quoi consiste ce nouvel enseignement (19) -Veulent savoir ce que cela veut dire (20)<\/em> <\/span><\/p>\n<p><span style=\"font-size: 11.000000pt; font-family: 'Cambria,Bold';\"><strong>22-32<\/strong><br \/>\n<strong> Observation :<\/strong><br \/>\n<\/span><span style=\"font-size: 11.000000pt; font-family: 'Cambria';\">-Paul annonce l&rsquo;e\u0301vangile a\u0300 l&rsquo;Ae\u0301ropage. Quels e\u0301le\u0301ments bibliques fondamentaux manquent a\u0300 l&rsquo;appel dans son discours (comparer avec 17.1-3 par exemple) ? <\/span><span style=\"font-size: 11.000000pt; font-family: 'Cambria,Italic';\"><em>Aucune citation de l&rsquo;AT ! -La croix !<\/em> <\/span><\/p>\n<\/div>\n<\/div>\n<div class=\"layoutArea\"><\/div>\n<\/div>\n<div class=\"page\" title=\"Page 9\">\n<div class=\"layoutArea\">\n<div class=\"column\">\n<p><span style=\"font-size: 11.000000pt; font-family: 'Cambria';\">-Sur quels attributs de Dieu insiste-t-il ? <\/span><\/p>\n<p><span style=\"font-size: 11.000000pt; font-family: 'Cambria,Italic';\"><em>-Dieu cre\u0301ateur de tout ce qui existe (24 et 29)<\/em><br \/>\n<em> -Dieu auto-suffisant, source de vie et souverain de qui tout de\u0301pend (25 et 28) -Dieu proche des hommes (27)<\/em><br \/>\n<em> -Dieu juste (31)<\/em> <\/span><\/p>\n<p><span style=\"font-size: 11.000000pt; font-family: 'Cambria';\">-Quels autres e\u0301le\u0301ments inclue-t-il dans son discours ? <\/span><\/p>\n<p><span style=\"font-size: 11.000000pt; font-family: 'Cambria,Italic';\"><em>-L&rsquo;inscription figurant sur un autel (23)<\/em><br \/>\n<em> -Une ide\u0301e stoi\u0308cienne, l&rsquo;existence d&rsquo;un monde organise\u0301 dans le temps et dans l&rsquo;espace (26) -La cre\u0301ation invite a\u0300 chercher Dieu (26-27)<\/em><br \/>\n<em> -Une citation d&rsquo;un poe\u0300te grec (28)<\/em><br \/>\n<em> -Appel a\u0300 la repentance (30)<\/em> <\/span><\/p>\n<p><span style=\"font-size: 11.000000pt; font-family: 'Cambria';\">-Quelles sont les diffe\u0301rentes re\u0301actions de l&rsquo;auditoire ? <\/span><\/p>\n<p><em><span style=\"font-size: 11pt; font-family: 'Cambria,Italic';\">-Les philosophes se moquent en entendant parler de re\u0301surrection (32). <\/span><\/em><\/p>\n<p><span style=\"font-size: 11.000000pt; font-family: 'Cambria,Italic';\"><em>-Certains crurent (34)<\/em> <\/span><\/p>\n<p><strong><span style=\"font-size: 11pt; font-family: 'Cambria,Bold';\">Interpre\u0301tation : <\/span><\/strong><\/p>\n<p><span style=\"font-size: 11.000000pt; font-family: 'Cambria';\">&#8211; Pourquoi Paul a-t-il choisi de de\u0301crire Dieu en ces termes ? <\/span><span style=\"font-size: 11.000000pt; font-family: 'Cambria,Italic';\"><em>Pour exposer les erreurs des Athe\u0301niens et de\u0301noncer leur idola\u0302trie.<\/em> <\/span><\/p>\n<p><span style=\"font-size: 11.000000pt; font-family: 'Cambria';\">&#8211; Comment Paul a-t-il attire\u0301 l&rsquo;attention de son auditoire et re\u0301ussi a\u0300 en convaincre une partie ? <\/span><span style=\"font-size: 11.000000pt; font-family: 'Cambria,Italic';\"><em>En observant leur culture (religieuse) et en l&rsquo;utilisant pour annoncer l&rsquo;e\u0301vangile.<\/em> <\/span><\/p>\n<p><strong><span style=\"font-size: 11pt; font-family: 'Cambria,Bold';\">Application : <\/span><\/strong><\/p>\n<p><span style=\"font-size: 11.000000pt; font-family: 'Cambria';\">&#8211; Notre conception de Dieu est-elle celle de l&rsquo;apo\u0302tre Paul ?<br \/>\n&#8211; Quelle(s) conception(s) de Dieu nos contemporains ont-ils aujourd&rsquo;hui ?<br \/>\n&#8211; Comment attirer leur attention et leur pre\u0301senter le Dieu de la Bible de manie\u0300re pertinente ? <\/span><span style=\"font-size: 11.000000pt; font-family: 'Cambria,Italic';\"><em>Lire les livres ou magazines qu&rsquo;ils lisent, regarder les films qu&rsquo;ils regardent (vide\u0301o-de\u0301bat), comprendre ce qu&rsquo;ils comprennent, partir de la\u0300 ou\u0300 ils sont, de leurs questions par exemple (DV) pour exposer leur erreurs et rendre l&rsquo;e\u0301vangile pertinent dans leur vie.<\/em> <\/span><\/p>\n<\/div>\n<\/div>\n<\/div>\n","protected":false},"excerpt":{"rendered":"<p>Note pour l&rsquo;animateur : Il est recommand\u00e9 \u00e0 l&rsquo;animateur de lire l&rsquo;introduction aux Actes des Ap\u00f4tres ici. But du livre : Retracer la progression historico-ge\u0301oraphique de l&rsquo;e\u0301vangile pour encourager l\u2019E\u0301glise a\u0300 te\u0301moigner dans le monde. But du passage Contexte du chapitre : -Paul annonce l&rsquo;e\u0301vangile a\u0300 Thessalonique ou\u0300 il rencontre une certaine opposition de la [&hellip;]<\/p>\n","protected":false},"author":3,"featured_media":920,"comment_status":"open","ping_status":"closed","sticky":false,"template":"","format":"standard","meta":{"_acf_changed":false,"_eb_attr":"","advgb_blocks_editor_width":"","advgb_blocks_columns_visual_guide":"","footnotes":""},"categories":[10],"tags":[694,914,915,651,604,23,132],"video":[],"audio":[],"ecrit":[],"mis-en-avant":[],"redacteur":[],"type-darticle":[],"class_list":["post-3047","post","type-post","status-publish","format-standard","has-post-thumbnail","hentry","category-discussions-autour-de-la-bible","tag-actes","tag-areopage","tag-athenes","tag-ecrit","tag-idolatrie","tag-nouveau-testament","tag-paul"],"blocksy_meta":[],"acf":[],"featured_image_src":"https:\/\/www.creusonslabible.fr\/wp-content\/uploads\/2012\/07\/lameditationdelaparoledeDieu-1.jpg","author_info":{"display_name":"Yoh","author_link":"https:\/\/www.creusonslabible.fr\/?author=3"},"author_meta":{"display_name":"Yoh","author_link":"https:\/\/www.creusonslabible.fr\/?author=3"},"featured_img":"https:\/\/www.creusonslabible.fr\/wp-content\/uploads\/2012\/07\/lameditationdelaparoledeDieu-1.jpg","coauthors":[],"tax_additional":{"categories":{"linked":["<a href=\"https:\/\/www.creusonslabible.fr\/?cat=10\" class=\"advgb-post-tax-term\">Discussions autour de la Bible<\/a>"],"unlinked":["<span class=\"advgb-post-tax-term\">Discussions autour de la Bible<\/span>"]},"tags":{"linked":["<a href=\"https:\/\/www.creusonslabible.fr\/?cat=10\" class=\"advgb-post-tax-term\">Actes<\/a>","<a href=\"https:\/\/www.creusonslabible.fr\/?cat=10\" class=\"advgb-post-tax-term\">Ar\u00e9opage<\/a>","<a href=\"https:\/\/www.creusonslabible.fr\/?cat=10\" class=\"advgb-post-tax-term\">Ath\u00e8nes<\/a>","<a href=\"https:\/\/www.creusonslabible.fr\/?cat=10\" class=\"advgb-post-tax-term\">\u00e9crit<\/a>","<a href=\"https:\/\/www.creusonslabible.fr\/?cat=10\" class=\"advgb-post-tax-term\">idol\u00e2trie<\/a>","<a href=\"https:\/\/www.creusonslabible.fr\/?cat=10\" class=\"advgb-post-tax-term\">Nouveau-Testament<\/a>","<a href=\"https:\/\/www.creusonslabible.fr\/?cat=10\" class=\"advgb-post-tax-term\">Paul<\/a>"],"unlinked":["<span class=\"advgb-post-tax-term\">Actes<\/span>","<span class=\"advgb-post-tax-term\">Ar\u00e9opage<\/span>","<span class=\"advgb-post-tax-term\">Ath\u00e8nes<\/span>","<span class=\"advgb-post-tax-term\">\u00e9crit<\/span>","<span class=\"advgb-post-tax-term\">idol\u00e2trie<\/span>","<span class=\"advgb-post-tax-term\">Nouveau-Testament<\/span>","<span class=\"advgb-post-tax-term\">Paul<\/span>"]}},"comment_count":"0","relative_dates":{"created":"Publi\u00e9 11 ans il y a","modified":"Mis \u00e0 jour 1 an il y a"},"absolute_dates":{"created":"Publi\u00e9 le 20 novembre 2014","modified":"Mise \u00e0 jour le 24 janvier 2025"},"absolute_dates_time":{"created":"Publi\u00e9 le 20 novembre 2014 19h17","modified":"Mise \u00e0 jour le 24 janvier 2025 12h12"},"featured_img_caption":"","series_order":"","meta_box":[],"_links":{"self":[{"href":"https:\/\/www.creusonslabible.fr\/index.php?rest_route=\/wp\/v2\/posts\/3047","targetHints":{"allow":["GET"]}}],"collection":[{"href":"https:\/\/www.creusonslabible.fr\/index.php?rest_route=\/wp\/v2\/posts"}],"about":[{"href":"https:\/\/www.creusonslabible.fr\/index.php?rest_route=\/wp\/v2\/types\/post"}],"author":[{"embeddable":true,"href":"https:\/\/www.creusonslabible.fr\/index.php?rest_route=\/wp\/v2\/users\/3"}],"replies":[{"embeddable":true,"href":"https:\/\/www.creusonslabible.fr\/index.php?rest_route=%2Fwp%2Fv2%2Fcomments&post=3047"}],"version-history":[{"count":1,"href":"https:\/\/www.creusonslabible.fr\/index.php?rest_route=\/wp\/v2\/posts\/3047\/revisions"}],"predecessor-version":[{"id":11096,"href":"https:\/\/www.creusonslabible.fr\/index.php?rest_route=\/wp\/v2\/posts\/3047\/revisions\/11096"}],"wp:featuredmedia":[{"embeddable":true,"href":"https:\/\/www.creusonslabible.fr\/index.php?rest_route=\/wp\/v2\/media\/920"}],"wp:attachment":[{"href":"https:\/\/www.creusonslabible.fr\/index.php?rest_route=%2Fwp%2Fv2%2Fmedia&parent=3047"}],"wp:term":[{"taxonomy":"category","embeddable":true,"href":"https:\/\/www.creusonslabible.fr\/index.php?rest_route=%2Fwp%2Fv2%2Fcategories&post=3047"},{"taxonomy":"post_tag","embeddable":true,"href":"https:\/\/www.creusonslabible.fr\/index.php?rest_route=%2Fwp%2Fv2%2Ftags&post=3047"},{"taxonomy":"video","embeddable":true,"href":"https:\/\/www.creusonslabible.fr\/index.php?rest_route=%2Fwp%2Fv2%2Fvideo&post=3047"},{"taxonomy":"audio","embeddable":true,"href":"https:\/\/www.creusonslabible.fr\/index.php?rest_route=%2Fwp%2Fv2%2Faudio&post=3047"},{"taxonomy":"ecrit","embeddable":true,"href":"https:\/\/www.creusonslabible.fr\/index.php?rest_route=%2Fwp%2Fv2%2Fecrit&post=3047"},{"taxonomy":"mis-en-avant","embeddable":true,"href":"https:\/\/www.creusonslabible.fr\/index.php?rest_route=%2Fwp%2Fv2%2Fmis-en-avant&post=3047"},{"taxonomy":"redacteur","embeddable":true,"href":"https:\/\/www.creusonslabible.fr\/index.php?rest_route=%2Fwp%2Fv2%2Fredacteur&post=3047"},{"taxonomy":"type-darticle","embeddable":true,"href":"https:\/\/www.creusonslabible.fr\/index.php?rest_route=%2Fwp%2Fv2%2Ftype-darticle&post=3047"}],"curies":[{"name":"wp","href":"https:\/\/api.w.org\/{rel}","templated":true}]}}