{"id":3051,"date":"2014-11-20T22:08:26","date_gmt":"2014-11-20T22:08:26","guid":{"rendered":"http:\/\/www.creusonslabible.fr\/?p=3051"},"modified":"2025-01-24T12:12:16","modified_gmt":"2025-01-24T10:12:16","slug":"luc-23-32-43-un-pardon-de-derniere-minute","status":"publish","type":"post","link":"https:\/\/www.creusonslabible.fr\/?p=3051","title":{"rendered":"Luc 23.32-43 &#8211; Un pardon de derni\u00e8re minute"},"content":{"rendered":"<div title=\"Page 6\">\n<h3>Introduction<\/h3>\n<p align=\"LEFT\">J\u00e9sus arrive au lieu d&rsquo;ex\u00e9cution des criminels. Apr\u00e8s avoir tra\u00een\u00e9 sa croix, de la ville sur la colline avec l&rsquo;aide de Simon de Cyr\u00e8ne, il y est clou\u00e9 sans c\u00e9r\u00e9monie par une escouade de soldats romains. Les leaders religieux assistent \u00e0 la sc\u00e8ne ainsi qu&rsquo;une foule compos\u00e9e de curieux, de gens tristes et de moqueurs. Il est environ midi&#8230;<\/p>\n<h3 align=\"LEFT\">Trois condamn\u00e9s (32)<\/h3>\n<p>\u00c0 vue humaine, J\u00e9sus n&rsquo;est pas diff\u00e9rent des deux autres crucifi\u00e9s. Les trois hommes ont \u00e9t\u00e9 condamn\u00e9s comme criminels. Nous ne savons pas grand chose des deux brigands&#8230; d&rsquo;apr\u00e8s les d\u00e9tails de notre texte, que pouvons-nous dire \u00e0 leur sujet ? Quel genre de personnes \u00e9taient-ils ?<\/p>\n<h3>Ce que les deux ont vu et entendu (33-38)<\/h3>\n<ul>\n<li>Les deux brigands avaient la m\u00eame attitude rebelle au d\u00e9but&#8230; Pourtant l&rsquo;un d&rsquo;eux change compl\u00e8tement sa fa\u00e7on de voir ! Voyons ce qui a pu le convaincre&#8230; Qui est crucifi\u00e9 en premier ? Quel effet cela a-t-il pu avoir sur les deux autres ?<\/li>\n<li>Les deux observent sans doute J\u00e9sus et le voient r\u00e9agir \u00e0 ses ex\u00e9cuteurs. Ils entendaient aussi ses paroles&#8230; \u00c0 votre avis, qu&rsquo;apprennent-il sur lui \u00e0 ce stade-ci ? Comment ont-ils r\u00e9agi ?<\/li>\n<\/ul>\n<h3>Deux r\u00e9ponses diff\u00e9rentes (39-41)<\/h3>\n<ul>\n<li>Un des malfaiteurs injurie J\u00e9sus? Quelle est son intention ? Veut-il simplement le provoquer ? S&rsquo;attend-il \u00e0 une intervention miraculeuse de sa part ?<\/li>\n<li>Il semble que l&rsquo;attitude de l&rsquo;autre ait \u00e9t\u00e9 dramatiquement chang\u00e9e par ce qu&rsquo;il a vu et entendu? Analysez ses paroles&#8230; Qu&rsquo;a-t-il compris au sujet de lui-m\u00eame ? De J\u00e9sus ? Comment le voit-il maintenant ?<\/li>\n<\/ul>\n<h3>Le Roi sur une croix (42-43)<\/h3>\n<ul>\n<li>La r\u00e9ponse de J\u00e9sus est radicale&#8230; Que dit-il d&rsquo;\u00e9tonnant \u00e0 ce criminel ? Comment le voit-il ? Que dit-il en m\u00eame temps sur lui-m\u00eame ?<\/li>\n<li>D&rsquo;apr\u00e8s ses paroles, quelle est la seule condition \u00e0 remplir pour jouir du salut ?<\/li>\n<\/ul>\n<h3>Application<\/h3>\n<ul>\n<li>En tenant compte de l&rsquo;attitude des soldats et du criminel r\u00e9calcitrant, imaginez-vous \u00e0 la place du Messie&#8230; Comment auriez-vous r\u00e9agi dans cette circonstance difficile ? En quoi la r\u00e9action de J\u00e9sus a-t-elle \u00e9t\u00e9 diff\u00e9rente de la v\u00f4tre ?<\/li>\n<li>En vous inspirant de ce texte, donnez une d\u00e9finition de la conversion. Cette histoire de pardon ressemble-t-elle \u00e0 la v\u00f4tre ? Expliquez&#8230;<\/li>\n<\/ul>\n<\/div>\n","protected":false},"excerpt":{"rendered":"<p>Introduction J\u00e9sus arrive au lieu d&rsquo;ex\u00e9cution des criminels. Apr\u00e8s avoir tra\u00een\u00e9 sa croix, de la ville sur la colline avec l&rsquo;aide de Simon de Cyr\u00e8ne, il y est clou\u00e9 sans c\u00e9r\u00e9monie par une escouade de soldats romains. Les leaders religieux assistent \u00e0 la sc\u00e8ne ainsi qu&rsquo;une foule compos\u00e9e de curieux, de gens tristes et de [&hellip;]<\/p>\n","protected":false},"author":3,"featured_media":3102,"comment_status":"open","ping_status":"open","sticky":false,"template":"","format":"standard","meta":{"_acf_changed":false,"_eb_attr":"","advgb_blocks_editor_width":"","advgb_blocks_columns_visual_guide":"","footnotes":""},"categories":[10],"tags":[904,301,651,22,396,23],"video":[],"audio":[],"ecrit":[],"mis-en-avant":[],"redacteur":[],"type-darticle":[],"class_list":["post-3051","post","type-post","status-publish","format-standard","has-post-thumbnail","hentry","category-discussions-autour-de-la-bible","tag-brigand","tag-croix","tag-ecrit","tag-luc","tag-mort","tag-nouveau-testament"],"blocksy_meta":[],"acf":[],"featured_image_src":"https:\/\/www.creusonslabible.fr\/wp-content\/uploads\/2014\/11\/Liste-1.jpg","author_info":{"display_name":"Yoh","author_link":"https:\/\/www.creusonslabible.fr\/?author=3"},"author_meta":{"display_name":"Yoh","author_link":"https:\/\/www.creusonslabible.fr\/?author=3"},"featured_img":"https:\/\/www.creusonslabible.fr\/wp-content\/uploads\/2014\/11\/Liste-1.jpg","coauthors":[],"tax_additional":{"categories":{"linked":["<a href=\"https:\/\/www.creusonslabible.fr\/?cat=10\" class=\"advgb-post-tax-term\">Discussions autour de la Bible<\/a>"],"unlinked":["<span class=\"advgb-post-tax-term\">Discussions autour de la Bible<\/span>"]},"tags":{"linked":["<a href=\"https:\/\/www.creusonslabible.fr\/?cat=10\" class=\"advgb-post-tax-term\">brigand<\/a>","<a href=\"https:\/\/www.creusonslabible.fr\/?cat=10\" class=\"advgb-post-tax-term\">croix<\/a>","<a href=\"https:\/\/www.creusonslabible.fr\/?cat=10\" class=\"advgb-post-tax-term\">\u00e9crit<\/a>","<a href=\"https:\/\/www.creusonslabible.fr\/?cat=10\" class=\"advgb-post-tax-term\">Luc<\/a>","<a href=\"https:\/\/www.creusonslabible.fr\/?cat=10\" class=\"advgb-post-tax-term\">mort<\/a>","<a href=\"https:\/\/www.creusonslabible.fr\/?cat=10\" class=\"advgb-post-tax-term\">Nouveau-Testament<\/a>"],"unlinked":["<span class=\"advgb-post-tax-term\">brigand<\/span>","<span class=\"advgb-post-tax-term\">croix<\/span>","<span class=\"advgb-post-tax-term\">\u00e9crit<\/span>","<span class=\"advgb-post-tax-term\">Luc<\/span>","<span class=\"advgb-post-tax-term\">mort<\/span>","<span class=\"advgb-post-tax-term\">Nouveau-Testament<\/span>"]}},"comment_count":"0","relative_dates":{"created":"Publi\u00e9 11 ans il y a","modified":"Mis \u00e0 jour 1 an il y a"},"absolute_dates":{"created":"Publi\u00e9 le 20 novembre 2014","modified":"Mise \u00e0 jour le 24 janvier 2025"},"absolute_dates_time":{"created":"Publi\u00e9 le 20 novembre 2014 22h08","modified":"Mise \u00e0 jour le 24 janvier 2025 12h12"},"featured_img_caption":"","series_order":"","meta_box":[],"_links":{"self":[{"href":"https:\/\/www.creusonslabible.fr\/index.php?rest_route=\/wp\/v2\/posts\/3051","targetHints":{"allow":["GET"]}}],"collection":[{"href":"https:\/\/www.creusonslabible.fr\/index.php?rest_route=\/wp\/v2\/posts"}],"about":[{"href":"https:\/\/www.creusonslabible.fr\/index.php?rest_route=\/wp\/v2\/types\/post"}],"author":[{"embeddable":true,"href":"https:\/\/www.creusonslabible.fr\/index.php?rest_route=\/wp\/v2\/users\/3"}],"replies":[{"embeddable":true,"href":"https:\/\/www.creusonslabible.fr\/index.php?rest_route=%2Fwp%2Fv2%2Fcomments&post=3051"}],"version-history":[{"count":1,"href":"https:\/\/www.creusonslabible.fr\/index.php?rest_route=\/wp\/v2\/posts\/3051\/revisions"}],"predecessor-version":[{"id":11094,"href":"https:\/\/www.creusonslabible.fr\/index.php?rest_route=\/wp\/v2\/posts\/3051\/revisions\/11094"}],"wp:featuredmedia":[{"embeddable":true,"href":"https:\/\/www.creusonslabible.fr\/index.php?rest_route=\/wp\/v2\/media\/3102"}],"wp:attachment":[{"href":"https:\/\/www.creusonslabible.fr\/index.php?rest_route=%2Fwp%2Fv2%2Fmedia&parent=3051"}],"wp:term":[{"taxonomy":"category","embeddable":true,"href":"https:\/\/www.creusonslabible.fr\/index.php?rest_route=%2Fwp%2Fv2%2Fcategories&post=3051"},{"taxonomy":"post_tag","embeddable":true,"href":"https:\/\/www.creusonslabible.fr\/index.php?rest_route=%2Fwp%2Fv2%2Ftags&post=3051"},{"taxonomy":"video","embeddable":true,"href":"https:\/\/www.creusonslabible.fr\/index.php?rest_route=%2Fwp%2Fv2%2Fvideo&post=3051"},{"taxonomy":"audio","embeddable":true,"href":"https:\/\/www.creusonslabible.fr\/index.php?rest_route=%2Fwp%2Fv2%2Faudio&post=3051"},{"taxonomy":"ecrit","embeddable":true,"href":"https:\/\/www.creusonslabible.fr\/index.php?rest_route=%2Fwp%2Fv2%2Fecrit&post=3051"},{"taxonomy":"mis-en-avant","embeddable":true,"href":"https:\/\/www.creusonslabible.fr\/index.php?rest_route=%2Fwp%2Fv2%2Fmis-en-avant&post=3051"},{"taxonomy":"redacteur","embeddable":true,"href":"https:\/\/www.creusonslabible.fr\/index.php?rest_route=%2Fwp%2Fv2%2Fredacteur&post=3051"},{"taxonomy":"type-darticle","embeddable":true,"href":"https:\/\/www.creusonslabible.fr\/index.php?rest_route=%2Fwp%2Fv2%2Ftype-darticle&post=3051"}],"curies":[{"name":"wp","href":"https:\/\/api.w.org\/{rel}","templated":true}]}}