{"id":3055,"date":"2014-11-21T08:41:52","date_gmt":"2014-11-21T08:41:52","guid":{"rendered":"http:\/\/www.creusonslabible.fr\/?p=3055"},"modified":"2025-01-24T12:12:16","modified_gmt":"2025-01-24T10:12:16","slug":"luc-5-1-11-des-pecheurs-dhommes","status":"publish","type":"post","link":"https:\/\/www.creusonslabible.fr\/?p=3055","title":{"rendered":"Luc 5.1-11 &#8211; Des p\u00eacheurs d&rsquo;hommes"},"content":{"rendered":"<p style=\"margin-bottom: 0cm;\" align=\"LEFT\"><b>Introduction<\/b><\/p>\n<p style=\"margin-bottom: 0cm; font-weight: normal;\" align=\"LEFT\">D\u00e8s les premiers jours de son minist\u00e8re, J\u00e9sus jouissait d\u00e9j\u00e0 d&rsquo;une grande popularit\u00e9. Il suscitait beaucoup d&rsquo;int\u00e9r\u00eat \u00e0 travers tout le pays. Les gens simples \u00e9taient facilement convaincus et attir\u00e9s par la puissance et l&rsquo;autorit\u00e9 de ses paroles? J\u00e9sus, lui, prenait de plus en plus conscience de certaines limites : rencontrer tous ces gens personnellement s&rsquo;av\u00e9rait une t\u00e2che impossible ! Il a donc appel\u00e9 certains des hommes qui le suivaient \u00e0 travailler dor\u00e9navant \u00e9troitement avec lui&#8230;<\/p>\n<p style=\"margin-bottom: 0cm;\" align=\"LEFT\"><b>Des travailleurs bien occup\u00e9s (1-7)<\/b><\/p>\n<ul>\n<li>\n<p style=\"margin-bottom: 0cm; font-weight: normal;\" align=\"LEFT\">Le v.5 nous sugg\u00e8re qu&rsquo;il est t\u00f4t le matin. Quelles raisons peut avoir la foules d&rsquo;\u00eatre l\u00e0, \u00e0 ce moment-l\u00e0 ? En quoi l&rsquo;attitude de Pierre et de ses collaborateurs contraste-t-elle avec celle de la foule ?<\/p>\n<\/li>\n<li>\n<p style=\"margin-bottom: 0cm; font-weight: normal;\" align=\"LEFT\">Notez la fa\u00e7on qu&rsquo;a J\u00e9sus de passer de la foule aux p\u00eacheurs, puis des p\u00eacheurs \u00e0 un individu&#8230; \u00c0 votre avis, pourquoi a-t-il choisi la barque de Pierre ? A-t-il d\u00e9j\u00e0 une intention pr\u00e9cise ?<\/p>\n<\/li>\n<li>\n<p style=\"margin-bottom: 0cm; font-weight: normal;\" align=\"LEFT\">Quelles sont les r\u00e9actions de Pierre \u00e0 chaque fois que J\u00e9sus lui demande de faire quelque chose ? Qu&rsquo;ont-elles de diff\u00e9rent ? De semblable ? Pourquoi ? Comment auriez-vous r\u00e9agi \u00e0 sa place ?<\/p>\n<\/li>\n<li>\n<p style=\"margin-bottom: 0cm; font-weight: normal;\" align=\"LEFT\">Notez les \u00e9tapes du processus par lequel le charpentier-pr\u00e9dicateur a enr\u00f4l\u00e9 ces professionnels de la p\u00eache&#8230; Comprend-il bien leur psychologie ? Commentez&#8230;<\/p>\n<\/li>\n<\/ul>\n<p style=\"margin-bottom: 0cm; font-weight: normal;\" align=\"LEFT\">\n<p style=\"margin-bottom: 0cm;\" align=\"LEFT\"><b>Un p\u00eacheur boulevers\u00e9 (7-10)<\/b><\/p>\n<ul>\n<li>\n<p style=\"margin-bottom: 0cm; font-weight: normal;\" align=\"LEFT\">Qu&rsquo;est-ce qui a impressionn\u00e9 le plus Simon Pierre dans ce miracle ? Que voit-il maintenant qu&rsquo;il ne voyait pas auparavant ? En quoi ses paroles sont-elles une r\u00e9action normale au miracle de J2sus ? Que r\u00e9v\u00e8lent-elle, en fait ?<\/p>\n<\/li>\n<li>\n<p style=\"margin-bottom: 0cm; font-weight: normal;\" align=\"LEFT\">Quelles seraient les raisons qui pourraient motiver un homme comme Simon \u00e0 r\u00e9pondre favorablement \u00e0 l&rsquo;appel et \u00e0 la personne de J\u00e9sus ?<\/p>\n<\/li>\n<\/ul>\n<p style=\"margin-bottom: 0cm; font-weight: normal;\" align=\"LEFT\">\n<p style=\"margin-bottom: 0cm;\" align=\"LEFT\"><b>Des p\u00eacheurs d&rsquo;hommes (10, 11)<\/b><\/p>\n<ul>\n<li>\n<p style=\"margin-bottom: 0cm; font-weight: normal;\" align=\"LEFT\">Au d\u00e9but de son minist\u00e8re, J\u00e9sus avait appel\u00e9 ces hommes \u00e0 le suivre (voir Marc 1.16-20). Ceux-ci l&rsquo;avaient observ\u00e9 attentivement pendant environ un an (Luc 4), sans pour autant s&rsquo;associer intimement \u00e0 lui de fa\u00e7on permanente? Quelles qualit\u00e9s J\u00e9sus a-t-il observ\u00e9es chez eux, qui l&rsquo;on convaincu de les choisir comme collaborateurs ?<\/p>\n<\/li>\n<li>\n<p style=\"margin-bottom: 0cm; font-weight: normal;\" align=\"LEFT\">Voyez la progression dans la r\u00e9action des disciples&#8230; Quelle a \u00e9t\u00e9 leur r\u00e9ponse finale \u00e0 l&rsquo;invitation de J\u00e9sus ? Qu&rsquo;est-ce qui a pu convaincre ces commen\u00e7ants bien \u00e9tablis de tout quitter pour suivre un pr\u00e9dicateurs itin\u00e9rant ?<\/p>\n<\/li>\n<\/ul>\n<p style=\"margin-bottom: 0cm; font-weight: normal;\" align=\"LEFT\">\n<p style=\"margin-bottom: 0cm;\" align=\"LEFT\"><b>Application<\/b><\/p>\n<ul>\n<li>\n<p style=\"margin-bottom: 0cm; font-weight: normal;\" align=\"LEFT\">D&rsquo;apr\u00e8s l&rsquo;exp\u00e9rience de Pierre, que veut dire \u00eatre un vrai disciple de J\u00e9sus ? Cela est-il plus facile pour nous que pour lui ? Commentez&#8230;<\/p>\n<\/li>\n<li>\n<p style=\"margin-bottom: 0cm; font-weight: normal;\" align=\"LEFT\">Qu&rsquo;apprenons-nous dans ce passage sur la m\u00e9thode qu&rsquo;a J\u00e9sus d&rsquo;enseigner et de faire des disciples ? Que quoi aimeriez-vous savoir l&rsquo;imiter ?<\/p>\n<\/li>\n<li>\n<p style=\"margin-bottom: 0cm; font-weight: normal;\" align=\"LEFT\">Avez-vous d\u00e9j\u00e0 envisag\u00e9 de tout quitter pour le suivre ? Que peut vouloir dire pour vous \u00ab\u00a0tout quitter\u00a0\u00bb ?<\/p>\n<\/li>\n<\/ul>\n","protected":false},"excerpt":{"rendered":"<p>Introduction D\u00e8s les premiers jours de son minist\u00e8re, J\u00e9sus jouissait d\u00e9j\u00e0 d&rsquo;une grande popularit\u00e9. Il suscitait beaucoup d&rsquo;int\u00e9r\u00eat \u00e0 travers tout le pays. Les gens simples \u00e9taient facilement convaincus et attir\u00e9s par la puissance et l&rsquo;autorit\u00e9 de ses paroles? J\u00e9sus, lui, prenait de plus en plus conscience de certaines limites : rencontrer tous ces gens [&hellip;]<\/p>\n","protected":false},"author":3,"featured_media":2136,"comment_status":"open","ping_status":"open","sticky":false,"template":"","format":"standard","meta":{"_acf_changed":false,"_eb_attr":"","advgb_blocks_editor_width":"","advgb_blocks_columns_visual_guide":"","footnotes":""},"categories":[10],"tags":[352,651,64,22,23,149,133],"video":[],"audio":[],"ecrit":[],"mis-en-avant":[],"redacteur":[],"type-darticle":[],"class_list":["post-3055","post","type-post","status-publish","format-standard","has-post-thumbnail","hentry","category-discussions-autour-de-la-bible","tag-disciples","tag-ecrit","tag-jesus","tag-luc","tag-nouveau-testament","tag-peche","tag-pierre"],"blocksy_meta":[],"acf":[],"featured_image_src":"https:\/\/www.creusonslabible.fr\/wp-content\/uploads\/2012\/07\/Luc-1.jpg","author_info":{"display_name":"Yoh","author_link":"https:\/\/www.creusonslabible.fr\/?author=3"},"author_meta":{"display_name":"Yoh","author_link":"https:\/\/www.creusonslabible.fr\/?author=3"},"featured_img":"https:\/\/www.creusonslabible.fr\/wp-content\/uploads\/2012\/07\/Luc-1.jpg","coauthors":[],"tax_additional":{"categories":{"linked":["<a href=\"https:\/\/www.creusonslabible.fr\/?cat=10\" class=\"advgb-post-tax-term\">Discussions autour de la Bible<\/a>"],"unlinked":["<span class=\"advgb-post-tax-term\">Discussions autour de la Bible<\/span>"]},"tags":{"linked":["<a href=\"https:\/\/www.creusonslabible.fr\/?cat=10\" class=\"advgb-post-tax-term\">disciples<\/a>","<a href=\"https:\/\/www.creusonslabible.fr\/?cat=10\" class=\"advgb-post-tax-term\">\u00e9crit<\/a>","<a href=\"https:\/\/www.creusonslabible.fr\/?cat=10\" class=\"advgb-post-tax-term\">J\u00e9sus<\/a>","<a href=\"https:\/\/www.creusonslabible.fr\/?cat=10\" class=\"advgb-post-tax-term\">Luc<\/a>","<a href=\"https:\/\/www.creusonslabible.fr\/?cat=10\" class=\"advgb-post-tax-term\">Nouveau-Testament<\/a>","<a href=\"https:\/\/www.creusonslabible.fr\/?cat=10\" class=\"advgb-post-tax-term\">p\u00e9ch\u00e9<\/a>","<a href=\"https:\/\/www.creusonslabible.fr\/?cat=10\" class=\"advgb-post-tax-term\">Pierre<\/a>"],"unlinked":["<span class=\"advgb-post-tax-term\">disciples<\/span>","<span class=\"advgb-post-tax-term\">\u00e9crit<\/span>","<span class=\"advgb-post-tax-term\">J\u00e9sus<\/span>","<span class=\"advgb-post-tax-term\">Luc<\/span>","<span class=\"advgb-post-tax-term\">Nouveau-Testament<\/span>","<span class=\"advgb-post-tax-term\">p\u00e9ch\u00e9<\/span>","<span class=\"advgb-post-tax-term\">Pierre<\/span>"]}},"comment_count":"0","relative_dates":{"created":"Publi\u00e9 11 ans il y a","modified":"Mis \u00e0 jour 1 an il y a"},"absolute_dates":{"created":"Publi\u00e9 le 21 novembre 2014","modified":"Mise \u00e0 jour le 24 janvier 2025"},"absolute_dates_time":{"created":"Publi\u00e9 le 21 novembre 2014 8h41","modified":"Mise \u00e0 jour le 24 janvier 2025 12h12"},"featured_img_caption":"","series_order":"","meta_box":[],"_links":{"self":[{"href":"https:\/\/www.creusonslabible.fr\/index.php?rest_route=\/wp\/v2\/posts\/3055","targetHints":{"allow":["GET"]}}],"collection":[{"href":"https:\/\/www.creusonslabible.fr\/index.php?rest_route=\/wp\/v2\/posts"}],"about":[{"href":"https:\/\/www.creusonslabible.fr\/index.php?rest_route=\/wp\/v2\/types\/post"}],"author":[{"embeddable":true,"href":"https:\/\/www.creusonslabible.fr\/index.php?rest_route=\/wp\/v2\/users\/3"}],"replies":[{"embeddable":true,"href":"https:\/\/www.creusonslabible.fr\/index.php?rest_route=%2Fwp%2Fv2%2Fcomments&post=3055"}],"version-history":[{"count":1,"href":"https:\/\/www.creusonslabible.fr\/index.php?rest_route=\/wp\/v2\/posts\/3055\/revisions"}],"predecessor-version":[{"id":11092,"href":"https:\/\/www.creusonslabible.fr\/index.php?rest_route=\/wp\/v2\/posts\/3055\/revisions\/11092"}],"wp:featuredmedia":[{"embeddable":true,"href":"https:\/\/www.creusonslabible.fr\/index.php?rest_route=\/wp\/v2\/media\/2136"}],"wp:attachment":[{"href":"https:\/\/www.creusonslabible.fr\/index.php?rest_route=%2Fwp%2Fv2%2Fmedia&parent=3055"}],"wp:term":[{"taxonomy":"category","embeddable":true,"href":"https:\/\/www.creusonslabible.fr\/index.php?rest_route=%2Fwp%2Fv2%2Fcategories&post=3055"},{"taxonomy":"post_tag","embeddable":true,"href":"https:\/\/www.creusonslabible.fr\/index.php?rest_route=%2Fwp%2Fv2%2Ftags&post=3055"},{"taxonomy":"video","embeddable":true,"href":"https:\/\/www.creusonslabible.fr\/index.php?rest_route=%2Fwp%2Fv2%2Fvideo&post=3055"},{"taxonomy":"audio","embeddable":true,"href":"https:\/\/www.creusonslabible.fr\/index.php?rest_route=%2Fwp%2Fv2%2Faudio&post=3055"},{"taxonomy":"ecrit","embeddable":true,"href":"https:\/\/www.creusonslabible.fr\/index.php?rest_route=%2Fwp%2Fv2%2Fecrit&post=3055"},{"taxonomy":"mis-en-avant","embeddable":true,"href":"https:\/\/www.creusonslabible.fr\/index.php?rest_route=%2Fwp%2Fv2%2Fmis-en-avant&post=3055"},{"taxonomy":"redacteur","embeddable":true,"href":"https:\/\/www.creusonslabible.fr\/index.php?rest_route=%2Fwp%2Fv2%2Fredacteur&post=3055"},{"taxonomy":"type-darticle","embeddable":true,"href":"https:\/\/www.creusonslabible.fr\/index.php?rest_route=%2Fwp%2Fv2%2Ftype-darticle&post=3055"}],"curies":[{"name":"wp","href":"https:\/\/api.w.org\/{rel}","templated":true}]}}