{"id":3057,"date":"2014-11-21T08:49:01","date_gmt":"2014-11-21T08:49:01","guid":{"rendered":"http:\/\/www.creusonslabible.fr\/?p=3057"},"modified":"2025-01-24T12:12:16","modified_gmt":"2025-01-24T10:12:16","slug":"matthieu-9-35-10-8-formation-sur-le-tas","status":"publish","type":"post","link":"https:\/\/www.creusonslabible.fr\/?p=3057","title":{"rendered":"Matthieu 9.35-10.8 &#8211; Formation sur le tas"},"content":{"rendered":"<p style=\"margin-bottom: 0cm;\" align=\"LEFT\"><b>Contexte<\/b><\/p>\n<ul>\n<li>\n<p style=\"margin-bottom: 0cm; font-weight: normal;\" align=\"LEFT\">Brossez un tableau de la situation. Que fait J\u00e9sus ? Quel est son activit\u00e9 principale en ce moment ?<\/p>\n<\/li>\n<li>\n<p style=\"margin-bottom: 0cm; font-weight: normal;\" align=\"LEFT\">O\u00f9 cela se passe-t-il ? \u00c0 votre avis quel est son objectif, son but en ce moment (le commencement de son minist\u00e8re) ?<\/p>\n<\/li>\n<\/ul>\n<p style=\"margin-bottom: 0cm; font-weight: normal;\" align=\"LEFT\">\n<p style=\"margin-bottom: 0cm;\" align=\"LEFT\"><b>De brebis partout&#8230; (35-37)<\/b><\/p>\n<ul>\n<li>\n<p style=\"margin-bottom: 0cm; font-weight: normal;\" align=\"LEFT\">Qu&rsquo;est-ce qui a retenu son attention pendant tous ses voyages de pr\u00e9dication et de gu\u00e9risons ? Comment a-t-il r\u00e9agi ?<\/p>\n<\/li>\n<li>\n<p style=\"margin-bottom: 0cm; font-weight: normal;\" align=\"LEFT\">\u00c0 votre avis quel est le probl\u00e8me de ces brebis ? Comment reformuleriez-vous les paroles de J\u00e9sus dans vos propres mots ?<\/p>\n<\/li>\n<\/ul>\n<p style=\"margin-bottom: 0cm; font-weight: normal;\" align=\"LEFT\">\n<p style=\"margin-bottom: 0cm;\" align=\"LEFT\"><b>Mais pas de berger ! (36-37)<\/b><\/p>\n<ul>\n<li>\n<p style=\"margin-bottom: 0cm; font-weight: normal;\" align=\"LEFT\">Plusieurs disciples l&rsquo;accompagnaient durant ses voyages. Pourquoi insiste-t-il pour leur faire cette demande pressante?<\/p>\n<\/li>\n<li>\n<p style=\"margin-bottom: 0cm; font-weight: normal;\" align=\"LEFT\">Comment les disciples voyaient-ils leur propre capacit\u00e9\u00a0\u00bb de r\u00e9pondre \u00e0 ce besoin ? Pourquoi ne l&rsquo;avaient-ils pas vu auparavant ? Quelle pouvait \u00eatre leurs raisons de l&rsquo;accompagner jusqu&rsquo;ici ?<\/p>\n<\/li>\n<li>\n<p style=\"margin-bottom: 0cm; font-weight: normal;\" align=\"LEFT\">Que pensez-vous de sa fa\u00e7on de les sensibiliser et de leur pr\u00e9senter ce grand besoin ? Les connait-il bien ,\u00e0 votre avis ? Comment ont-ils r\u00e9agi ?<\/p>\n<\/li>\n<\/ul>\n<p style=\"margin-bottom: 0cm; font-weight: normal;\" align=\"LEFT\">\n<p style=\"margin-bottom: 0cm;\" align=\"LEFT\"><b>Une r\u00e9ponse \u00e0 l&rsquo;appel (10.1-8)<\/b><\/p>\n<ul>\n<li>\n<p style=\"margin-bottom: 0cm; font-weight: normal;\" align=\"LEFT\">Le texte parall\u00e8le de Luc 6.12-16 nous apprend qu&rsquo;il y a eu un laps de temps plus ou moins long entre le partage du fardeau (9.37) et l&rsquo;envoi des ap\u00f4tres (10.1).l&rsquo;exhortation de J\u00e9sus \u00e0 ses disciples a s\u00fbrement fait son lent travail dans leurs c\u0153urs&#8230; Luc nous apprend que c&rsquo;est apr\u00e8s une nuit en pri\u00e8re que J\u00e9sus a fait son choix d\u00e9finitif. \u00c0 la lumi\u00e8re de ces informations, quels pouvaient \u00eatre quelques-uns de ses crit\u00e8res de s\u00e9lection ?<\/p>\n<\/li>\n<li>\n<p style=\"margin-bottom: 0cm; font-weight: normal;\" align=\"LEFT\">Croyez-vous que ces personnes \u00e9taient pr\u00eates et suffisamment matures pour cette responsabilit\u00e9 ? Se voyaient-elles comme tel ? Commentez&#8230; En quoi leur exemple est-il un encouragement au service pour vous ?<\/p>\n<\/li>\n<li>\n<p style=\"margin-bottom: 0cm; font-weight: normal;\" align=\"LEFT\">Y a-t-il une raisons de nommer les disciples deux par deux ? Laquelle ? Quelle information suppl\u00e9mentaire cela donne-il ?<\/p>\n<\/li>\n<\/ul>\n<p style=\"margin-bottom: 0cm; font-weight: normal;\" align=\"LEFT\">\n<p style=\"margin-bottom: 0cm;\" align=\"LEFT\"><b>APPLICATION<\/b><\/p>\n<p style=\"margin-bottom: 0cm; font-weight: normal;\" align=\"LEFT\">a) D\u00e9gagez les aspects importants du programme de formation de J\u00e9sus. Qu&rsquo;est-ce qui est le plus important pour lui, la formation de ses disciples ou trouver des pasteurs pour les brebis ?<\/p>\n<p style=\"margin-bottom: 0cm; font-weight: normal;\" align=\"LEFT\">b) Y a-t-il des besoins autour de vous pour lesquels J\u00e9sus pourrait vous demander de commencer \u00e0 prier ? Que voyez-vous en vous qui vous emp\u00eache de pouvoir y r\u00e9pondre ? D&rsquo;apr\u00e8s votre r\u00e9ponse, J\u00e9sus serait-il motiv\u00e9 \u00e0 vous envoyer en son nom ?<\/p>\n","protected":false},"excerpt":{"rendered":"<p>Contexte Brossez un tableau de la situation. Que fait J\u00e9sus ? Quel est son activit\u00e9 principale en ce moment ? O\u00f9 cela se passe-t-il ? \u00c0 votre avis quel est son objectif, son but en ce moment (le commencement de son minist\u00e8re) ? De brebis partout&#8230; (35-37) Qu&rsquo;est-ce qui a retenu son attention pendant tous [&hellip;]<\/p>\n","protected":false},"author":3,"featured_media":1728,"comment_status":"open","ping_status":"closed","sticky":false,"template":"","format":"standard","meta":{"_acf_changed":false,"_eb_attr":"","advgb_blocks_editor_width":"","advgb_blocks_columns_visual_guide":"","footnotes":""},"categories":[10,75],"tags":[916,219,352,651,824,408,353,23],"video":[],"audio":[],"ecrit":[],"mis-en-avant":[],"redacteur":[],"type-darticle":[],"class_list":["post-3057","post","type-post","status-publish","format-standard","has-post-thumbnail","hentry","category-discussions-autour-de-la-bible","category-jesus-le-fils","tag-berger","tag-brebis","tag-disciples","tag-ecrit","tag-envoi","tag-matthieu","tag-moisson","tag-nouveau-testament"],"blocksy_meta":[],"acf":[],"featured_image_src":"https:\/\/www.creusonslabible.fr\/wp-content\/uploads\/2013\/07\/ps23-1.jpg","author_info":{"display_name":"Yoh","author_link":"https:\/\/www.creusonslabible.fr\/?author=3"},"author_meta":{"display_name":"Yoh","author_link":"https:\/\/www.creusonslabible.fr\/?author=3"},"featured_img":"https:\/\/www.creusonslabible.fr\/wp-content\/uploads\/2013\/07\/ps23-1.jpg","coauthors":[],"tax_additional":{"categories":{"linked":["<a href=\"https:\/\/www.creusonslabible.fr\/?cat=10\" class=\"advgb-post-tax-term\">Discussions autour de la Bible<\/a>","<a href=\"https:\/\/www.creusonslabible.fr\/?cat=75\" class=\"advgb-post-tax-term\">J\u00e9sus le Fils<\/a>"],"unlinked":["<span class=\"advgb-post-tax-term\">Discussions autour de la Bible<\/span>","<span class=\"advgb-post-tax-term\">J\u00e9sus le Fils<\/span>"]},"tags":{"linked":["<a href=\"https:\/\/www.creusonslabible.fr\/?cat=75\" class=\"advgb-post-tax-term\">berger<\/a>","<a href=\"https:\/\/www.creusonslabible.fr\/?cat=75\" class=\"advgb-post-tax-term\">brebis<\/a>","<a href=\"https:\/\/www.creusonslabible.fr\/?cat=75\" class=\"advgb-post-tax-term\">disciples<\/a>","<a href=\"https:\/\/www.creusonslabible.fr\/?cat=75\" class=\"advgb-post-tax-term\">\u00e9crit<\/a>","<a href=\"https:\/\/www.creusonslabible.fr\/?cat=75\" class=\"advgb-post-tax-term\">envoi<\/a>","<a href=\"https:\/\/www.creusonslabible.fr\/?cat=75\" class=\"advgb-post-tax-term\">Matthieu<\/a>","<a href=\"https:\/\/www.creusonslabible.fr\/?cat=75\" class=\"advgb-post-tax-term\">moisson<\/a>","<a href=\"https:\/\/www.creusonslabible.fr\/?cat=75\" class=\"advgb-post-tax-term\">Nouveau-Testament<\/a>"],"unlinked":["<span class=\"advgb-post-tax-term\">berger<\/span>","<span class=\"advgb-post-tax-term\">brebis<\/span>","<span class=\"advgb-post-tax-term\">disciples<\/span>","<span class=\"advgb-post-tax-term\">\u00e9crit<\/span>","<span class=\"advgb-post-tax-term\">envoi<\/span>","<span class=\"advgb-post-tax-term\">Matthieu<\/span>","<span class=\"advgb-post-tax-term\">moisson<\/span>","<span class=\"advgb-post-tax-term\">Nouveau-Testament<\/span>"]}},"comment_count":"0","relative_dates":{"created":"Publi\u00e9 11 ans il y a","modified":"Mis \u00e0 jour 1 an il y a"},"absolute_dates":{"created":"Publi\u00e9 le 21 novembre 2014","modified":"Mise \u00e0 jour le 24 janvier 2025"},"absolute_dates_time":{"created":"Publi\u00e9 le 21 novembre 2014 8h49","modified":"Mise \u00e0 jour le 24 janvier 2025 12h12"},"featured_img_caption":"","series_order":"","meta_box":[],"_links":{"self":[{"href":"https:\/\/www.creusonslabible.fr\/index.php?rest_route=\/wp\/v2\/posts\/3057","targetHints":{"allow":["GET"]}}],"collection":[{"href":"https:\/\/www.creusonslabible.fr\/index.php?rest_route=\/wp\/v2\/posts"}],"about":[{"href":"https:\/\/www.creusonslabible.fr\/index.php?rest_route=\/wp\/v2\/types\/post"}],"author":[{"embeddable":true,"href":"https:\/\/www.creusonslabible.fr\/index.php?rest_route=\/wp\/v2\/users\/3"}],"replies":[{"embeddable":true,"href":"https:\/\/www.creusonslabible.fr\/index.php?rest_route=%2Fwp%2Fv2%2Fcomments&post=3057"}],"version-history":[{"count":1,"href":"https:\/\/www.creusonslabible.fr\/index.php?rest_route=\/wp\/v2\/posts\/3057\/revisions"}],"predecessor-version":[{"id":11091,"href":"https:\/\/www.creusonslabible.fr\/index.php?rest_route=\/wp\/v2\/posts\/3057\/revisions\/11091"}],"wp:featuredmedia":[{"embeddable":true,"href":"https:\/\/www.creusonslabible.fr\/index.php?rest_route=\/wp\/v2\/media\/1728"}],"wp:attachment":[{"href":"https:\/\/www.creusonslabible.fr\/index.php?rest_route=%2Fwp%2Fv2%2Fmedia&parent=3057"}],"wp:term":[{"taxonomy":"category","embeddable":true,"href":"https:\/\/www.creusonslabible.fr\/index.php?rest_route=%2Fwp%2Fv2%2Fcategories&post=3057"},{"taxonomy":"post_tag","embeddable":true,"href":"https:\/\/www.creusonslabible.fr\/index.php?rest_route=%2Fwp%2Fv2%2Ftags&post=3057"},{"taxonomy":"video","embeddable":true,"href":"https:\/\/www.creusonslabible.fr\/index.php?rest_route=%2Fwp%2Fv2%2Fvideo&post=3057"},{"taxonomy":"audio","embeddable":true,"href":"https:\/\/www.creusonslabible.fr\/index.php?rest_route=%2Fwp%2Fv2%2Faudio&post=3057"},{"taxonomy":"ecrit","embeddable":true,"href":"https:\/\/www.creusonslabible.fr\/index.php?rest_route=%2Fwp%2Fv2%2Fecrit&post=3057"},{"taxonomy":"mis-en-avant","embeddable":true,"href":"https:\/\/www.creusonslabible.fr\/index.php?rest_route=%2Fwp%2Fv2%2Fmis-en-avant&post=3057"},{"taxonomy":"redacteur","embeddable":true,"href":"https:\/\/www.creusonslabible.fr\/index.php?rest_route=%2Fwp%2Fv2%2Fredacteur&post=3057"},{"taxonomy":"type-darticle","embeddable":true,"href":"https:\/\/www.creusonslabible.fr\/index.php?rest_route=%2Fwp%2Fv2%2Ftype-darticle&post=3057"}],"curies":[{"name":"wp","href":"https:\/\/api.w.org\/{rel}","templated":true}]}}