{"id":3061,"date":"2014-11-21T09:50:06","date_gmt":"2014-11-21T09:50:06","guid":{"rendered":"http:\/\/www.creusonslabible.fr\/?p=3061"},"modified":"2025-09-23T10:26:20","modified_gmt":"2025-09-23T08:26:20","slug":"matthieu-14-22-33-marcher-sur-leau","status":"publish","type":"post","link":"https:\/\/www.creusonslabible.fr\/?p=3061","title":{"rendered":"Matthieu 14.22-33 &#8211; Marcher sur l&rsquo;eau"},"content":{"rendered":"\n<h2 class=\"wp-block-heading\"><span style=\"font-size: 14pt;\"><strong>Questions de discussion sur le texte\u00a0<\/strong><\/span><\/h2>\n\n\n\n<ul class=\"wp-block-list\">\n<li>Situez le passage<\/li>\n\n\n\n<li>Jouez la sc\u00e8ne. Qu\u2019est-ce qui vous marque, apr\u00e8s l\u2019avoir jou\u00e9\/vu\u00a0?<\/li>\n\n\n\n<li>Pourquoi J\u00e9sus marche-t-il sur les eaux\u00a0? Quelle est la r\u00e9action des disciples\u00a0?<\/li>\n<\/ul>\n\n\n\n<h2 class=\"wp-block-heading\"><strong>Zoom sur Pierre<\/strong><\/h2>\n\n\n\n<ul class=\"wp-block-list\">\n<li>Comment comprenez-vous la demande de Pierre v.28\u00a0?<\/li>\n<\/ul>\n\n\n\n<ul class=\"wp-block-list\">\n<li>Faites un point sur les r\u00e9actions de Pierre\u00a0; quelles sont ses erreurs, ses r\u00e9ussites\u00a0?<\/li>\n\n\n\n<li>Comment J\u00e9sus agit-il envers Pierre\u00a0? Quels sentiments pensez-vous que \u00e7a g\u00e9n\u00e8re chez Pierre\u00a0?<\/li>\n\n\n\n<li>Quelle est la r\u00e9action des autres hommes (qui sont-ils\u00a0?) dans ce passage\u00a0? Quelles sont leurs erreurs, sur quoi ont-ils raison\u00a0?<\/li>\n\n\n\n<li>Quel personnage nous est le plus semblable, ou lequel aurions-nous \u00e9t\u00e9 s\u00fbrement\u00a0? De quelle mani\u00e8re pourrait-on adapter cet \u00e9pisode aujourd\u2019hui\u00a0?<\/li>\n\n\n\n<li>Quel point J\u00e9sus a-t-il d\u00e9montr\u00e9 dans ce passage\u00a0?<\/li>\n<\/ul>\n\n\n\n<p>&nbsp;<\/p>\n\n\n\n<p>Quand J\u00e9sus arrive, les disciples sont fatigu\u00e9s d\u2019avoir lutt\u00e9 contre les vents contraires (v24)&nbsp;; n\u2019ont-ils donc pas d\u2019autant plus de raisons de croire que leurs yeux se trompent&nbsp;?<\/p>\n\n\n\n<p>&nbsp;<\/p>\n\n\n\n<h2 class=\"wp-block-heading\"><span style=\"font-size: 14pt;\"><strong>Application<\/strong><\/span><\/h2>\n\n\n\n<p>&#8211; \u00c0 quelles occasions\/dans quels domaines osons-nous mettre J\u00e9sus (Dieu) \u00e0 l\u2019\u00e9preuve alors qu\u2019il essaie de nous montrer sa Toute-Puissance\u00a0?<\/p>\n\n\n\n<p>&#8211; Quand nous prenons peur alors que nous venons de l\u00e2cher-prise, nous commen\u00e7ons nous aussi \u00e0 nous \u00ab&nbsp;enfoncer&nbsp;\u00bb, comme Pierre. Comment r\u00e9agissons-nous alors&nbsp;?<\/p>\n\n\n\n<p>&#8211; Qu\u2019est-ce qui nous fait douter, nous fait prendre peur&nbsp;? Comment y rem\u00e9dier&nbsp;concr\u00e8tement&nbsp;? (essayez de trouver un exemple actuel personnel)<\/p>\n\n\n\n<p><\/p>\n","protected":false},"excerpt":{"rendered":"<p>Questions de discussion sur le texte\u00a0 Zoom sur Pierre &nbsp; Quand J\u00e9sus arrive, les disciples sont fatigu\u00e9s d\u2019avoir lutt\u00e9 contre les vents contraires (v24)&nbsp;; n\u2019ont-ils donc pas d\u2019autant plus de raisons de croire que leurs yeux se trompent&nbsp;? &nbsp; Application &#8211; \u00c0 quelles occasions\/dans quels domaines osons-nous mettre J\u00e9sus (Dieu) \u00e0 l\u2019\u00e9preuve alors qu\u2019il essaie [&hellip;]<\/p>\n","protected":false},"author":3,"featured_media":2036,"comment_status":"open","ping_status":"closed","sticky":false,"template":"","format":"standard","meta":{"_acf_changed":false,"_eb_attr":"","advgb_blocks_editor_width":"","advgb_blocks_columns_visual_guide":"","footnotes":""},"categories":[10],"tags":[651,921,408,23,133],"video":[],"audio":[],"ecrit":[],"mis-en-avant":[],"redacteur":[],"type-darticle":[],"class_list":["post-3061","post","type-post","status-publish","format-standard","has-post-thumbnail","hentry","category-discussions-autour-de-la-bible","tag-ecrit","tag-lac-de-galilee","tag-matthieu","tag-nouveau-testament","tag-pierre"],"blocksy_meta":[],"acf":[],"featured_image_src":"https:\/\/www.creusonslabible.fr\/wp-content\/uploads\/2013\/07\/unlongfleuve-1.jpg","author_info":{"display_name":"Yoh","author_link":"https:\/\/www.creusonslabible.fr\/?author=3"},"author_meta":{"display_name":"Yoh","author_link":"https:\/\/www.creusonslabible.fr\/?author=3"},"featured_img":"https:\/\/www.creusonslabible.fr\/wp-content\/uploads\/2013\/07\/unlongfleuve-1.jpg","coauthors":[],"tax_additional":{"categories":{"linked":["<a href=\"https:\/\/www.creusonslabible.fr\/?cat=10\" class=\"advgb-post-tax-term\">Discussions autour de la Bible<\/a>"],"unlinked":["<span class=\"advgb-post-tax-term\">Discussions autour de la Bible<\/span>"]},"tags":{"linked":["<a href=\"https:\/\/www.creusonslabible.fr\/?cat=10\" class=\"advgb-post-tax-term\">\u00e9crit<\/a>","<a href=\"https:\/\/www.creusonslabible.fr\/?cat=10\" class=\"advgb-post-tax-term\">lac de Galil\u00e9e<\/a>","<a href=\"https:\/\/www.creusonslabible.fr\/?cat=10\" class=\"advgb-post-tax-term\">Matthieu<\/a>","<a href=\"https:\/\/www.creusonslabible.fr\/?cat=10\" class=\"advgb-post-tax-term\">Nouveau-Testament<\/a>","<a href=\"https:\/\/www.creusonslabible.fr\/?cat=10\" class=\"advgb-post-tax-term\">Pierre<\/a>"],"unlinked":["<span class=\"advgb-post-tax-term\">\u00e9crit<\/span>","<span class=\"advgb-post-tax-term\">lac de Galil\u00e9e<\/span>","<span class=\"advgb-post-tax-term\">Matthieu<\/span>","<span class=\"advgb-post-tax-term\">Nouveau-Testament<\/span>","<span class=\"advgb-post-tax-term\">Pierre<\/span>"]}},"comment_count":"0","relative_dates":{"created":"Publi\u00e9 11 ans il y a","modified":"Mis \u00e0 jour 7 mois il y a"},"absolute_dates":{"created":"Publi\u00e9 le 21 novembre 2014","modified":"Mise \u00e0 jour le 23 septembre 2025"},"absolute_dates_time":{"created":"Publi\u00e9 le 21 novembre 2014 9h50","modified":"Mise \u00e0 jour le 23 septembre 2025 10h26"},"featured_img_caption":"","series_order":"","meta_box":[],"_links":{"self":[{"href":"https:\/\/www.creusonslabible.fr\/index.php?rest_route=\/wp\/v2\/posts\/3061","targetHints":{"allow":["GET"]}}],"collection":[{"href":"https:\/\/www.creusonslabible.fr\/index.php?rest_route=\/wp\/v2\/posts"}],"about":[{"href":"https:\/\/www.creusonslabible.fr\/index.php?rest_route=\/wp\/v2\/types\/post"}],"author":[{"embeddable":true,"href":"https:\/\/www.creusonslabible.fr\/index.php?rest_route=\/wp\/v2\/users\/3"}],"replies":[{"embeddable":true,"href":"https:\/\/www.creusonslabible.fr\/index.php?rest_route=%2Fwp%2Fv2%2Fcomments&post=3061"}],"version-history":[{"count":2,"href":"https:\/\/www.creusonslabible.fr\/index.php?rest_route=\/wp\/v2\/posts\/3061\/revisions"}],"predecessor-version":[{"id":11628,"href":"https:\/\/www.creusonslabible.fr\/index.php?rest_route=\/wp\/v2\/posts\/3061\/revisions\/11628"}],"wp:featuredmedia":[{"embeddable":true,"href":"https:\/\/www.creusonslabible.fr\/index.php?rest_route=\/wp\/v2\/media\/2036"}],"wp:attachment":[{"href":"https:\/\/www.creusonslabible.fr\/index.php?rest_route=%2Fwp%2Fv2%2Fmedia&parent=3061"}],"wp:term":[{"taxonomy":"category","embeddable":true,"href":"https:\/\/www.creusonslabible.fr\/index.php?rest_route=%2Fwp%2Fv2%2Fcategories&post=3061"},{"taxonomy":"post_tag","embeddable":true,"href":"https:\/\/www.creusonslabible.fr\/index.php?rest_route=%2Fwp%2Fv2%2Ftags&post=3061"},{"taxonomy":"video","embeddable":true,"href":"https:\/\/www.creusonslabible.fr\/index.php?rest_route=%2Fwp%2Fv2%2Fvideo&post=3061"},{"taxonomy":"audio","embeddable":true,"href":"https:\/\/www.creusonslabible.fr\/index.php?rest_route=%2Fwp%2Fv2%2Faudio&post=3061"},{"taxonomy":"ecrit","embeddable":true,"href":"https:\/\/www.creusonslabible.fr\/index.php?rest_route=%2Fwp%2Fv2%2Fecrit&post=3061"},{"taxonomy":"mis-en-avant","embeddable":true,"href":"https:\/\/www.creusonslabible.fr\/index.php?rest_route=%2Fwp%2Fv2%2Fmis-en-avant&post=3061"},{"taxonomy":"redacteur","embeddable":true,"href":"https:\/\/www.creusonslabible.fr\/index.php?rest_route=%2Fwp%2Fv2%2Fredacteur&post=3061"},{"taxonomy":"type-darticle","embeddable":true,"href":"https:\/\/www.creusonslabible.fr\/index.php?rest_route=%2Fwp%2Fv2%2Ftype-darticle&post=3061"}],"curies":[{"name":"wp","href":"https:\/\/api.w.org\/{rel}","templated":true}]}}