{"id":3063,"date":"2014-11-21T09:59:27","date_gmt":"2014-11-21T09:59:27","guid":{"rendered":"http:\/\/www.creusonslabible.fr\/?p=3063"},"modified":"2025-01-24T12:12:16","modified_gmt":"2025-01-24T10:12:16","slug":"2-pierre-1","status":"publish","type":"post","link":"https:\/\/www.creusonslabible.fr\/?p=3063","title":{"rendered":"2 Pierre 1"},"content":{"rendered":"<p><strong>Note pour l&rsquo;animateur\u00a0:<\/strong>\u00a0Il est recommand\u00e9 \u00e0 l&rsquo;animateur de\u00a0lire l&rsquo;introduction \u00e0 la deuxi\u00e8me \u00e9p\u00eetre de Pierre\u00a0<a href=\"http:\/\/www.creusonslabible.fr\/?p=215\" target=\"_blank\" rel=\"noopener\">ici<\/a>.<\/p>\n<p>&nbsp;<\/p>\n<p><strong>Questions de discussion sur le texte<\/strong><\/p>\n<p>&#8211; Situez ce passage dans son contexte<\/p>\n<p><strong>Pour les diff\u00e9rentes parties qui suivent, posez-vous \u00e0 chaque fois les questions suivantes\u00a0:<\/strong><\/p>\n<p>&#8211; Quels temps et types de verbes sont utilis\u00e9s ici, et quelle importance \u00e7a a\u00a0?<\/p>\n<p>&#8211; Dans ces versets, de quelle mani\u00e8re Pierre se place-t-il face \u00e0 Dieu et face \u00e0 ses destinataires\u00a0?<\/p>\n<p>&#8211; Que peut-on dire du th\u00e8me de la connaissance dans cette partie\u00a0?<\/p>\n<p>&#8211; Qu\u2019est-ce qui est de notre ressort\u00a0et qu\u2019est-ce qui d\u00e9pend de Dieu\u00a0?<\/p>\n<p>&nbsp;<\/p>\n<p><strong>Vv 1-10<\/strong><\/p>\n<p>&#8211; v 4\u00a0: quelles sont les promesses dont Pierre parle\u00a0?<\/p>\n<p>&#8211; vv5-7\u00a0: quel autre passage \u00e7a vous rappelle, et pourquoi, dans l\u2019un comme l\u2019autre, les termes sont repris et ainsi reli\u00e9s\/encha\u00een\u00e9s les uns aux autres\u00a0? Essayez ensuite de d\u00e9finir concr\u00e8tement chacune de ces notions, y compris pour les destinataires premiers de la lettre.<\/p>\n<p>&#8211; Comment les versets 1 \u00e0 10 d\u00e9crivent-ils la relation entre le croyant et Dieu\u00a0?<\/p>\n<p>&#8211; Si notre Salut est le produit de l\u2019appel et de la puissance de Dieu, pourquoi avons-nous besoin de faire des efforts\u00a0?<\/p>\n<p>&nbsp;<\/p>\n<p><strong>Vv 11-15 (zoom sur Pierre)<\/strong><\/p>\n<p>&#8211; le verset 14 annule-t-il le v12\u00a0? pourquoi\u00a0?<\/p>\n<p>&#8211; Pourquoi Pierre insiste-t-il autant\u00a0?<\/p>\n<p>&#8211; Un chr\u00e9tien a-t-il besoin de ce genre de rappel\u00a0? (Dt32.18, H\u00e9 2.1)<\/p>\n<p>&nbsp;<\/p>\n<p><strong>Vv 16-21<\/strong><\/p>\n<p>&#8211; Sur quoi porte l\u2019enseignement\/les rappels de Pierre\u00a0? Pourquoi\u00a0?<\/p>\n<p>&#8211; Sur quoi s\u2019appuie-t-il\u00a0? Pourquoi\u00a0?<\/p>\n<p>&#8211; En quoi ces versets donnent-ils une r\u00e9ponse \u00e0 certains th\u00e9ologiens qui pr\u00e9tendent que la v\u00e9rit\u00e9 n\u2019a pas besoin d\u2019\u00eatre bas\u00e9e sur des faits historiques\u00a0?<\/p>\n<p>&#8211; Expliquez \u00e0 partir des vv 20-21 la nature de l\u2019inspiration des \u00c9critures. Qu\u2019est-ce qui leur donne leur autorit\u00e9, et qu\u2019est-ce qui devrait r\u00e9gir leur interpr\u00e9tation\u00a0?<\/p>\n","protected":false},"excerpt":{"rendered":"<p>Note pour l&rsquo;animateur\u00a0:\u00a0Il est recommand\u00e9 \u00e0 l&rsquo;animateur de\u00a0lire l&rsquo;introduction \u00e0 la deuxi\u00e8me \u00e9p\u00eetre de Pierre\u00a0ici. &nbsp; Questions de discussion sur le texte &#8211; Situez ce passage dans son contexte Pour les diff\u00e9rentes parties qui suivent, posez-vous \u00e0 chaque fois les questions suivantes\u00a0: &#8211; Quels temps et types de verbes sont utilis\u00e9s ici, et quelle importance [&hellip;]<\/p>\n","protected":false},"author":3,"featured_media":907,"comment_status":"open","ping_status":"closed","sticky":false,"template":"","format":"standard","meta":{"_acf_changed":false,"_eb_attr":"","advgb_blocks_editor_width":"","advgb_blocks_columns_visual_guide":"","footnotes":""},"categories":[255,10],"tags":[136,610,651,23,133],"video":[],"audio":[],"ecrit":[],"mis-en-avant":[],"redacteur":[],"type-darticle":[],"class_list":["post-3063","post","type-post","status-publish","format-standard","has-post-thumbnail","hentry","category-comment-dieu-se-revele","category-discussions-autour-de-la-bible","tag-2-pierre","tag-autorite-de-la-bible","tag-ecrit","tag-nouveau-testament","tag-pierre"],"blocksy_meta":[],"acf":[],"featured_image_src":"https:\/\/www.creusonslabible.fr\/wp-content\/uploads\/2012\/07\/la_bible-1.png","author_info":{"display_name":"Yoh","author_link":"https:\/\/www.creusonslabible.fr\/?author=3"},"author_meta":{"display_name":"Yoh","author_link":"https:\/\/www.creusonslabible.fr\/?author=3"},"featured_img":"https:\/\/www.creusonslabible.fr\/wp-content\/uploads\/2012\/07\/la_bible-1.png","coauthors":[],"tax_additional":{"categories":{"linked":["<a href=\"https:\/\/www.creusonslabible.fr\/?cat=255\" class=\"advgb-post-tax-term\">Comment Dieu se r\u00e9v\u00e8le<\/a>","<a href=\"https:\/\/www.creusonslabible.fr\/?cat=10\" class=\"advgb-post-tax-term\">Discussions autour de la Bible<\/a>"],"unlinked":["<span class=\"advgb-post-tax-term\">Comment Dieu se r\u00e9v\u00e8le<\/span>","<span class=\"advgb-post-tax-term\">Discussions autour de la Bible<\/span>"]},"tags":{"linked":["<a href=\"https:\/\/www.creusonslabible.fr\/?cat=10\" class=\"advgb-post-tax-term\">2 Pierre<\/a>","<a href=\"https:\/\/www.creusonslabible.fr\/?cat=10\" class=\"advgb-post-tax-term\">autorit\u00e9 de la Bible<\/a>","<a href=\"https:\/\/www.creusonslabible.fr\/?cat=10\" class=\"advgb-post-tax-term\">\u00e9crit<\/a>","<a href=\"https:\/\/www.creusonslabible.fr\/?cat=10\" class=\"advgb-post-tax-term\">Nouveau-Testament<\/a>","<a href=\"https:\/\/www.creusonslabible.fr\/?cat=10\" class=\"advgb-post-tax-term\">Pierre<\/a>"],"unlinked":["<span class=\"advgb-post-tax-term\">2 Pierre<\/span>","<span class=\"advgb-post-tax-term\">autorit\u00e9 de la Bible<\/span>","<span class=\"advgb-post-tax-term\">\u00e9crit<\/span>","<span class=\"advgb-post-tax-term\">Nouveau-Testament<\/span>","<span class=\"advgb-post-tax-term\">Pierre<\/span>"]}},"comment_count":"0","relative_dates":{"created":"Publi\u00e9 11 ans il y a","modified":"Mis \u00e0 jour 1 an il y a"},"absolute_dates":{"created":"Publi\u00e9 le 21 novembre 2014","modified":"Mise \u00e0 jour le 24 janvier 2025"},"absolute_dates_time":{"created":"Publi\u00e9 le 21 novembre 2014 9h59","modified":"Mise \u00e0 jour le 24 janvier 2025 12h12"},"featured_img_caption":"","series_order":"","meta_box":[],"_links":{"self":[{"href":"https:\/\/www.creusonslabible.fr\/index.php?rest_route=\/wp\/v2\/posts\/3063","targetHints":{"allow":["GET"]}}],"collection":[{"href":"https:\/\/www.creusonslabible.fr\/index.php?rest_route=\/wp\/v2\/posts"}],"about":[{"href":"https:\/\/www.creusonslabible.fr\/index.php?rest_route=\/wp\/v2\/types\/post"}],"author":[{"embeddable":true,"href":"https:\/\/www.creusonslabible.fr\/index.php?rest_route=\/wp\/v2\/users\/3"}],"replies":[{"embeddable":true,"href":"https:\/\/www.creusonslabible.fr\/index.php?rest_route=%2Fwp%2Fv2%2Fcomments&post=3063"}],"version-history":[{"count":1,"href":"https:\/\/www.creusonslabible.fr\/index.php?rest_route=\/wp\/v2\/posts\/3063\/revisions"}],"predecessor-version":[{"id":11088,"href":"https:\/\/www.creusonslabible.fr\/index.php?rest_route=\/wp\/v2\/posts\/3063\/revisions\/11088"}],"wp:featuredmedia":[{"embeddable":true,"href":"https:\/\/www.creusonslabible.fr\/index.php?rest_route=\/wp\/v2\/media\/907"}],"wp:attachment":[{"href":"https:\/\/www.creusonslabible.fr\/index.php?rest_route=%2Fwp%2Fv2%2Fmedia&parent=3063"}],"wp:term":[{"taxonomy":"category","embeddable":true,"href":"https:\/\/www.creusonslabible.fr\/index.php?rest_route=%2Fwp%2Fv2%2Fcategories&post=3063"},{"taxonomy":"post_tag","embeddable":true,"href":"https:\/\/www.creusonslabible.fr\/index.php?rest_route=%2Fwp%2Fv2%2Ftags&post=3063"},{"taxonomy":"video","embeddable":true,"href":"https:\/\/www.creusonslabible.fr\/index.php?rest_route=%2Fwp%2Fv2%2Fvideo&post=3063"},{"taxonomy":"audio","embeddable":true,"href":"https:\/\/www.creusonslabible.fr\/index.php?rest_route=%2Fwp%2Fv2%2Faudio&post=3063"},{"taxonomy":"ecrit","embeddable":true,"href":"https:\/\/www.creusonslabible.fr\/index.php?rest_route=%2Fwp%2Fv2%2Fecrit&post=3063"},{"taxonomy":"mis-en-avant","embeddable":true,"href":"https:\/\/www.creusonslabible.fr\/index.php?rest_route=%2Fwp%2Fv2%2Fmis-en-avant&post=3063"},{"taxonomy":"redacteur","embeddable":true,"href":"https:\/\/www.creusonslabible.fr\/index.php?rest_route=%2Fwp%2Fv2%2Fredacteur&post=3063"},{"taxonomy":"type-darticle","embeddable":true,"href":"https:\/\/www.creusonslabible.fr\/index.php?rest_route=%2Fwp%2Fv2%2Ftype-darticle&post=3063"}],"curies":[{"name":"wp","href":"https:\/\/api.w.org\/{rel}","templated":true}]}}