{"id":3066,"date":"2014-11-21T10:13:22","date_gmt":"2014-11-21T10:13:22","guid":{"rendered":"http:\/\/www.creusonslabible.fr\/?p=3066"},"modified":"2025-01-24T12:12:15","modified_gmt":"2025-01-24T10:12:15","slug":"2-pierre-3-1-10-la-certitude-du-retour-du-seigneur","status":"publish","type":"post","link":"https:\/\/www.creusonslabible.fr\/?p=3066","title":{"rendered":"2 Pierre 3.1-10 &#8211; La certitude du retour du Seigneur"},"content":{"rendered":"<p><strong>Note pour l&rsquo;animateur\u00a0:<\/strong>\u00a0Il est recommand\u00e9 \u00e0 l&rsquo;animateur de\u00a0lire l&rsquo;introduction \u00e0 la deuxi\u00e8me \u00e9p\u00eetre de Pierre\u00a0<a href=\"http:\/\/www.creusonslabible.fr\/?p=215\" target=\"_blank\" rel=\"noopener\">ici<\/a>.<\/p>\n<ul>\n<li>\n<p lang=\"fr-FR\" style=\"margin-bottom: 0cm;\"><span style=\"text-decoration: underline;\"><b>Contexte\u00a0:<\/b><\/span><\/p>\n<p lang=\"fr-FR\" style=\"margin-bottom: 0cm; font-weight: normal; text-decoration: none;\">-Auteur\u00a0: l&rsquo;ap\u00f4tre Pierre<\/p>\n<p lang=\"fr-FR\" style=\"margin-bottom: 0cm; font-weight: normal; text-decoration: none;\">-But de Pierre\u00a0: \u00ab\u00a0tenir en \u00e9veil\u00a0\u00bb ses lecteurs par ses rappels (lecture 1.12-13).<\/p>\n<p lang=\"fr-FR\" style=\"margin-bottom: 0cm; font-weight: normal; text-decoration: none;\">-Parmi ces rappels\u00a0: la v\u00e9rit\u00e9 de l&rsquo;\u00e9vangile, l&rsquo;incarnation et la fiabilit\u00e9 des paroles de Dieu.<\/p>\n<p lang=\"fr-FR\" style=\"margin-bottom: 0cm; font-weight: normal; text-decoration: none;\">-V\u00e9rit\u00e9 remise en question par de \u00ab\u00a0faux docteurs\u00a0\u00bb (2.1) qui vivent dans le p\u00e9ch\u00e9 et nient le retour de J\u00e9sus.<\/p>\n<p lang=\"fr-FR\">\n<\/li>\n<li>\n<p lang=\"fr-FR\" style=\"margin-bottom: 0cm;\"><span style=\"text-decoration: underline;\"><b>Lecture<\/b><\/span><\/p>\n<\/li>\n<\/ul>\n<ul>\n<li>\n<p lang=\"fr-FR\" style=\"margin-bottom: 0cm;\"><span style=\"text-decoration: underline;\"><b>Mots \u00e0 expliquer\u00a0?<\/b><\/span><\/p>\n<p lang=\"fr-FR\" style=\"margin-bottom: 0cm; font-weight: normal; text-decoration: none;\"><b>-Proph\u00e8te (2) : <\/b>Porte-parole de Dieu.<\/p>\n<p lang=\"fr-FR\" style=\"margin-bottom: 0cm; text-decoration: none;\"><b>-Derniers jours (3)\u00a0: <\/b><span style=\"font-weight: normal;\">P\u00e9riode de l&rsquo;histoire inaugur\u00e9e par la premi\u00e8re venue de J\u00e9sus (H\u00e9breux 1.1\u00a0; 1 Corinthiens 10.11).<\/span><\/p>\n<p lang=\"fr-FR\" style=\"margin-bottom: 0cm; text-decoration: none;\"><b>-Av\u00e8nement (4)\u00a0:<\/b><span style=\"font-weight: normal;\"> Seconde venue ou retour de J\u00e9sus.<\/span><\/p>\n<\/li>\n<\/ul>\n<ul>\n<li>\n<p lang=\"fr-FR\" style=\"margin-bottom: 0cm;\"><span style=\"text-decoration: underline;\"><b>Observation\/Interpr\u00e9tation\u00a0:<\/b><\/span><\/p>\n<p lang=\"fr-FR\" style=\"margin-bottom: 0cm;\" align=\"JUSTIFY\"><b>-Quels rapport Pierre entretient-il avec ses lecteurs dans ce chapitre ? <\/b><i><span style=\"text-decoration: none;\"><span style=\"font-weight: normal;\">Rapports personnels et chaleureux (\u00ab\u00a0bien-aim\u00e9s\u00a0\u00bb aux versets 1, 8, 14 et 17).<\/span><\/span><\/i><\/p>\n<p lang=\"fr-FR\" style=\"margin-bottom: 0cm;\"><b>-Comment l&rsquo;auteur red\u00e9finit-il son but dans ces versets ? <\/b><i>\u00c9veiller une \u00ab\u00a0claire intelligence\u00a0\u00bb dans l&rsquo;esprit de ses lecteurs (1).<\/i><\/p>\n<p lang=\"fr-FR\" style=\"margin-bottom: 0cm;\"><b>-Comment comprenez-vous cet objectif\u00a0? <\/b><i><span style=\"font-weight: normal;\">Discerner le faux enseignement des faux docteurs pour ne pas se laisser influencer (17) mais pers\u00e9v\u00e9rer dans la connaissance et la v\u00e9rit\u00e9 de la parole de Dieu (18).<\/span><\/i><\/p>\n<p lang=\"fr-FR\" style=\"margin-bottom: 0cm;\"><b>-Quel moyen utilise-t-il pour atteindre son objectif\u00a0? <\/b><i>En faisant appel \u00e0 des souvenirs (1).<\/i><\/p>\n<p lang=\"fr-FR\" style=\"margin-bottom: 0cm;\"><b>-A quels souvenirs fait-il r\u00e9f\u00e9rence\u00a0?<\/b><\/p>\n<p lang=\"fr-FR\" style=\"margin-bottom: 0cm;\"><i>-Pr\u00e9dictions des proph\u00e8tes (2)\u00a0: probablement l&rsquo;annonce du jugement de Dieu (Esa\u00efe 2.10-22) qui sera inaugur\u00e9 par le retour de J\u00e9sus.<\/i><\/p>\n<p lang=\"fr-FR\" style=\"margin-bottom: 0cm;\"><i>-Commandement du Seigneur par les ap\u00f4tres (2)\u00a0: idem (Matthieu 24.29-44\u00a0; 25.31-46 et 1 Thessaloniciens 4.13-18).<\/i><\/p>\n<p lang=\"fr-FR\" style=\"margin-bottom: 0cm;\"><b>-Comment certaines personnes r\u00e9agiront vis \u00e0 vis de ces paroles\u00a0?<\/b><\/p>\n<p lang=\"fr-FR\" style=\"margin-bottom: 0cm;\"><i>-En se moquant, en raillant et en vivant dans le p\u00e9ch\u00e9 (3).<\/i><\/p>\n<p lang=\"fr-FR\" style=\"margin-bottom: 0cm;\"><i>-En faisant preuve d&rsquo;incr\u00e9dulit\u00e9 voire de m\u00e9pris (4).<\/i><\/p>\n<p lang=\"fr-FR\" style=\"margin-bottom: 0cm;\"><b>-Qu&rsquo;est-ce que ces personnes oublient\u00a0?<\/b><\/p>\n<p lang=\"fr-FR\" style=\"margin-bottom: 0cm; font-weight: normal;\"><i>-La parole de Dieu s&rsquo;est accomplie dans le pass\u00e9. De la m\u00eame mani\u00e8re, elle s&rsquo;accomplira dans l&rsquo;avenir\u00a0:<\/i><\/p>\n<p lang=\"fr-FR\" style=\"margin-bottom: 0cm;\"><i><b>&#8211;<\/b><span style=\"font-weight: normal;\">Dieu a d\u00e9truit le monde pass\u00e9 par les eaux du d\u00e9luge (6).<\/span><\/i><\/p>\n<p lang=\"fr-FR\" style=\"margin-bottom: 0cm;\"><i>-Dieu d\u00e9truira le monde pr\u00e9sent par le feu lors du jour du jugement (7).<\/i><\/p>\n<p lang=\"fr-FR\" style=\"margin-bottom: 0cm;\"><b>-Pourquoi le jour du jugement \u00ab\u00a0tarde\u00a0\u00bb-t-il \u00e0 venir\u00a0?<\/b><\/p>\n<p lang=\"fr-FR\" style=\"margin-bottom: 0cm; font-weight: normal;\"><i>-Les hommes n&rsquo;ont pas la m\u00eame perception du temps que Dieu (8).<\/i><\/p>\n<p lang=\"fr-FR\" style=\"margin-bottom: 0cm;\"><i>-Dieu est patient et permet au plus grand nombre de se repentir (9).<\/i><\/p>\n<p lang=\"fr-FR\" style=\"margin-bottom: 0cm;\"><b>-Qu&rsquo;est-ce qui caract\u00e9risera le jour du Seigneur\u00a0?<\/b><\/p>\n<p lang=\"fr-FR\" style=\"margin-bottom: 0cm;\"><i>-Viendra \u00ab\u00a0comme un voleur\u00a0\u00bb (10), de mani\u00e8re inattendue.<\/i><\/p>\n<p lang=\"fr-FR\" style=\"margin-bottom: 0cm;\"><i>-Marqu\u00e9 par un cataclysme c\u00e9leste et le jugement ou la destruction de la terre (10).<\/i><\/p>\n<\/li>\n<\/ul>\n<ul>\n<li>\n<p lang=\"fr-FR\" style=\"margin-bottom: 0cm;\"><span style=\"text-decoration: underline;\"><b>Application\u00a0:<\/b><\/span><\/p>\n<p lang=\"fr-FR\" style=\"margin-bottom: 0cm;\"><b>-Quels sont les points communs entre les hommes vivant avant le d\u00e9luge et les homme vivant aujourd&rsquo;hui\u00a0? <\/b><i><span style=\"font-weight: normal;\">Cf. Matthieu 24.27-39<\/span><\/i><\/p>\n<p lang=\"fr-FR\" style=\"margin-bottom: 0cm;\"><b>-Qui sont les faux docteurs d&rsquo;aujourd&rsquo;hui\u00a0?<\/b><\/p>\n<p lang=\"fr-FR\" style=\"margin-bottom: 0cm; font-weight: normal;\"><i>-Tous ceux qui nient le jugement de Dieu qui sera inaugur\u00e9 par le retour de J\u00e9sus.<\/i><\/p>\n<p lang=\"fr-FR\" style=\"margin-bottom: 0cm; font-weight: normal;\"><i>-Tous ceux qui pr\u00e9disent qu&rsquo;il reviendra tel jour (m\u00eame le Fils dans son humanit\u00e9 ne le savait pas). Faisons preuve de discernement\u00a0!<\/i><\/p>\n<p lang=\"fr-FR\" style=\"margin-bottom: 0cm;\"><b>-Comment leur r\u00e9pondre\u00a0?<\/b><\/p>\n<p lang=\"fr-FR\" style=\"margin-bottom: 0cm;\"><b>-Quels seraient les cons\u00e9quences d&rsquo;un non-retour de J\u00e9sus\u00a0? <\/b><i><span style=\"font-weight: normal;\">Pas de jugement et donc peu importe la fa\u00e7on dont nous vivons.<\/span><\/i><\/p>\n<p lang=\"fr-FR\" style=\"margin-bottom: 0cm;\" align=\"JUSTIFY\"><b>-Comment \u00e9viter concr\u00e8tement de se laisser influencer par les faux enseignements et pers\u00e9v\u00e9rer dans la confiance en la parole de Dieu\u00a0?<\/b><\/p>\n<p lang=\"fr-FR\" style=\"margin-bottom: 0cm; font-weight: normal;\" align=\"JUSTIFY\"><i>-Lire et conna\u00eetre sa Bible en apprenant des versets par c\u0153ur.<\/i><\/p>\n<p lang=\"fr-FR\" style=\"margin-bottom: 0cm; font-weight: normal;\" align=\"JUSTIFY\"><i>-Prendre des notes pendant les pr\u00e9dications \u00e0 l&rsquo;\u00e9glise.<\/i><\/p>\n<p lang=\"fr-FR\" style=\"margin-bottom: 0cm; font-weight: normal;\" align=\"JUSTIFY\"><i>-Pr\u00e9parer une \u00e9tude biblique au GBU.<\/i><\/p>\n<p lang=\"fr-FR\" style=\"margin-bottom: 0cm; font-weight: normal;\" align=\"JUSTIFY\"><i>-Venir aux week-ends GBU.<\/i><\/p>\n<\/li>\n<\/ul>\n","protected":false},"excerpt":{"rendered":"<p>Note pour l&rsquo;animateur\u00a0:\u00a0Il est recommand\u00e9 \u00e0 l&rsquo;animateur de\u00a0lire l&rsquo;introduction \u00e0 la deuxi\u00e8me \u00e9p\u00eetre de Pierre\u00a0ici. Contexte\u00a0: -Auteur\u00a0: l&rsquo;ap\u00f4tre Pierre -But de Pierre\u00a0: \u00ab\u00a0tenir en \u00e9veil\u00a0\u00bb ses lecteurs par ses rappels (lecture 1.12-13). -Parmi ces rappels\u00a0: la v\u00e9rit\u00e9 de l&rsquo;\u00e9vangile, l&rsquo;incarnation et la fiabilit\u00e9 des paroles de Dieu. -V\u00e9rit\u00e9 remise en question par de \u00ab\u00a0faux docteurs\u00a0\u00bb [&hellip;]<\/p>\n","protected":false},"author":3,"featured_media":907,"comment_status":"open","ping_status":"closed","sticky":false,"template":"","format":"standard","meta":{"_acf_changed":false,"_eb_attr":"","advgb_blocks_editor_width":"","advgb_blocks_columns_visual_guide":"","footnotes":""},"categories":[255,10,75,91],"tags":[136,610,651,23,133,138],"video":[],"audio":[],"ecrit":[],"mis-en-avant":[],"redacteur":[],"type-darticle":[],"class_list":["post-3066","post","type-post","status-publish","format-standard","has-post-thumbnail","hentry","category-comment-dieu-se-revele","category-discussions-autour-de-la-bible","category-jesus-le-fils","category-la-fin-des-temps","tag-2-pierre","tag-autorite-de-la-bible","tag-ecrit","tag-nouveau-testament","tag-pierre","tag-retour-de-jesus"],"blocksy_meta":[],"acf":[],"featured_image_src":"https:\/\/www.creusonslabible.fr\/wp-content\/uploads\/2012\/07\/la_bible-1.png","author_info":{"display_name":"Yoh","author_link":"https:\/\/www.creusonslabible.fr\/?author=3"},"author_meta":{"display_name":"Yoh","author_link":"https:\/\/www.creusonslabible.fr\/?author=3"},"featured_img":"https:\/\/www.creusonslabible.fr\/wp-content\/uploads\/2012\/07\/la_bible-1.png","coauthors":[],"tax_additional":{"categories":{"linked":["<a href=\"https:\/\/www.creusonslabible.fr\/?cat=255\" class=\"advgb-post-tax-term\">Comment Dieu se r\u00e9v\u00e8le<\/a>","<a href=\"https:\/\/www.creusonslabible.fr\/?cat=10\" class=\"advgb-post-tax-term\">Discussions autour de la Bible<\/a>","<a href=\"https:\/\/www.creusonslabible.fr\/?cat=75\" class=\"advgb-post-tax-term\">J\u00e9sus le Fils<\/a>","<a href=\"https:\/\/www.creusonslabible.fr\/?cat=91\" class=\"advgb-post-tax-term\">La fin des temps<\/a>"],"unlinked":["<span class=\"advgb-post-tax-term\">Comment Dieu se r\u00e9v\u00e8le<\/span>","<span class=\"advgb-post-tax-term\">Discussions autour de la Bible<\/span>","<span class=\"advgb-post-tax-term\">J\u00e9sus le Fils<\/span>","<span class=\"advgb-post-tax-term\">La fin des temps<\/span>"]},"tags":{"linked":["<a href=\"https:\/\/www.creusonslabible.fr\/?cat=91\" class=\"advgb-post-tax-term\">2 Pierre<\/a>","<a href=\"https:\/\/www.creusonslabible.fr\/?cat=91\" class=\"advgb-post-tax-term\">autorit\u00e9 de la Bible<\/a>","<a href=\"https:\/\/www.creusonslabible.fr\/?cat=91\" class=\"advgb-post-tax-term\">\u00e9crit<\/a>","<a href=\"https:\/\/www.creusonslabible.fr\/?cat=91\" class=\"advgb-post-tax-term\">Nouveau-Testament<\/a>","<a href=\"https:\/\/www.creusonslabible.fr\/?cat=91\" class=\"advgb-post-tax-term\">Pierre<\/a>","<a href=\"https:\/\/www.creusonslabible.fr\/?cat=91\" class=\"advgb-post-tax-term\">retour de J\u00e9sus<\/a>"],"unlinked":["<span class=\"advgb-post-tax-term\">2 Pierre<\/span>","<span class=\"advgb-post-tax-term\">autorit\u00e9 de la Bible<\/span>","<span class=\"advgb-post-tax-term\">\u00e9crit<\/span>","<span class=\"advgb-post-tax-term\">Nouveau-Testament<\/span>","<span class=\"advgb-post-tax-term\">Pierre<\/span>","<span class=\"advgb-post-tax-term\">retour de J\u00e9sus<\/span>"]}},"comment_count":"0","relative_dates":{"created":"Publi\u00e9 11 ans il y a","modified":"Mis \u00e0 jour 1 an il y a"},"absolute_dates":{"created":"Publi\u00e9 le 21 novembre 2014","modified":"Mise \u00e0 jour le 24 janvier 2025"},"absolute_dates_time":{"created":"Publi\u00e9 le 21 novembre 2014 10h13","modified":"Mise \u00e0 jour le 24 janvier 2025 12h12"},"featured_img_caption":"","series_order":"","meta_box":[],"_links":{"self":[{"href":"https:\/\/www.creusonslabible.fr\/index.php?rest_route=\/wp\/v2\/posts\/3066","targetHints":{"allow":["GET"]}}],"collection":[{"href":"https:\/\/www.creusonslabible.fr\/index.php?rest_route=\/wp\/v2\/posts"}],"about":[{"href":"https:\/\/www.creusonslabible.fr\/index.php?rest_route=\/wp\/v2\/types\/post"}],"author":[{"embeddable":true,"href":"https:\/\/www.creusonslabible.fr\/index.php?rest_route=\/wp\/v2\/users\/3"}],"replies":[{"embeddable":true,"href":"https:\/\/www.creusonslabible.fr\/index.php?rest_route=%2Fwp%2Fv2%2Fcomments&post=3066"}],"version-history":[{"count":1,"href":"https:\/\/www.creusonslabible.fr\/index.php?rest_route=\/wp\/v2\/posts\/3066\/revisions"}],"predecessor-version":[{"id":11087,"href":"https:\/\/www.creusonslabible.fr\/index.php?rest_route=\/wp\/v2\/posts\/3066\/revisions\/11087"}],"wp:featuredmedia":[{"embeddable":true,"href":"https:\/\/www.creusonslabible.fr\/index.php?rest_route=\/wp\/v2\/media\/907"}],"wp:attachment":[{"href":"https:\/\/www.creusonslabible.fr\/index.php?rest_route=%2Fwp%2Fv2%2Fmedia&parent=3066"}],"wp:term":[{"taxonomy":"category","embeddable":true,"href":"https:\/\/www.creusonslabible.fr\/index.php?rest_route=%2Fwp%2Fv2%2Fcategories&post=3066"},{"taxonomy":"post_tag","embeddable":true,"href":"https:\/\/www.creusonslabible.fr\/index.php?rest_route=%2Fwp%2Fv2%2Ftags&post=3066"},{"taxonomy":"video","embeddable":true,"href":"https:\/\/www.creusonslabible.fr\/index.php?rest_route=%2Fwp%2Fv2%2Fvideo&post=3066"},{"taxonomy":"audio","embeddable":true,"href":"https:\/\/www.creusonslabible.fr\/index.php?rest_route=%2Fwp%2Fv2%2Faudio&post=3066"},{"taxonomy":"ecrit","embeddable":true,"href":"https:\/\/www.creusonslabible.fr\/index.php?rest_route=%2Fwp%2Fv2%2Fecrit&post=3066"},{"taxonomy":"mis-en-avant","embeddable":true,"href":"https:\/\/www.creusonslabible.fr\/index.php?rest_route=%2Fwp%2Fv2%2Fmis-en-avant&post=3066"},{"taxonomy":"redacteur","embeddable":true,"href":"https:\/\/www.creusonslabible.fr\/index.php?rest_route=%2Fwp%2Fv2%2Fredacteur&post=3066"},{"taxonomy":"type-darticle","embeddable":true,"href":"https:\/\/www.creusonslabible.fr\/index.php?rest_route=%2Fwp%2Fv2%2Ftype-darticle&post=3066"}],"curies":[{"name":"wp","href":"https:\/\/api.w.org\/{rel}","templated":true}]}}