{"id":3069,"date":"2014-11-21T10:28:48","date_gmt":"2014-11-21T10:28:48","guid":{"rendered":"http:\/\/www.creusonslabible.fr\/?p=3069"},"modified":"2025-01-24T12:12:15","modified_gmt":"2025-01-24T10:12:15","slug":"esaie-6-purification-et-envoi","status":"publish","type":"post","link":"https:\/\/www.creusonslabible.fr\/?p=3069","title":{"rendered":"Esa\u00efe 6 &#8211; Purification et envoi"},"content":{"rendered":"<p><strong>Note pour l\u2019animateur :<\/strong>&nbsp;Il est recommand\u00e9 \u00e0 l\u2019animateur de lire l\u2019introduction au livre d&rsquo;Esa\u00efe <a href=\"http:\/\/www.creusonslabible.fr\/?p=372\" target=\"_blank\" rel=\"noopener noreferrer\">ici<\/a><\/p>\n<p><strong>Id\u00e9e principale : <\/strong>La purification d\u2019Esa\u00efe le rend apte \u00e0 sa mission&nbsp;: parler de la part de Dieu pour apporter un jugement.<\/p>\n<p><strong>Contexte : <\/strong>Esa\u00efe&nbsp;est un proph\u00e8te ayant exerc\u00e9 son minist\u00e8re au 8<sup>e <\/sup>si\u00e8cle dans le royaume de Juda (le royaume juif s\u2019\u00e9tant divis\u00e9 en deux avec Isra\u00ebl au Nord et Juda au Sud).<\/p>\n<p><strong>Question d\u2019accroche<\/strong>&nbsp;: Compl\u00e9tez les phrases suivantes (les \u00e9crire \u00e9ventuellement sur une grande feuille sur laquelle chacun pourra \u00e9crire ses r\u00e9ponses)&nbsp;:<\/p>\n<ul>\n<li>Dieu est\u2026 (caract\u00e8re, caract\u00e9ristiques)<\/li>\n<li>L\u2019\u00eatre humain est\u2026 (caract\u00e8re, caract\u00e9ristiques)<\/li>\n<\/ul>\n<p><strong>Lecture<\/strong><\/p>\n<p>Y a-t-il des mots que vous ne comprenez pas&nbsp;?<\/p>\n<ul>\n<li><em>S\u00e9raphins&nbsp;: probablement des cr\u00e9atures spirituelles \u00e0 visage et mains d\u2019homme, au service de Dieu<\/em><\/li>\n<li><em>Expi\u00e9&nbsp;: enlev\u00e9, \u00f4t\u00e9<\/em><\/li>\n<li><em>T\u00e9r\u00e9binthe&nbsp;: arbuste r\u00e9sineux<\/em><\/li>\n<li><em>Autel&nbsp;: table o\u00f9 l\u2019on offre des parfums ou des sacrifices \u00e0 Dieu, soit par reconnaissance soit pour l\u2019obtention du pardon<\/em><\/li>\n<li><em>Si des non-chr\u00e9tiens sont pr\u00e9sents, il peut \u00eatre utile de red\u00e9finir \u00ab&nbsp;p\u00e9ch\u00e9&nbsp;\u00bb (v.7) et \u00ab&nbsp;convertir&nbsp;\u00bb (v.10)<\/em><\/li>\n<\/ul>\n<p>Quel est le contexte de ce passage&nbsp;? <em>Si vous \u00eates dans une s\u00e9rie, les membres du groupe pr\u00e9sents aux discussions pr\u00e9c\u00e9dentes pourront r\u00e9pondre gr\u00e2ce aux chapitres 1-5&nbsp;: Juda est un royaume prosp\u00e8re profitant \u00e0 une minorit\u00e9 corrompue moralement et spirituellement. La majorit\u00e9 du peuple est oppress\u00e9e. Vous pouvez aussi regarder 2 Rois 15.24&nbsp;sur la situation pendant le r\u00e8gne d\u2019Ozias.<\/em><\/p>\n<p><strong>v.1-5&nbsp;: Dieu<\/strong><\/p>\n<ul>\n<li>[O\/I] Sur une feuille, notez les \u00e9l\u00e9ments de la vision de Dieu par Esa\u00efe et mettre en face de chaque \u00e9l\u00e9ment ce que cela nous dit de Dieu.\n<ul>\n<li><em>Tr\u00f4ne \u00e9lev\u00e9 <\/em><em>\u00e0<\/em><em> royaut\u00e9, souverainet\u00e9<\/em><\/li>\n<li><em>Temple <\/em><em>\u00e0<\/em><em> pr\u00e9sence de Dieu parmi son peuple<\/em><\/li>\n<li><em>S\u00e9raphins qui se couvrent visage et pieds <\/em><em>\u00e0<\/em><em> saintet\u00e9 de Dieu, humilit\u00e9 qu\u2019il suscite<\/em><\/li>\n<li><em>Contenu du discours <\/em><em>\u00e0<\/em><em> saintet\u00e9 de Dieu, gloire<\/em><\/li>\n<li><em>Temple tremble et sanctuaire se remplit de fum\u00e9e <\/em><em>\u00e0<\/em><em> gloire, puissance<\/em><\/li>\n<\/ul>\n<\/li>\n<li>[A] Comparez avec votre description de Dieu du d\u00e9but. Y a-t-il des choses qui manquaient&nbsp;?<\/li>\n<li>[A] Ces caract\u00e9ristiques de Dieu sont-elles celles auxquelles on pense le plus&nbsp;? Pourquoi&nbsp;?<\/li>\n<li>[A] Quels \u00e9v\u00e8nements ou situations peuvent nous amener \u00e0 limiter Dieu&nbsp;?<\/li>\n<\/ul>\n<p><strong>v.5-8&nbsp;: Esa\u00efe et son relooking<\/strong><\/p>\n<p>Comme dans les magazines, on a ici l\u2019image d\u2019Esa\u00efe \u00ab&nbsp;avant\/apr\u00e8s&nbsp;\u00bb<\/p>\n<p><strong>Avant&nbsp;:<\/strong><\/p>\n<ul>\n<li>[O] Quelle est l\u2019attitude d\u2019Esa\u00efe&nbsp;au d\u00e9part ? <em>Terrifi\u00e9, reconna\u00eet qu\u2019il est impur (v.5).<\/em><\/li>\n<li>[O\/I] Comment expliquer cette r\u00e9action&nbsp;? <em>Esa\u00efe sait sans doute que l\u2019homme ne peut pas voir Dieu et vivre (Exode 33.20).<\/em> <em>Il est impur alors que Dieu est d\u2019une puret\u00e9 absolue (comment \u00eatre accept\u00e9 en sa pr\u00e9sence ?).<\/em><\/li>\n<\/ul>\n<p><strong>Relooking\/transformation&nbsp;<\/strong>:<\/p>\n<ul>\n<li>[O\/I] Qu\u2019est-ce qui provoque le \u00ab&nbsp;relooking&nbsp;\u00bb, la transformation d\u2019Esa\u00efe&nbsp;? D\u2019o\u00f9 le s\u00e9raphin prend-il la braise&nbsp;? Qu\u2019est-ce que cela signifie&nbsp;? <em>Esa\u00efe est purifi\u00e9 par la braise prise sur l\u2019autel (cf. d\u00e9f du d\u00e9but).<\/em> <em>Sa bouche et ses l\u00e8vres (ses armes) ayant \u00e9t\u00e9 purifi\u00e9es, Dieu le pr\u00e9pare pour exercer le minist\u00e8re qui lui confie&nbsp;: parler de sa part au peuple.<\/em><\/li>\n<li>[O] Qu\u2019est-ce qu\u2019Esa\u00efe a fait pour obtenir la purification&nbsp;? <em>Rien&nbsp;!<\/em><\/li>\n<\/ul>\n<p><strong>Apr\u00e8s&nbsp;:<\/strong><\/p>\n<ul>\n<li>[O\/I] Quelle est d\u00e9sormais la r\u00e9action d\u2019Esa\u00efe&nbsp;? Qu\u2019est-ce qui vous frappe dans sa r\u00e9ponse&nbsp;?<\/li>\n<li>[I] Pourquoi Esa\u00efe a-t-il eu cette vision avant d\u2019avoir son ordre de mission&nbsp;?<em> Nous avons besoin d\u2019avoir une juste (grande) vision de Dieu pour remplir fid\u00e8lement la mission difficile qu\u2019il nous confie.<\/em><\/li>\n<\/ul>\n<p>[A] Comparez ce qu\u2019on a vu d\u2019Esa\u00efe avec votre description de l\u2019\u00eatre humain du d\u00e9but. Y a-t-il des diff\u00e9rences&nbsp;?<\/p>\n<p><strong>v.9-13&nbsp;: La mission<\/strong><\/p>\n<ul>\n<li>[O] Quel est le message d\u2019Esa\u00efe (v.9) ?<\/li>\n<li>[O\/I] Quelle sera la mission d\u2019Esa\u00efe (v.10)&nbsp;? Par quel moyen va-t-il l\u2019accomplir&nbsp;? <em>C\u2019est par ses paroles qu\u2019Esa\u00efe va endurcir le c\u0153ur du peuple car celui-ci va faire la sourde oreille.<\/em><\/li>\n<li>[I] Si le peuple ne se convertit pas, \u00e0 quoi sert le message d\u2019Esa\u00efe&nbsp;? <em>C\u2019est \u00e0 la fois un jugement et un appel \u00e0 la repentance<\/em><\/li>\n<li>[O\/I] Comparez avec Matthieu 13.14-15. Pourquoi la situation est-elle toujours la m\u00eame 7 si\u00e8cles plus tard ?&nbsp;<em>Parce que le coeur des humains n&rsquo;a pas chang\u00e9 et qu&rsquo;il faut l&rsquo;action puissante du Saint Esprit pour le transformer.<\/em><\/li>\n<li>[O\/I] Comment Esa\u00efe r\u00e9agit-il \u00e0 cet ordre de mission surprenant&nbsp;? Pourquoi&nbsp;? <em>D\u00e9sirant le salut de son peuple, il demande \u00e0 Dieu jusqu\u2019\u00e0 quand durera cet endurcissement.<\/em><\/li>\n<li>[I] A quels \u00e9v\u00e9nements font r\u00e9f\u00e9rence les versets 11 et 12&nbsp;? <em>\u00c0 la d\u00e9vastation du pays et \u00e0 l\u2019exil babylonien (en -587). Si personne ne sait et si vous avez le temps, vous pouvez lire Esa\u00efe 39.5-7.<\/em><\/li>\n<li>[O\/I] N\u2019y a-t-il aucun espoir&nbsp;? <em>Le peuple (compar\u00e9 \u00e0 un arbre) n\u2019\u00e9chappera pas au jugement de Dieu (v.13a) mais il conservera une souche (un reste) qui sera sauv\u00e9 au travers du retour de l\u2019exil en 538.<\/em><\/li>\n<li>[I] Quel attribut de Dieu le minist\u00e8re proph\u00e9tique d\u2019Esa\u00efe va-t-il r\u00e9v\u00e9ler&nbsp;? <em>Sa justice et sa saintet\u00e9.<\/em><\/li>\n<li>[A] Pourquoi les chr\u00e9tiens peuvent-ils \u00eatre tent\u00e9s de ne pas parler de la justice et de la saintet\u00e9 de Dieu&nbsp;? Pourquoi est-ce important de ne pas occulter ces attributs&nbsp;?<\/li>\n<li>[A] Comment r\u00e9agissent nos contemporains face au message du jugement de Dieu ? Comment un chr\u00e9tien devrait-il r\u00e9agir devant l\u2019incr\u00e9dulit\u00e9 face au message biblique ? <em>L\u2019endurcissement de nos contemporains ne devrait ni surprendre ni d\u00e9courager les chr\u00e9tiens. L\u2019incr\u00e9dulit\u00e9 ne prend pas Dieu par surprise&nbsp;dans la mesure o\u00f9 elle est pr\u00e9vue d\u2019avance et fait m\u00eame partie de son plan&nbsp;!<\/em> <em>Dieu est autant glorifi\u00e9 dans le salut de son peuple que dans le jugement de ceux qui le rejettent.<\/em><\/li>\n<\/ul>\n<p>Il peut \u00eatre utile de vous pr\u00e9parer \u00e0 la question suivante, au cas o\u00f9 quelqu\u2019un la poserait&nbsp;: puisque Dieu a pr\u00e9vu que des personnes ne croient pas, ces derni\u00e8res sont-elles vraiment responsables de leur choix et donc coupables&nbsp;?<\/p>\n","protected":false},"excerpt":{"rendered":"<p>Note pour l\u2019animateur :&nbsp;Il est recommand\u00e9 \u00e0 l\u2019animateur de lire l\u2019introduction au livre d&rsquo;Esa\u00efe ici Id\u00e9e principale : La purification d\u2019Esa\u00efe le rend apte \u00e0 sa mission&nbsp;: parler de la part de Dieu pour apporter un jugement. Contexte : Esa\u00efe&nbsp;est un proph\u00e8te ayant exerc\u00e9 son minist\u00e8re au 8e si\u00e8cle dans le royaume de Juda (le [&hellip;]<\/p>\n","protected":false},"author":3,"featured_media":8726,"comment_status":"open","ping_status":"closed","sticky":false,"template":"","format":"standard","meta":{"_acf_changed":false,"_eb_attr":"","advgb_blocks_editor_width":"","advgb_blocks_columns_visual_guide":"","footnotes":""},"categories":[10,21],"tags":[170,922,651,127,582,115,126],"video":[],"audio":[],"ecrit":[],"mis-en-avant":[],"redacteur":[],"type-darticle":[],"class_list":["post-3069","post","type-post","status-publish","format-standard","has-post-thumbnail","hentry","category-discussions-autour-de-la-bible","category-la-bible","tag-ancien-testament","tag-appel","tag-ecrit","tag-esaie","tag-esaie-6","tag-mission","tag-vocation"],"blocksy_meta":[],"acf":[],"featured_image_src":"https:\/\/www.creusonslabible.fr\/wp-content\/uploads\/2014\/11\/Isaiahs_Lips_Anointed_with_Fire-e1676633722508-1.jpg","author_info":{"display_name":"Yoh","author_link":"https:\/\/www.creusonslabible.fr\/?author=3"},"author_meta":{"display_name":"Yoh","author_link":"https:\/\/www.creusonslabible.fr\/?author=3"},"featured_img":"https:\/\/www.creusonslabible.fr\/wp-content\/uploads\/2014\/11\/Isaiahs_Lips_Anointed_with_Fire-e1676633722508-1.jpg","coauthors":[],"tax_additional":{"categories":{"linked":["<a href=\"https:\/\/www.creusonslabible.fr\/?cat=10\" class=\"advgb-post-tax-term\">Discussions autour de la Bible<\/a>","<a href=\"https:\/\/www.creusonslabible.fr\/?cat=21\" class=\"advgb-post-tax-term\">La Bible<\/a>"],"unlinked":["<span class=\"advgb-post-tax-term\">Discussions autour de la Bible<\/span>","<span class=\"advgb-post-tax-term\">La Bible<\/span>"]},"tags":{"linked":["<a href=\"https:\/\/www.creusonslabible.fr\/?cat=21\" class=\"advgb-post-tax-term\">Ancien-Testament<\/a>","<a href=\"https:\/\/www.creusonslabible.fr\/?cat=21\" class=\"advgb-post-tax-term\">appel<\/a>","<a href=\"https:\/\/www.creusonslabible.fr\/?cat=21\" class=\"advgb-post-tax-term\">\u00e9crit<\/a>","<a href=\"https:\/\/www.creusonslabible.fr\/?cat=21\" class=\"advgb-post-tax-term\">\u00c9sa\u00efe<\/a>","<a href=\"https:\/\/www.creusonslabible.fr\/?cat=21\" class=\"advgb-post-tax-term\">\u00c9sa\u00efe 6<\/a>","<a href=\"https:\/\/www.creusonslabible.fr\/?cat=21\" class=\"advgb-post-tax-term\">mission<\/a>","<a href=\"https:\/\/www.creusonslabible.fr\/?cat=21\" class=\"advgb-post-tax-term\">vocation<\/a>"],"unlinked":["<span class=\"advgb-post-tax-term\">Ancien-Testament<\/span>","<span class=\"advgb-post-tax-term\">appel<\/span>","<span class=\"advgb-post-tax-term\">\u00e9crit<\/span>","<span class=\"advgb-post-tax-term\">\u00c9sa\u00efe<\/span>","<span class=\"advgb-post-tax-term\">\u00c9sa\u00efe 6<\/span>","<span class=\"advgb-post-tax-term\">mission<\/span>","<span class=\"advgb-post-tax-term\">vocation<\/span>"]}},"comment_count":"1","relative_dates":{"created":"Publi\u00e9 11 ans il y a","modified":"Mis \u00e0 jour 1 an il y a"},"absolute_dates":{"created":"Publi\u00e9 le 21 novembre 2014","modified":"Mise \u00e0 jour le 24 janvier 2025"},"absolute_dates_time":{"created":"Publi\u00e9 le 21 novembre 2014 10h28","modified":"Mise \u00e0 jour le 24 janvier 2025 12h12"},"featured_img_caption":"","series_order":"","meta_box":[],"_links":{"self":[{"href":"https:\/\/www.creusonslabible.fr\/index.php?rest_route=\/wp\/v2\/posts\/3069","targetHints":{"allow":["GET"]}}],"collection":[{"href":"https:\/\/www.creusonslabible.fr\/index.php?rest_route=\/wp\/v2\/posts"}],"about":[{"href":"https:\/\/www.creusonslabible.fr\/index.php?rest_route=\/wp\/v2\/types\/post"}],"author":[{"embeddable":true,"href":"https:\/\/www.creusonslabible.fr\/index.php?rest_route=\/wp\/v2\/users\/3"}],"replies":[{"embeddable":true,"href":"https:\/\/www.creusonslabible.fr\/index.php?rest_route=%2Fwp%2Fv2%2Fcomments&post=3069"}],"version-history":[{"count":1,"href":"https:\/\/www.creusonslabible.fr\/index.php?rest_route=\/wp\/v2\/posts\/3069\/revisions"}],"predecessor-version":[{"id":11085,"href":"https:\/\/www.creusonslabible.fr\/index.php?rest_route=\/wp\/v2\/posts\/3069\/revisions\/11085"}],"wp:featuredmedia":[{"embeddable":true,"href":"https:\/\/www.creusonslabible.fr\/index.php?rest_route=\/wp\/v2\/media\/8726"}],"wp:attachment":[{"href":"https:\/\/www.creusonslabible.fr\/index.php?rest_route=%2Fwp%2Fv2%2Fmedia&parent=3069"}],"wp:term":[{"taxonomy":"category","embeddable":true,"href":"https:\/\/www.creusonslabible.fr\/index.php?rest_route=%2Fwp%2Fv2%2Fcategories&post=3069"},{"taxonomy":"post_tag","embeddable":true,"href":"https:\/\/www.creusonslabible.fr\/index.php?rest_route=%2Fwp%2Fv2%2Ftags&post=3069"},{"taxonomy":"video","embeddable":true,"href":"https:\/\/www.creusonslabible.fr\/index.php?rest_route=%2Fwp%2Fv2%2Fvideo&post=3069"},{"taxonomy":"audio","embeddable":true,"href":"https:\/\/www.creusonslabible.fr\/index.php?rest_route=%2Fwp%2Fv2%2Faudio&post=3069"},{"taxonomy":"ecrit","embeddable":true,"href":"https:\/\/www.creusonslabible.fr\/index.php?rest_route=%2Fwp%2Fv2%2Fecrit&post=3069"},{"taxonomy":"mis-en-avant","embeddable":true,"href":"https:\/\/www.creusonslabible.fr\/index.php?rest_route=%2Fwp%2Fv2%2Fmis-en-avant&post=3069"},{"taxonomy":"redacteur","embeddable":true,"href":"https:\/\/www.creusonslabible.fr\/index.php?rest_route=%2Fwp%2Fv2%2Fredacteur&post=3069"},{"taxonomy":"type-darticle","embeddable":true,"href":"https:\/\/www.creusonslabible.fr\/index.php?rest_route=%2Fwp%2Fv2%2Ftype-darticle&post=3069"}],"curies":[{"name":"wp","href":"https:\/\/api.w.org\/{rel}","templated":true}]}}