{"id":3075,"date":"2014-11-21T11:16:12","date_gmt":"2014-11-21T11:16:12","guid":{"rendered":"http:\/\/www.creusonslabible.fr\/?p=3075"},"modified":"2025-01-24T12:13:10","modified_gmt":"2025-01-24T10:13:10","slug":"luc-7-18-35-questions-sur-et-de-jean-baptiste","status":"publish","type":"post","link":"https:\/\/www.creusonslabible.fr\/?p=3075","title":{"rendered":"Luc 7.18-35 \u2013 Questions sur et de Jean-Baptiste"},"content":{"rendered":"<p><strong>Quel d\u00e9coupage du texte pouvons-nous faire\u00a0?<\/strong><\/p>\n<ol>\n<li>\n<p style=\"margin-bottom: 0cm;\" align=\"LEFT\">v18-23\u00a0: Question de Jean-Baptiste \u00e0 J\u00e9sus<\/p>\n<\/li>\n<li>\n<p style=\"margin-bottom: 0cm;\" align=\"LEFT\">v24-35\u00a0: Question de J\u00e9sus \u00e0 la foule sur Jean-Baptiste.<\/p>\n<\/li>\n<\/ol>\n<p style=\"margin-bottom: 0cm;\" align=\"LEFT\">\n<p style=\"margin-bottom: 0cm;\" align=\"LEFT\"><span style=\"text-decoration: underline;\"><b>I\/ Partie 1\u00a0: v18-23\u00a0: Question de Jean-Baptiste \u00e0 J\u00e9sus.<\/b><\/span><\/p>\n<p style=\"margin-bottom: 0cm;\" align=\"LEFT\"><b>Observation\u00a0:<\/b><\/p>\n<ul>\n<li>\n<p style=\"margin-bottom: 0cm;\" align=\"LEFT\">v18\u00a0: De quoi Jean est-il inform\u00e9\u00a0?<\/p>\n<\/li>\n<li>\n<p style=\"margin-bottom: 0cm;\" align=\"LEFT\">Par qui est-il inform\u00e9\u00a0? Rappelez la situation de Jean-Baptiste \u00e0 ce moment de l&rsquo;histoire\u00a0? (cf Luc 3v19-20)<\/p>\n<\/li>\n<li>\n<p style=\"margin-bottom: 0cm;\" align=\"LEFT\">Que fait Jean-Baptiste\u00a0?<\/p>\n<\/li>\n<li>\n<p style=\"margin-bottom: 0cm;\" align=\"LEFT\">Que r\u00e9pond J\u00e9sus\u00a0?<\/p>\n<\/li>\n<li>\n<p style=\"margin-bottom: 0cm;\" align=\"LEFT\">J\u00e9sus cite de passages de l&rsquo;ancien testament, \u00e0 quoi font-ils r\u00e9f\u00e9rence ?<\/p>\n<\/li>\n<li>\n<p style=\"margin-bottom: 0cm;\" align=\"LEFT\">Avons-nous d\u00e9j\u00e0 crois\u00e9 ces passages\u00a0?<\/p>\n<\/li>\n<\/ul>\n<p style=\"margin-bottom: 0cm;\" align=\"LEFT\"><b>Interpr\u00e9tation\u00a0:<\/b><\/p>\n<ul>\n<li>\n<p style=\"margin-bottom: 0cm;\" align=\"LEFT\">Dans le passage de Luc 3.21-22, de quoi Jean a-t-il \u00e9t\u00e9 t\u00e9moin\u00a0? Luc 3.15-17 quel \u00e9tait le message de Jean\u00a0?<\/p>\n<\/li>\n<li>\n<p style=\"margin-bottom: 0cm;\" align=\"LEFT\">Pourquoi Jean pose-t-il donc cette question \u00e0 J\u00e9sus\u00a0?<\/p>\n<\/li>\n<li>\n<p style=\"margin-bottom: 0cm;\" align=\"LEFT\">Comment J\u00e9sus construit-il sa r\u00e9ponse\u00a0?<\/p>\n<\/li>\n<li>\n<p style=\"margin-bottom: 0cm;\" align=\"LEFT\">Qu&rsquo;est-ce que l&rsquo;on apprend sur J\u00e9sus et son rapport \u00e0 son identit\u00e9\u00a0? (=&gt; J\u00e9sus ne r\u00e9pond pas directement \u00e0 la question de Jean, il fait des miracles, et montre que dans les proph\u00e9ties, ces miracles seraient fait par celui que les Jean attendait).<\/p>\n<\/li>\n<li>\n<p style=\"margin-bottom: 0cm;\" align=\"LEFT\">A quelle \u00e9tude pr\u00e9c\u00e9dente cela fait-il r\u00e9f\u00e9rence\u00a0?<\/p>\n<\/li>\n<li>\n<p style=\"margin-bottom: 0cm;\" align=\"LEFT\">Comment comprenez-vous la phrase \u00ab\u00a0heureux celui pour qui je ne repr\u00e9senterai pas un obstacle\u00a0\u00bb\u00a0?<\/p>\n<\/li>\n<\/ul>\n<p style=\"margin-bottom: 0cm;\" align=\"LEFT\">\n<p style=\"margin-bottom: 0cm;\" align=\"LEFT\"><span style=\"text-decoration: underline;\"><b>II\/ Partie 2\u00a0: v24-35\u00a0: Question de J\u00e9sus \u00e0 la foule sur Jean-Baptiste.<\/b><\/span><\/p>\n<p style=\"margin-bottom: 0cm;\" align=\"LEFT\"><b>Observation\u00a0:<\/b><\/p>\n<ul>\n<li>\n<p style=\"margin-bottom: 0cm; font-weight: normal;\" align=\"LEFT\">\u00e0 qui parle J\u00e9sus\u00a0?<\/p>\n<\/li>\n<li>\n<p style=\"margin-bottom: 0cm; font-weight: normal;\" align=\"LEFT\">Comment structure-t-il son discours\u00a0?<\/p>\n<p style=\"margin-bottom: 0cm; font-weight: normal;\" align=\"LEFT\">=&gt; discours en 3 parties\u00a0: 1) questions rh\u00e9toriques sur Jean-Baptiste<\/p>\n<p style=\"margin-bottom: 0cm; font-weight: normal;\" align=\"LEFT\">2) affirmations sur Jean-Baptiste<\/p>\n<p style=\"margin-bottom: 0cm; font-weight: normal;\" align=\"LEFT\">3) J\u00e9sus d\u00e9nonce un comportement.<\/p>\n<\/li>\n<\/ul>\n<ul>\n<li>\n<p style=\"margin-bottom: 0cm; font-weight: normal;\" align=\"LEFT\">Comment J\u00e9sus agence-t-il ses questions rh\u00e9toriques\u00a0? Quel effet \u00e7a peut avoir sur l&rsquo;auditoire\u00a0? (=&gt; J\u00e9sus am\u00e8ne\/force son auditoire \u00e0 reconna\u00eetre qu&rsquo;ils sont all\u00e9s voir un proph\u00e8te dans le d\u00e9sert).<\/p>\n<\/li>\n<li>\n<p style=\"margin-bottom: 0cm; font-weight: normal;\" align=\"LEFT\">Dans sa deuxi\u00e8me partie, que fait J\u00e9sus\u00a0? Que dit-il sur Jean-Baptiste\u00a0?<\/p>\n<p style=\"margin-bottom: 0cm; font-weight: normal;\" align=\"LEFT\">(=&gt; J\u00e9sus montre que Jean-Baptiste \u00e9tait un tr\u00e8s grand proph\u00e8te, reconnu comme proph\u00e8te par beaucoup).<\/p>\n<\/li>\n<li>\n<p style=\"margin-bottom: 0cm; font-weight: normal;\" align=\"LEFT\">Si Jean-Baptiste \u00e9tait un proph\u00e8te juif, quel devait \u00eatre normalement la r\u00e9action des juifs et des chefs religieux\u00a0? (=&gt; l&rsquo;\u00e9couter)<\/p>\n<\/li>\n<li>\n<p style=\"margin-bottom: 0cm; font-weight: normal;\" align=\"LEFT\">Quel comportement J\u00e9sus d\u00e9nonce-t-il dans la troisi\u00e8me partie de son discours\u00a0?<\/p>\n<\/li>\n<li>\n<p style=\"margin-bottom: 0cm; font-weight: normal;\" align=\"LEFT\">Quelle image J\u00e9sus utilise-t-il\u00a0? Pouvez-vous l&rsquo;expliquer\u00a0?<\/p>\n<\/li>\n<li>\n<p style=\"margin-bottom: 0cm; font-weight: normal;\" align=\"LEFT\">Quelle incoh\u00e9rence J\u00e9sus d\u00e9nonce-t-il par cette image et l&rsquo;explication qu&rsquo;il en donne\u00a0?<\/p>\n<\/li>\n<li>\n<p style=\"margin-bottom: 0cm; font-weight: normal;\" align=\"LEFT\">Comment J\u00e9sus conclu-t-il son discours\u00a0? La sagesse de qui a \u00e9t\u00e9 reconnu\u00a0? Et par qui\u00a0?<\/p>\n<\/li>\n<\/ul>\n<p style=\"margin-bottom: 0cm;\" align=\"LEFT\"><b>Interpr\u00e9tation\u00a0:<\/b><\/p>\n<ul>\n<li>\n<p style=\"margin-bottom: 0cm; font-weight: normal;\" align=\"LEFT\">Quel est l&rsquo;objectif de J\u00e9sus dans son discours\u00a0?<\/p>\n<\/li>\n<li>\n<p style=\"margin-bottom: 0cm; font-weight: normal;\" align=\"LEFT\">Quel est le message principale de son discours\u00a0?<\/p>\n<\/li>\n<li>\n<p style=\"margin-bottom: 0cm; font-weight: normal;\" align=\"LEFT\">(Qu&rsquo;est-ce que J\u00e9sus d\u00e9nonce dans son discours\u00a0?)<\/p>\n<\/li>\n<\/ul>\n<p style=\"margin-bottom: 0cm; font-weight: normal;\" align=\"LEFT\">\n<p style=\"margin-bottom: 0cm;\" align=\"LEFT\"><b>Applications du texte\u00a0:<\/b><\/p>\n<ul>\n<li>\n<p style=\"margin-bottom: 0cm; font-weight: normal;\" align=\"LEFT\">Quelles preuves J\u00e9sus donne-t-il \u00e0 Jean-Baptiste pour lui prouver qui il est\u00a0?<\/p>\n<ul>\n<li>\n<p style=\"margin-bottom: 0cm; font-weight: normal;\" align=\"LEFT\">Ces preuves nous sont-elles encore accessibles\u00a0?<\/p>\n<\/li>\n<li>\n<p style=\"margin-bottom: 0cm; font-weight: normal;\" align=\"LEFT\">Pouvons-nous accepter que J\u00e9sus est le Messie en voyant le r\u00e9cit de ce qu&rsquo;il a fait\u00a0?<\/p>\n<\/li>\n<\/ul>\n<\/li>\n<\/ul>\n<ul>\n<li>\n<p style=\"margin-bottom: 0cm; font-weight: normal;\" align=\"LEFT\">Si nous reconnaissons que J\u00e9sus a fait tout cela\u00a0? Comment J\u00e9sus qualifie la r\u00e9action qui consiste \u00e0 ne pas l&rsquo;\u00e9couter malgr\u00e9 tout\u00a0?<\/p>\n<\/li>\n<\/ul>\n<ul>\n<li>\n<p style=\"margin-bottom: 0cm; font-weight: normal;\" align=\"LEFT\">Qu&rsquo;est-ce que J\u00e9sus a rappel\u00e9 qu&rsquo;il \u00e9tait important \u00e0 regarder pour savoir qui est quelqu&rsquo;un\u00a0?<\/p>\n<\/li>\n<\/ul>\n<p style=\"margin-bottom: 0cm;\" align=\"LEFT\">\n","protected":false},"excerpt":{"rendered":"<p>Quel d\u00e9coupage du texte pouvons-nous faire\u00a0? v18-23\u00a0: Question de Jean-Baptiste \u00e0 J\u00e9sus v24-35\u00a0: Question de J\u00e9sus \u00e0 la foule sur Jean-Baptiste. I\/ Partie 1\u00a0: v18-23\u00a0: Question de Jean-Baptiste \u00e0 J\u00e9sus. Observation\u00a0: v18\u00a0: De quoi Jean est-il inform\u00e9\u00a0? Par qui est-il inform\u00e9\u00a0? Rappelez la situation de Jean-Baptiste \u00e0 ce moment de l&rsquo;histoire\u00a0? (cf Luc 3v19-20) Que [&hellip;]<\/p>\n","protected":false},"author":3,"featured_media":1682,"comment_status":"open","ping_status":"closed","sticky":false,"template":"","format":"standard","meta":{"_acf_changed":false,"_eb_attr":"","advgb_blocks_editor_width":"","advgb_blocks_columns_visual_guide":"","footnotes":""},"categories":[10,75],"tags":[651,261,886,486,64,22,23],"video":[],"audio":[],"ecrit":[],"mis-en-avant":[],"redacteur":[],"type-darticle":[],"class_list":["post-3075","post","type-post","status-publish","format-standard","has-post-thumbnail","hentry","category-discussions-autour-de-la-bible","category-jesus-le-fils","tag-ecrit","tag-foi","tag-incredulite","tag-jean-baptiste","tag-jesus","tag-luc","tag-nouveau-testament"],"blocksy_meta":[],"acf":[],"featured_image_src":"https:\/\/www.creusonslabible.fr\/wp-content\/uploads\/2013\/08\/JB-1.jpg","author_info":{"display_name":"Yoh","author_link":"https:\/\/www.creusonslabible.fr\/?author=3"},"author_meta":{"display_name":"Yoh","author_link":"https:\/\/www.creusonslabible.fr\/?author=3"},"featured_img":"https:\/\/www.creusonslabible.fr\/wp-content\/uploads\/2013\/08\/JB-1.jpg","coauthors":[],"tax_additional":{"categories":{"linked":["<a href=\"https:\/\/www.creusonslabible.fr\/?cat=10\" class=\"advgb-post-tax-term\">Discussions autour de la Bible<\/a>","<a href=\"https:\/\/www.creusonslabible.fr\/?cat=75\" class=\"advgb-post-tax-term\">J\u00e9sus le Fils<\/a>"],"unlinked":["<span class=\"advgb-post-tax-term\">Discussions autour de la Bible<\/span>","<span class=\"advgb-post-tax-term\">J\u00e9sus le Fils<\/span>"]},"tags":{"linked":["<a href=\"https:\/\/www.creusonslabible.fr\/?cat=75\" class=\"advgb-post-tax-term\">\u00e9crit<\/a>","<a href=\"https:\/\/www.creusonslabible.fr\/?cat=75\" class=\"advgb-post-tax-term\">foi<\/a>","<a href=\"https:\/\/www.creusonslabible.fr\/?cat=75\" class=\"advgb-post-tax-term\">incr\u00e9dulit\u00e9<\/a>","<a href=\"https:\/\/www.creusonslabible.fr\/?cat=75\" class=\"advgb-post-tax-term\">Jean-Baptiste<\/a>","<a href=\"https:\/\/www.creusonslabible.fr\/?cat=75\" class=\"advgb-post-tax-term\">J\u00e9sus<\/a>","<a href=\"https:\/\/www.creusonslabible.fr\/?cat=75\" class=\"advgb-post-tax-term\">Luc<\/a>","<a href=\"https:\/\/www.creusonslabible.fr\/?cat=75\" class=\"advgb-post-tax-term\">Nouveau-Testament<\/a>"],"unlinked":["<span class=\"advgb-post-tax-term\">\u00e9crit<\/span>","<span class=\"advgb-post-tax-term\">foi<\/span>","<span class=\"advgb-post-tax-term\">incr\u00e9dulit\u00e9<\/span>","<span class=\"advgb-post-tax-term\">Jean-Baptiste<\/span>","<span class=\"advgb-post-tax-term\">J\u00e9sus<\/span>","<span class=\"advgb-post-tax-term\">Luc<\/span>","<span class=\"advgb-post-tax-term\">Nouveau-Testament<\/span>"]}},"comment_count":"0","relative_dates":{"created":"Publi\u00e9 11 ans il y a","modified":"Mis \u00e0 jour 1 an il y a"},"absolute_dates":{"created":"Publi\u00e9 le 21 novembre 2014","modified":"Mise \u00e0 jour le 24 janvier 2025"},"absolute_dates_time":{"created":"Publi\u00e9 le 21 novembre 2014 11h16","modified":"Mise \u00e0 jour le 24 janvier 2025 12h13"},"featured_img_caption":"","series_order":"","meta_box":[],"_links":{"self":[{"href":"https:\/\/www.creusonslabible.fr\/index.php?rest_route=\/wp\/v2\/posts\/3075","targetHints":{"allow":["GET"]}}],"collection":[{"href":"https:\/\/www.creusonslabible.fr\/index.php?rest_route=\/wp\/v2\/posts"}],"about":[{"href":"https:\/\/www.creusonslabible.fr\/index.php?rest_route=\/wp\/v2\/types\/post"}],"author":[{"embeddable":true,"href":"https:\/\/www.creusonslabible.fr\/index.php?rest_route=\/wp\/v2\/users\/3"}],"replies":[{"embeddable":true,"href":"https:\/\/www.creusonslabible.fr\/index.php?rest_route=%2Fwp%2Fv2%2Fcomments&post=3075"}],"version-history":[{"count":1,"href":"https:\/\/www.creusonslabible.fr\/index.php?rest_route=\/wp\/v2\/posts\/3075\/revisions"}],"predecessor-version":[{"id":11120,"href":"https:\/\/www.creusonslabible.fr\/index.php?rest_route=\/wp\/v2\/posts\/3075\/revisions\/11120"}],"wp:featuredmedia":[{"embeddable":true,"href":"https:\/\/www.creusonslabible.fr\/index.php?rest_route=\/wp\/v2\/media\/1682"}],"wp:attachment":[{"href":"https:\/\/www.creusonslabible.fr\/index.php?rest_route=%2Fwp%2Fv2%2Fmedia&parent=3075"}],"wp:term":[{"taxonomy":"category","embeddable":true,"href":"https:\/\/www.creusonslabible.fr\/index.php?rest_route=%2Fwp%2Fv2%2Fcategories&post=3075"},{"taxonomy":"post_tag","embeddable":true,"href":"https:\/\/www.creusonslabible.fr\/index.php?rest_route=%2Fwp%2Fv2%2Ftags&post=3075"},{"taxonomy":"video","embeddable":true,"href":"https:\/\/www.creusonslabible.fr\/index.php?rest_route=%2Fwp%2Fv2%2Fvideo&post=3075"},{"taxonomy":"audio","embeddable":true,"href":"https:\/\/www.creusonslabible.fr\/index.php?rest_route=%2Fwp%2Fv2%2Faudio&post=3075"},{"taxonomy":"ecrit","embeddable":true,"href":"https:\/\/www.creusonslabible.fr\/index.php?rest_route=%2Fwp%2Fv2%2Fecrit&post=3075"},{"taxonomy":"mis-en-avant","embeddable":true,"href":"https:\/\/www.creusonslabible.fr\/index.php?rest_route=%2Fwp%2Fv2%2Fmis-en-avant&post=3075"},{"taxonomy":"redacteur","embeddable":true,"href":"https:\/\/www.creusonslabible.fr\/index.php?rest_route=%2Fwp%2Fv2%2Fredacteur&post=3075"},{"taxonomy":"type-darticle","embeddable":true,"href":"https:\/\/www.creusonslabible.fr\/index.php?rest_route=%2Fwp%2Fv2%2Ftype-darticle&post=3075"}],"curies":[{"name":"wp","href":"https:\/\/api.w.org\/{rel}","templated":true}]}}