{"id":3085,"date":"2014-11-21T15:47:11","date_gmt":"2014-11-21T15:47:11","guid":{"rendered":"http:\/\/www.creusonslabible.fr\/?p=3085"},"modified":"2025-01-24T12:13:10","modified_gmt":"2025-01-24T10:13:10","slug":"actes-9-1-19-un-tueur-devient-missionnaire","status":"publish","type":"post","link":"https:\/\/www.creusonslabible.fr\/?p=3085","title":{"rendered":"Actes 9.1-19 &#8211; Un tueur devient missionnaire"},"content":{"rendered":"<p><strong>Note pour l&rsquo;animateur :<\/strong> Il est recommand\u00e9 \u00e0 l&rsquo;animateur de lire l&rsquo;introduction aux Actes des Ap\u00f4tres <a href=\"http:\/\/www.creusonslabible.fr\/?p=266\" target=\"_blank\" rel=\"noopener\">ici<\/a>.<\/p>\n<div class=\"page\" title=\"Page 3\">\n<div class=\"page\" title=\"Page 4\">\n<div class=\"layoutArea\">\n<h2 class=\"column\">1. Un dur \u00e0 cuire (1-2)<\/h2>\n<ul>\n<li>D\u00e9crivez ce jeune homme. (voir aussi 8.1-3)<\/li>\n<li>Quel genre de personne est-il ?<\/li>\n<li>Quelle \u00e9tait son activit\u00e9 principale ?<\/li>\n<li>Par quoi sa fa\u00e7on de faire \u00e9tait-elle caract\u00e9ris\u00e9e ?<\/li>\n<li>Dans quelle intention allait-il \u00e0 Damas ?<\/li>\n<li>Pourquoi demander ses lettres au grand-pr\u00eatre ?<\/li>\n<li>Qu&rsquo;est-ce qui pouvait \u00eatre la source de tant de z\u00e8le ?<\/li>\n<\/ul>\n<h2>2. Un face \u00e0 face renversant (3-9)<\/h2>\n<ul>\n<li>Essayez d&rsquo;imaginer l&rsquo;\u00e9tat d&rsquo;esprit de Saul alors qu&rsquo;il approchait de Damas&#8230; d\u00e9crivez ce qui se passe par la suite. Sur quoi \u00ab\u00a0la voix\u00a0\u00bb insiste-t-elle ?<\/li>\n<li>Notez la question de Saul. Que traduit-elle ?<\/li>\n<li>J\u00e9sus fait 3 recommandations au rebelle (6). Que r\u00e9v\u00e8lent-elles du caract\u00e8re de celui qui les fait ? Qu&rsquo;ont-elles de surprenant, selon vous ?<\/li>\n<li>Quelles pouvaient \u00eatre les pens\u00e9es de Saul en entrant dans la ville ? Durant les 3 jours suivants ?<\/li>\n<\/ul>\n<h2>3. Un vrai disciple de J\u00e9sus (10-17)<\/h2>\n<ul>\n<li>Qui est cet Ananias ?<\/li>\n<li>Qu&rsquo;est-ce qui vous impressionne chez lui ?<\/li>\n<li>Pourquoi le Seigneur demande-t-il \u00e0 Ananias de partir tout de suite ?<\/li>\n<li>\u00a0Ananias r\u00e9agit avec \u00e9tonnement \u00e0 la demande du Seigneur\u2026 que r\u00e9v\u00e8le ses commentaires ?<\/li>\n<li>Qu&rsquo;est-ce qui, dans la r\u00e9ponse du Seigneur, a pu le convaincre de partir sans h\u00e9sitation ?<\/li>\n<li>Notez les d\u00e9tails dans la fa\u00e7on de faire d&rsquo;Ananias\u2026 sur quoi met-il l&rsquo;accent ? Quelles \u00e9taient les buts de sa visite ?<\/li>\n<li>Qu&rsquo;elle a \u00e9t\u00e9 l&rsquo;impact de cette d\u00e9claration d&rsquo;Ananias sur Saul ?<\/li>\n<li>Quel a \u00e9t\u00e9 sa r\u00e9ponse ?<\/li>\n<\/ul>\n<h2>Application<\/h2>\n<ul>\n<li>Qu&rsquo;est-ce qui vous motive \u00e0 servir Dieu ? Le z\u00e8le de Saul au d\u00e9but et celui d&rsquo;Ananias \u00e9tait radicalement diff\u00e9rents. En quoi sont-ils le reflet du v\u00f4tre parfois ?<\/li>\n<li>Le choix de Saul est le moment choisi par J\u00e9sus pour l&rsquo;appeler \u00e0 le servir sont vraiment surprenants. Le pardon inconditionnel de J\u00e9sus est-il aussi une source d&rsquo;encouragement pour vous ? Expliquez. Son autorit\u00e9 est-elle paralysante pour votre vie ?<\/li>\n<li>Que veut dire pour vous l&rsquo;expression \u00ab\u00a0\u00eatre rempli du Saint-Esprit\u00a0\u00bb ? Cette exp\u00e9rience vous fait-elle peur parfois ? Est-elle accessible \u00e0 tout le monde ? Expliquez.<\/li>\n<\/ul>\n<\/div>\n<\/div>\n<\/div>\n","protected":false},"excerpt":{"rendered":"<p>Note pour l&rsquo;animateur : Il est recommand\u00e9 \u00e0 l&rsquo;animateur de lire l&rsquo;introduction aux Actes des Ap\u00f4tres ici. 1. Un dur \u00e0 cuire (1-2) D\u00e9crivez ce jeune homme. (voir aussi 8.1-3) Quel genre de personne est-il ? Quelle \u00e9tait son activit\u00e9 principale ? Par quoi sa fa\u00e7on de faire \u00e9tait-elle caract\u00e9ris\u00e9e ? Dans quelle intention allait-il [&hellip;]<\/p>\n","protected":false},"author":3,"featured_media":2209,"comment_status":"open","ping_status":"closed","sticky":false,"template":"","format":"standard","meta":{"_acf_changed":false,"_eb_attr":"","advgb_blocks_editor_width":"","advgb_blocks_columns_visual_guide":"","footnotes":""},"categories":[10],"tags":[694,926,370,651,64,23,203,927],"video":[],"audio":[],"ecrit":[],"mis-en-avant":[],"redacteur":[],"type-darticle":[],"class_list":["post-3085","post","type-post","status-publish","format-standard","has-post-thumbnail","hentry","category-discussions-autour-de-la-bible","tag-actes","tag-ananias","tag-conversion","tag-ecrit","tag-jesus","tag-nouveau-testament","tag-saint-esprit","tag-saul-de-tarse"],"blocksy_meta":[],"acf":[],"featured_image_src":"https:\/\/www.creusonslabible.fr\/wp-content\/uploads\/2012\/07\/tite2-1.jpg","author_info":{"display_name":"Yoh","author_link":"https:\/\/www.creusonslabible.fr\/?author=3"},"author_meta":{"display_name":"Yoh","author_link":"https:\/\/www.creusonslabible.fr\/?author=3"},"featured_img":"https:\/\/www.creusonslabible.fr\/wp-content\/uploads\/2012\/07\/tite2-1.jpg","coauthors":[],"tax_additional":{"categories":{"linked":["<a href=\"https:\/\/www.creusonslabible.fr\/?cat=10\" class=\"advgb-post-tax-term\">Discussions autour de la Bible<\/a>"],"unlinked":["<span class=\"advgb-post-tax-term\">Discussions autour de la Bible<\/span>"]},"tags":{"linked":["<a href=\"https:\/\/www.creusonslabible.fr\/?cat=10\" class=\"advgb-post-tax-term\">Actes<\/a>","<a href=\"https:\/\/www.creusonslabible.fr\/?cat=10\" class=\"advgb-post-tax-term\">Ananias<\/a>","<a href=\"https:\/\/www.creusonslabible.fr\/?cat=10\" class=\"advgb-post-tax-term\">conversion<\/a>","<a href=\"https:\/\/www.creusonslabible.fr\/?cat=10\" class=\"advgb-post-tax-term\">\u00e9crit<\/a>","<a href=\"https:\/\/www.creusonslabible.fr\/?cat=10\" class=\"advgb-post-tax-term\">J\u00e9sus<\/a>","<a href=\"https:\/\/www.creusonslabible.fr\/?cat=10\" class=\"advgb-post-tax-term\">Nouveau-Testament<\/a>","<a href=\"https:\/\/www.creusonslabible.fr\/?cat=10\" class=\"advgb-post-tax-term\">Saint-Esprit<\/a>","<a href=\"https:\/\/www.creusonslabible.fr\/?cat=10\" class=\"advgb-post-tax-term\">Saul de Tarse<\/a>"],"unlinked":["<span class=\"advgb-post-tax-term\">Actes<\/span>","<span class=\"advgb-post-tax-term\">Ananias<\/span>","<span class=\"advgb-post-tax-term\">conversion<\/span>","<span class=\"advgb-post-tax-term\">\u00e9crit<\/span>","<span class=\"advgb-post-tax-term\">J\u00e9sus<\/span>","<span class=\"advgb-post-tax-term\">Nouveau-Testament<\/span>","<span class=\"advgb-post-tax-term\">Saint-Esprit<\/span>","<span class=\"advgb-post-tax-term\">Saul de Tarse<\/span>"]}},"comment_count":"0","relative_dates":{"created":"Publi\u00e9 11 ans il y a","modified":"Mis \u00e0 jour 1 an il y a"},"absolute_dates":{"created":"Publi\u00e9 le 21 novembre 2014","modified":"Mise \u00e0 jour le 24 janvier 2025"},"absolute_dates_time":{"created":"Publi\u00e9 le 21 novembre 2014 15h47","modified":"Mise \u00e0 jour le 24 janvier 2025 12h13"},"featured_img_caption":"","series_order":"","meta_box":[],"_links":{"self":[{"href":"https:\/\/www.creusonslabible.fr\/index.php?rest_route=\/wp\/v2\/posts\/3085","targetHints":{"allow":["GET"]}}],"collection":[{"href":"https:\/\/www.creusonslabible.fr\/index.php?rest_route=\/wp\/v2\/posts"}],"about":[{"href":"https:\/\/www.creusonslabible.fr\/index.php?rest_route=\/wp\/v2\/types\/post"}],"author":[{"embeddable":true,"href":"https:\/\/www.creusonslabible.fr\/index.php?rest_route=\/wp\/v2\/users\/3"}],"replies":[{"embeddable":true,"href":"https:\/\/www.creusonslabible.fr\/index.php?rest_route=%2Fwp%2Fv2%2Fcomments&post=3085"}],"version-history":[{"count":1,"href":"https:\/\/www.creusonslabible.fr\/index.php?rest_route=\/wp\/v2\/posts\/3085\/revisions"}],"predecessor-version":[{"id":11116,"href":"https:\/\/www.creusonslabible.fr\/index.php?rest_route=\/wp\/v2\/posts\/3085\/revisions\/11116"}],"wp:featuredmedia":[{"embeddable":true,"href":"https:\/\/www.creusonslabible.fr\/index.php?rest_route=\/wp\/v2\/media\/2209"}],"wp:attachment":[{"href":"https:\/\/www.creusonslabible.fr\/index.php?rest_route=%2Fwp%2Fv2%2Fmedia&parent=3085"}],"wp:term":[{"taxonomy":"category","embeddable":true,"href":"https:\/\/www.creusonslabible.fr\/index.php?rest_route=%2Fwp%2Fv2%2Fcategories&post=3085"},{"taxonomy":"post_tag","embeddable":true,"href":"https:\/\/www.creusonslabible.fr\/index.php?rest_route=%2Fwp%2Fv2%2Ftags&post=3085"},{"taxonomy":"video","embeddable":true,"href":"https:\/\/www.creusonslabible.fr\/index.php?rest_route=%2Fwp%2Fv2%2Fvideo&post=3085"},{"taxonomy":"audio","embeddable":true,"href":"https:\/\/www.creusonslabible.fr\/index.php?rest_route=%2Fwp%2Fv2%2Faudio&post=3085"},{"taxonomy":"ecrit","embeddable":true,"href":"https:\/\/www.creusonslabible.fr\/index.php?rest_route=%2Fwp%2Fv2%2Fecrit&post=3085"},{"taxonomy":"mis-en-avant","embeddable":true,"href":"https:\/\/www.creusonslabible.fr\/index.php?rest_route=%2Fwp%2Fv2%2Fmis-en-avant&post=3085"},{"taxonomy":"redacteur","embeddable":true,"href":"https:\/\/www.creusonslabible.fr\/index.php?rest_route=%2Fwp%2Fv2%2Fredacteur&post=3085"},{"taxonomy":"type-darticle","embeddable":true,"href":"https:\/\/www.creusonslabible.fr\/index.php?rest_route=%2Fwp%2Fv2%2Ftype-darticle&post=3085"}],"curies":[{"name":"wp","href":"https:\/\/api.w.org\/{rel}","templated":true}]}}