{"id":3086,"date":"2014-11-21T16:05:06","date_gmt":"2014-11-21T16:05:06","guid":{"rendered":"http:\/\/www.creusonslabible.fr\/?p=3086"},"modified":"2025-01-24T12:13:10","modified_gmt":"2025-01-24T10:13:10","slug":"actes-9-19-31-tel-est-pris-qui-croyait-prendre","status":"publish","type":"post","link":"https:\/\/www.creusonslabible.fr\/?p=3086","title":{"rendered":"Actes 9.19-31 &#8211; Tel est pris qui croyait prendre"},"content":{"rendered":"<p><strong>Note pour l&rsquo;animateur :<\/strong> Il est recommand\u00e9 \u00e0 l&rsquo;animateur de lire l&rsquo;introduction aux Actes des Ap\u00f4tres <a href=\"http:\/\/www.creusonslabible.fr\/?p=266\" target=\"_blank\" rel=\"noopener\">ici<\/a>.<\/p>\n<div class=\"page\" title=\"Page 3\">\n<div class=\"page\" title=\"Page 4\">\n<div class=\"layoutArea\">\n<h2 class=\"column\">1. T\u00e9moignage \u00e0 Damas (19-21)<\/h2>\n<ul>\n<li>Quels sont les deux premiers signes d&rsquo;une changement d&rsquo;attitude chez Paul ?<\/li>\n<li>\u00c0 la place des disciples de Damas, comment auriez-vous accueilli ce nouveau converti ?<\/li>\n<li>\u00c0 la place de Saul, comment vous seriez-vous senti au milieu des disciples ? Commentez&#8230;<\/li>\n<li>En quoi ce z\u00e8le de Saul est-il diff\u00e9rent de celui qu&rsquo;il avait auparavant ?<\/li>\n<li>Pourquoi l\u2019auteur insiste-t-il sur le fait qu&rsquo;il se soit mis imm\u00e9diatement \u00e0 pr\u00eacher que J\u00e9sus est le Fils de Dieu ? Expliquez&#8230;<\/li>\n<\/ul>\n<p>Quelle \u00e9tait l&rsquo;intention de Saul en allant pr\u00eacher dans les synagogues ? Notez la r\u00e9actions des auditeurs&#8230; Que savaient-ils \u00e0 son sujet ? Qu&rsquo;est-ce qui les a surpris le plus ?<\/p>\n<h2>2. Le pers\u00e9cuteur pers\u00e9cut\u00e9 (22-25)<\/h2>\n<ul>\n<li>Sur quoi Saul insistait-il dans ses \u00e9changes avec les juifs ? Quelle \u00e9tait son intention \u00e0 leur \u00e9gard ?<\/li>\n<li>Combien de temps cette guerre des nerfs a-t-elle dur\u00e9 ? Devant tant d\u2019insistance et de conviction, les juifs d\u00e9cident finalement de le faire mourir&#8230; Pourquoi tant de ruse et de r\u00e9solution de leur part ?<\/li>\n<li>Quels pouvaient \u00eatre les sentiments de Saul alors qu&rsquo;il est inform\u00e9 de leur complot et maintenant lui-m\u00eame menac\u00e9 de mort \u00e0 son tour ? Notez l&rsquo;intervention des disciples en sa faveur encore une fois&#8230; Pourquoi ont-ils fait \u00e7a pour lui \u00e0 votre avis ?<\/li>\n<\/ul>\n<h2>3. Retour \u00e0 la case d\u00e9part<\/h2>\n<ul>\n<li>Pourquoi le jeune converti retourne-t-il alors \u00e0 J\u00e9rusalem ? Le trouvez-vous courageux ? Expliquez&#8230; Qu&rsquo;est-ce qui pouvait retenir les disciples de l\u2019accueillir \u00e0 bras ouverts ?<\/li>\n<li>Barnabas r\u00e9agit diff\u00e9remment&#8230; Qu&rsquo;a-t-il compris au sujet de l&rsquo;ancien pers\u00e9cuteur ? Que pensez-vous de sa fa\u00e7on de faire pour r\u00e9soudre les difficult\u00e9s ? \u00e0 la place de Saul, comment vous seriez-vous senti \u00e0 ce point-ci ? Commentez&#8230;<\/li>\n<li>Une fois la situation clarifi\u00e9e avec les ap\u00f4tres, Saul se joint \u00e0 l&rsquo;\u00c9glise et se met \u00e0 pr\u00eacher au nom de J\u00e9sus. Selon vous, qu&rsquo;est-ce qui a pu susciter cette farouche opposition de la part des juifs hell\u00e9nistes ? Pourquoi les fr\u00e8res ont-ils choisi de le faire partir ? Pourquoi \u00e0 Tarse ?<\/li>\n<\/ul>\n<h2>Application<\/h2>\n<ul>\n<li>Devrait-on attendre d&rsquo;\u00eatre vraiment transform\u00e9 avant de rendre t\u00e9moignage ?<\/li>\n<li>Voyez-vous une diff\u00e9rence entre pr\u00eacher et t\u00e9moigner ? Si oui, laquelle ?<\/li>\n<li>Comment r\u00e9agissez-vous \u00e0 l&rsquo;opposition ? \u00cates-vous parfois renter de rabaisser vos standards pour \u00e9viter la confrontation ? Expliquez&#8230;<\/li>\n<li>Quelles sont les qualit\u00e9s et attitudes de Barnabas que vous aimeriez poss\u00e9der ? Y en a-t-il de Saul aussi ? Lesquelles ?<\/li>\n<\/ul>\n<\/div>\n<\/div>\n<\/div>\n","protected":false},"excerpt":{"rendered":"<p>Note pour l&rsquo;animateur : Il est recommand\u00e9 \u00e0 l&rsquo;animateur de lire l&rsquo;introduction aux Actes des Ap\u00f4tres ici. 1. T\u00e9moignage \u00e0 Damas (19-21) Quels sont les deux premiers signes d&rsquo;une changement d&rsquo;attitude chez Paul ? \u00c0 la place des disciples de Damas, comment auriez-vous accueilli ce nouveau converti ? \u00c0 la place de Saul, comment vous [&hellip;]<\/p>\n","protected":false},"author":3,"featured_media":2209,"comment_status":"open","ping_status":"closed","sticky":false,"template":"","format":"standard","meta":{"_acf_changed":false,"_eb_attr":"","advgb_blocks_editor_width":"","advgb_blocks_columns_visual_guide":"","footnotes":""},"categories":[10],"tags":[694,910,370,651,23,482,203,927],"video":[],"audio":[],"ecrit":[],"mis-en-avant":[],"redacteur":[],"type-darticle":[],"class_list":["post-3086","post","type-post","status-publish","format-standard","has-post-thumbnail","hentry","category-discussions-autour-de-la-bible","tag-actes","tag-barnabas","tag-conversion","tag-ecrit","tag-nouveau-testament","tag-persecution","tag-saint-esprit","tag-saul-de-tarse"],"blocksy_meta":[],"acf":[],"featured_image_src":"https:\/\/www.creusonslabible.fr\/wp-content\/uploads\/2012\/07\/tite2-1.jpg","author_info":{"display_name":"Yoh","author_link":"https:\/\/www.creusonslabible.fr\/?author=3"},"author_meta":{"display_name":"Yoh","author_link":"https:\/\/www.creusonslabible.fr\/?author=3"},"featured_img":"https:\/\/www.creusonslabible.fr\/wp-content\/uploads\/2012\/07\/tite2-1.jpg","coauthors":[],"tax_additional":{"categories":{"linked":["<a href=\"https:\/\/www.creusonslabible.fr\/?cat=10\" class=\"advgb-post-tax-term\">Discussions autour de la Bible<\/a>"],"unlinked":["<span class=\"advgb-post-tax-term\">Discussions autour de la Bible<\/span>"]},"tags":{"linked":["<a href=\"https:\/\/www.creusonslabible.fr\/?cat=10\" class=\"advgb-post-tax-term\">Actes<\/a>","<a href=\"https:\/\/www.creusonslabible.fr\/?cat=10\" class=\"advgb-post-tax-term\">Barnabas<\/a>","<a href=\"https:\/\/www.creusonslabible.fr\/?cat=10\" class=\"advgb-post-tax-term\">conversion<\/a>","<a href=\"https:\/\/www.creusonslabible.fr\/?cat=10\" class=\"advgb-post-tax-term\">\u00e9crit<\/a>","<a href=\"https:\/\/www.creusonslabible.fr\/?cat=10\" class=\"advgb-post-tax-term\">Nouveau-Testament<\/a>","<a href=\"https:\/\/www.creusonslabible.fr\/?cat=10\" class=\"advgb-post-tax-term\">pers\u00e9cution<\/a>","<a href=\"https:\/\/www.creusonslabible.fr\/?cat=10\" class=\"advgb-post-tax-term\">Saint-Esprit<\/a>","<a href=\"https:\/\/www.creusonslabible.fr\/?cat=10\" class=\"advgb-post-tax-term\">Saul de Tarse<\/a>"],"unlinked":["<span class=\"advgb-post-tax-term\">Actes<\/span>","<span class=\"advgb-post-tax-term\">Barnabas<\/span>","<span class=\"advgb-post-tax-term\">conversion<\/span>","<span class=\"advgb-post-tax-term\">\u00e9crit<\/span>","<span class=\"advgb-post-tax-term\">Nouveau-Testament<\/span>","<span class=\"advgb-post-tax-term\">pers\u00e9cution<\/span>","<span class=\"advgb-post-tax-term\">Saint-Esprit<\/span>","<span class=\"advgb-post-tax-term\">Saul de Tarse<\/span>"]}},"comment_count":"0","relative_dates":{"created":"Publi\u00e9 11 ans il y a","modified":"Mis \u00e0 jour 1 an il y a"},"absolute_dates":{"created":"Publi\u00e9 le 21 novembre 2014","modified":"Mise \u00e0 jour le 24 janvier 2025"},"absolute_dates_time":{"created":"Publi\u00e9 le 21 novembre 2014 16h05","modified":"Mise \u00e0 jour le 24 janvier 2025 12h13"},"featured_img_caption":"","series_order":"","meta_box":[],"_links":{"self":[{"href":"https:\/\/www.creusonslabible.fr\/index.php?rest_route=\/wp\/v2\/posts\/3086","targetHints":{"allow":["GET"]}}],"collection":[{"href":"https:\/\/www.creusonslabible.fr\/index.php?rest_route=\/wp\/v2\/posts"}],"about":[{"href":"https:\/\/www.creusonslabible.fr\/index.php?rest_route=\/wp\/v2\/types\/post"}],"author":[{"embeddable":true,"href":"https:\/\/www.creusonslabible.fr\/index.php?rest_route=\/wp\/v2\/users\/3"}],"replies":[{"embeddable":true,"href":"https:\/\/www.creusonslabible.fr\/index.php?rest_route=%2Fwp%2Fv2%2Fcomments&post=3086"}],"version-history":[{"count":1,"href":"https:\/\/www.creusonslabible.fr\/index.php?rest_route=\/wp\/v2\/posts\/3086\/revisions"}],"predecessor-version":[{"id":11115,"href":"https:\/\/www.creusonslabible.fr\/index.php?rest_route=\/wp\/v2\/posts\/3086\/revisions\/11115"}],"wp:featuredmedia":[{"embeddable":true,"href":"https:\/\/www.creusonslabible.fr\/index.php?rest_route=\/wp\/v2\/media\/2209"}],"wp:attachment":[{"href":"https:\/\/www.creusonslabible.fr\/index.php?rest_route=%2Fwp%2Fv2%2Fmedia&parent=3086"}],"wp:term":[{"taxonomy":"category","embeddable":true,"href":"https:\/\/www.creusonslabible.fr\/index.php?rest_route=%2Fwp%2Fv2%2Fcategories&post=3086"},{"taxonomy":"post_tag","embeddable":true,"href":"https:\/\/www.creusonslabible.fr\/index.php?rest_route=%2Fwp%2Fv2%2Ftags&post=3086"},{"taxonomy":"video","embeddable":true,"href":"https:\/\/www.creusonslabible.fr\/index.php?rest_route=%2Fwp%2Fv2%2Fvideo&post=3086"},{"taxonomy":"audio","embeddable":true,"href":"https:\/\/www.creusonslabible.fr\/index.php?rest_route=%2Fwp%2Fv2%2Faudio&post=3086"},{"taxonomy":"ecrit","embeddable":true,"href":"https:\/\/www.creusonslabible.fr\/index.php?rest_route=%2Fwp%2Fv2%2Fecrit&post=3086"},{"taxonomy":"mis-en-avant","embeddable":true,"href":"https:\/\/www.creusonslabible.fr\/index.php?rest_route=%2Fwp%2Fv2%2Fmis-en-avant&post=3086"},{"taxonomy":"redacteur","embeddable":true,"href":"https:\/\/www.creusonslabible.fr\/index.php?rest_route=%2Fwp%2Fv2%2Fredacteur&post=3086"},{"taxonomy":"type-darticle","embeddable":true,"href":"https:\/\/www.creusonslabible.fr\/index.php?rest_route=%2Fwp%2Fv2%2Ftype-darticle&post=3086"}],"curies":[{"name":"wp","href":"https:\/\/api.w.org\/{rel}","templated":true}]}}