{"id":3089,"date":"2014-11-21T17:07:12","date_gmt":"2014-11-21T17:07:12","guid":{"rendered":"http:\/\/www.creusonslabible.fr\/?p=3089"},"modified":"2025-01-24T12:13:09","modified_gmt":"2025-01-24T10:13:09","slug":"actes-15-35-16-10-en-avant-avec-la-bonne-nouvelle","status":"publish","type":"post","link":"https:\/\/www.creusonslabible.fr\/?p=3089","title":{"rendered":"Actes 15.35-16.10 &#8211; En avant avec la Bonne Nouvelle"},"content":{"rendered":"<p><strong>Note pour l&rsquo;animateur :<\/strong> Il est recommand\u00e9 \u00e0 l&rsquo;animateur de lire l&rsquo;introduction aux Actes des Ap\u00f4tres <a href=\"http:\/\/www.creusonslabible.fr\/?p=266\" target=\"_blank\" rel=\"noopener\">ici<\/a>.<\/p>\n<div class=\"page\" title=\"Page 3\">\n<div class=\"page\" title=\"Page 4\">\n<div class=\"layoutArea\">\n<div class=\"column\">\n<div class=\"page\" title=\"Page 5\">\n<div class=\"layoutArea\">\n<div class=\"column\"><strong>Note : <\/strong><em>Paul et Barnans sont de retour \u00e0 Antioche apr\u00e8s avoir d\u00e9fendu avec succ\u00e8s la cause des chr\u00e9tiens d&rsquo;origine pa\u00efenne et leur minist\u00e8re au Concile de J\u00e9rusalem.<\/em><\/div>\n<div class=\"column\"><\/div>\n<h2 class=\"column\">1. Un temps pour se s\u00e9parer (25-39)<\/h2>\n<ul>\n<li>Qui prend l&rsquo;initiative de ce deuxi\u00e8me voyage ? Quel \u00e9tait le projet de Paul ? Pour quoi faire ? En m\u00e9ditant sur l&rsquo;expression \u00ab\u00a0quelques temps apr\u00e8s\u00a0\u00bb \u00e9num\u00e9rez ce que l&rsquo;auteur a pu vouloir nous dire sur Paul dans le v.36.<\/li>\n<li>Notez les d\u00e9tails au sujet de Barnabas. Qu&rsquo;est-ce qui \u00e9tait le plus important pour lui ?<\/li>\n<li>Trouvez-vous justifi\u00e9 que Paul et Barnabas r\u00e9agissent de la sorte dans ce diff\u00e9rend ? Pourquoi ont-ils choisi l&rsquo;option de se s\u00e9parer \u00e0 votre avis ? Que pensez-vous de la mani\u00e8re dont Barnabas r\u00e8gle la question ?<\/li>\n<\/ul>\n<h2>2. Un nouvelle \u00e9quipe (15.40-16.5)<\/h2>\n<ul>\n<li>Pourquoi Paul choisit-il de s&rsquo;adjoindre Silas plut\u00f4t que dde continuer seul, compte tenu de ce qu&rsquo;il avait dit au v.39 ? Qui est ce Silas ? (voir 15.22 et 32)<\/li>\n<li>Qu&rsquo;auriez-vous eu envie de faire \u00e0 la place de Paul dans une situation pareille ? Que nous indique que Paul soit parti apr\u00e8s avoir \u00e9\u00e9 confi\u00e9 par les fr\u00e8res \u00e0 la gr\u00e2ce du Seigneur ?<\/li>\n<li>\u00c9num\u00e9rez ce que dit l&rsquo;auteur au sujet de Timoth\u00e9e. En quoi ces caract\u00e9ristiques pouvaient-elles \u00eatre des atouts pour faire partie de l&rsquo;\u00e9quipe \u00e0 ce point-ci ?<\/li>\n<li>\u00c0 la place de Timoth\u00e9e, qu&rsquo;est-ce qui vous aurait convaincu de payer un tel prix pour suivre un homme comme Paul ? Quel \u00e9tait ce prix ?<\/li>\n<li>Notez au v.4 un des buts poursuivis par Paul dans ce voyage. Y a-t-il un lien ave cle v.5 ? Qu&rsquo;est-ce qui, dans les d\u00e9cisions des ap\u00f4tres, pouvaient \u00eatre une source de croissance pour l&rsquo;\u00c9glise ?<\/li>\n<\/ul>\n<h2>3. Un visionnaire (6-10)<\/h2>\n<ul>\n<li>Que veut dire l&rsquo;expression <em>emp\u00each\u00e9s par le Saint-Esprit <\/em>? Comment Paul et ses compagnons ont-ils interpr\u00e9t\u00e9 cette intervention divine ? Une telle intervention serait-elle pour vous l&rsquo;occasion de continuer la route ou de vous arr\u00eater ? Pourquoi ?<\/li>\n<li>Notez le parall\u00e8le entre le v.7 et le texte de 9.5-6&#8230; Selon vous, qu&rsquo;est-ce qui pouvait rendre Paul si sensible \u00e0 l&rsquo;intervention de J\u00e9sus ? \u00cates)vous \u00e0 l&rsquo;aise avec sa fa\u00e7on de prendre des d\u00e9cisions ? Expliquez&#8230;<\/li>\n<li>Comment les autres ont-ils r\u00e9agi \u00e0 la vision de Paul ? Comment l&rsquo;on-ils interpr\u00e9t\u00e9e ? Pourquoi ?<\/li>\n<li>Qu&rsquo;est-ce qui pouvait bien leur donner autant d&rsquo;enthousiasme et de certitude ?<\/li>\n<\/ul>\n<h2>Application<\/h2>\n<ul>\n<li>Est-ce normal d&rsquo;avoir des conflits ? Avec qui en avez-vous ? La s\u00e9paration est-elle pour vous une solution acceptable ? Expliquez&#8230;<\/li>\n<li>Y a-t-il toujours des sacrifices \u00e0 faire pour servir Dieu ? Lesquels selon vous ?<\/li>\n<li>Dieu vous a-t-il d\u00e9j\u00e0 parl\u00e9 par un r\u00eave ? En quoi l&rsquo;exp\u00e9rience de Paul et de son \u00e9quipe est-elle similaire\/diff\u00e9rente de la v\u00f4tre ? Commentez&#8230;<\/li>\n<\/ul>\n<\/div>\n<\/div>\n<\/div>\n<\/div>\n<\/div>\n<\/div>\n","protected":false},"excerpt":{"rendered":"<p>Note pour l&rsquo;animateur : Il est recommand\u00e9 \u00e0 l&rsquo;animateur de lire l&rsquo;introduction aux Actes des Ap\u00f4tres ici. Note : Paul et Barnans sont de retour \u00e0 Antioche apr\u00e8s avoir d\u00e9fendu avec succ\u00e8s la cause des chr\u00e9tiens d&rsquo;origine pa\u00efenne et leur minist\u00e8re au Concile de J\u00e9rusalem. 1. Un temps pour se s\u00e9parer (25-39) Qui prend l&rsquo;initiative [&hellip;]<\/p>\n","protected":false},"author":3,"featured_media":2195,"comment_status":"open","ping_status":"closed","sticky":false,"template":"","format":"standard","meta":{"_acf_changed":false,"_eb_attr":"","advgb_blocks_editor_width":"","advgb_blocks_columns_visual_guide":"","footnotes":""},"categories":[10],"tags":[694,910,651,102,23,132,203,487,117,233],"video":[],"audio":[],"ecrit":[],"mis-en-avant":[],"redacteur":[],"type-darticle":[],"class_list":["post-3089","post","type-post","status-publish","format-standard","has-post-thumbnail","hentry","category-discussions-autour-de-la-bible","tag-actes","tag-barnabas","tag-ecrit","tag-evangelisation-2","tag-nouveau-testament","tag-paul","tag-saint-esprit","tag-silas","tag-timothee","tag-vision"],"blocksy_meta":[],"acf":[],"featured_image_src":"https:\/\/www.creusonslabible.fr\/wp-content\/uploads\/2012\/07\/Actes1-1.jpeg","author_info":{"display_name":"Yoh","author_link":"https:\/\/www.creusonslabible.fr\/?author=3"},"author_meta":{"display_name":"Yoh","author_link":"https:\/\/www.creusonslabible.fr\/?author=3"},"featured_img":"https:\/\/www.creusonslabible.fr\/wp-content\/uploads\/2012\/07\/Actes1-1.jpeg","coauthors":[],"tax_additional":{"categories":{"linked":["<a href=\"https:\/\/www.creusonslabible.fr\/?cat=10\" class=\"advgb-post-tax-term\">Discussions autour de la Bible<\/a>"],"unlinked":["<span class=\"advgb-post-tax-term\">Discussions autour de la Bible<\/span>"]},"tags":{"linked":["<a href=\"https:\/\/www.creusonslabible.fr\/?cat=10\" class=\"advgb-post-tax-term\">Actes<\/a>","<a href=\"https:\/\/www.creusonslabible.fr\/?cat=10\" class=\"advgb-post-tax-term\">Barnabas<\/a>","<a href=\"https:\/\/www.creusonslabible.fr\/?cat=10\" class=\"advgb-post-tax-term\">\u00e9crit<\/a>","<a href=\"https:\/\/www.creusonslabible.fr\/?cat=10\" class=\"advgb-post-tax-term\">Evang\u00e9lisation<\/a>","<a href=\"https:\/\/www.creusonslabible.fr\/?cat=10\" class=\"advgb-post-tax-term\">Nouveau-Testament<\/a>","<a href=\"https:\/\/www.creusonslabible.fr\/?cat=10\" class=\"advgb-post-tax-term\">Paul<\/a>","<a href=\"https:\/\/www.creusonslabible.fr\/?cat=10\" class=\"advgb-post-tax-term\">Saint-Esprit<\/a>","<a href=\"https:\/\/www.creusonslabible.fr\/?cat=10\" class=\"advgb-post-tax-term\">Silas<\/a>","<a href=\"https:\/\/www.creusonslabible.fr\/?cat=10\" class=\"advgb-post-tax-term\">timoth\u00e9e<\/a>","<a href=\"https:\/\/www.creusonslabible.fr\/?cat=10\" class=\"advgb-post-tax-term\">vision<\/a>"],"unlinked":["<span class=\"advgb-post-tax-term\">Actes<\/span>","<span class=\"advgb-post-tax-term\">Barnabas<\/span>","<span class=\"advgb-post-tax-term\">\u00e9crit<\/span>","<span class=\"advgb-post-tax-term\">Evang\u00e9lisation<\/span>","<span class=\"advgb-post-tax-term\">Nouveau-Testament<\/span>","<span class=\"advgb-post-tax-term\">Paul<\/span>","<span class=\"advgb-post-tax-term\">Saint-Esprit<\/span>","<span class=\"advgb-post-tax-term\">Silas<\/span>","<span class=\"advgb-post-tax-term\">timoth\u00e9e<\/span>","<span class=\"advgb-post-tax-term\">vision<\/span>"]}},"comment_count":"0","relative_dates":{"created":"Publi\u00e9 11 ans il y a","modified":"Mis \u00e0 jour 1 an il y a"},"absolute_dates":{"created":"Publi\u00e9 le 21 novembre 2014","modified":"Mise \u00e0 jour le 24 janvier 2025"},"absolute_dates_time":{"created":"Publi\u00e9 le 21 novembre 2014 17h07","modified":"Mise \u00e0 jour le 24 janvier 2025 12h13"},"featured_img_caption":"","series_order":"","meta_box":[],"_links":{"self":[{"href":"https:\/\/www.creusonslabible.fr\/index.php?rest_route=\/wp\/v2\/posts\/3089","targetHints":{"allow":["GET"]}}],"collection":[{"href":"https:\/\/www.creusonslabible.fr\/index.php?rest_route=\/wp\/v2\/posts"}],"about":[{"href":"https:\/\/www.creusonslabible.fr\/index.php?rest_route=\/wp\/v2\/types\/post"}],"author":[{"embeddable":true,"href":"https:\/\/www.creusonslabible.fr\/index.php?rest_route=\/wp\/v2\/users\/3"}],"replies":[{"embeddable":true,"href":"https:\/\/www.creusonslabible.fr\/index.php?rest_route=%2Fwp%2Fv2%2Fcomments&post=3089"}],"version-history":[{"count":1,"href":"https:\/\/www.creusonslabible.fr\/index.php?rest_route=\/wp\/v2\/posts\/3089\/revisions"}],"predecessor-version":[{"id":11113,"href":"https:\/\/www.creusonslabible.fr\/index.php?rest_route=\/wp\/v2\/posts\/3089\/revisions\/11113"}],"wp:featuredmedia":[{"embeddable":true,"href":"https:\/\/www.creusonslabible.fr\/index.php?rest_route=\/wp\/v2\/media\/2195"}],"wp:attachment":[{"href":"https:\/\/www.creusonslabible.fr\/index.php?rest_route=%2Fwp%2Fv2%2Fmedia&parent=3089"}],"wp:term":[{"taxonomy":"category","embeddable":true,"href":"https:\/\/www.creusonslabible.fr\/index.php?rest_route=%2Fwp%2Fv2%2Fcategories&post=3089"},{"taxonomy":"post_tag","embeddable":true,"href":"https:\/\/www.creusonslabible.fr\/index.php?rest_route=%2Fwp%2Fv2%2Ftags&post=3089"},{"taxonomy":"video","embeddable":true,"href":"https:\/\/www.creusonslabible.fr\/index.php?rest_route=%2Fwp%2Fv2%2Fvideo&post=3089"},{"taxonomy":"audio","embeddable":true,"href":"https:\/\/www.creusonslabible.fr\/index.php?rest_route=%2Fwp%2Fv2%2Faudio&post=3089"},{"taxonomy":"ecrit","embeddable":true,"href":"https:\/\/www.creusonslabible.fr\/index.php?rest_route=%2Fwp%2Fv2%2Fecrit&post=3089"},{"taxonomy":"mis-en-avant","embeddable":true,"href":"https:\/\/www.creusonslabible.fr\/index.php?rest_route=%2Fwp%2Fv2%2Fmis-en-avant&post=3089"},{"taxonomy":"redacteur","embeddable":true,"href":"https:\/\/www.creusonslabible.fr\/index.php?rest_route=%2Fwp%2Fv2%2Fredacteur&post=3089"},{"taxonomy":"type-darticle","embeddable":true,"href":"https:\/\/www.creusonslabible.fr\/index.php?rest_route=%2Fwp%2Fv2%2Ftype-darticle&post=3089"}],"curies":[{"name":"wp","href":"https:\/\/api.w.org\/{rel}","templated":true}]}}