{"id":309,"date":"2012-07-05T17:19:10","date_gmt":"2012-07-05T17:19:10","guid":{"rendered":"http:\/\/elearning.gbu.fr\/?p=309"},"modified":"2026-02-24T17:09:59","modified_gmt":"2026-02-24T15:09:59","slug":"ephesiens-semerveiller-du-plan-de-dieu","status":"publish","type":"post","link":"https:\/\/www.creusonslabible.fr\/?p=309","title":{"rendered":"\u00c9ph\u00e9siens :\u00a0s&rsquo;\u00e9merveiller du plan de Dieu"},"content":{"rendered":"<p>S\u00e9rie d&rsquo;interventions donn\u00e9es par Dominique Angers, enseignant \u00e0 l&rsquo;Institut Biblique de Gen\u00e8ve, lors du congr\u00e8s (maintenant Rencontre Nationale) GBU en 2011.<\/p>\n<h2><a href=\"http:\/\/elearning.gbu.fr\/audio\/Congres2011_S_Emerverveiller_du_plan_de_Dieu\/Dom_Angers_1.mp3\">\u00c9ph\u00e9siens 2.1-10<\/a><\/h2>\n<h2><a href=\"http:\/\/elearning.gbu.fr\/audio\/Congres2011_S_Emerverveiller_du_plan_de_Dieu\/Dom_Angers_2.mp3\">\u00c9ph\u00e9siens 2.11-22<\/a><\/h2>\n<h2><a href=\"http:\/\/elearning.gbu.fr\/audio\/Congres2011_S_Emerverveiller_du_plan_de_Dieu\/Dom_Angers_3.mp3\">\u00c9ph\u00e9siens 3.14-21<\/a><\/h2>\n<p>Pour \u00e9couter les audio, faire un clic sur les titre. Pour les enregistrer, faire clic droit et \u00ab\u00a0enregistrer la cible du lien sous\u00a0\u00bb<\/p>\n<p>\u00a0<\/p>\n<h4 class=\"wp-block-heading\">Les audio sont aussi disponibles sur Spotify !<\/h4>\n<p>\u00a0<\/p>\n<p>(Un compte est n\u00e9cessaire pour \u00e9couter en entier, mais il n\u2019y a pas besoin de prendre d\u2019abonnement payant.)<\/p>\n\n\n<figure class=\"wp-block-embed is-type-rich is-provider-spotify wp-block-embed-spotify wp-embed-aspect-21-9 wp-has-aspect-ratio\"><div class=\"wp-block-embed__wrapper\">\n<iframe title=\"Spotify Embed: \u00c9ph\u00e9siens : s\u2019\u00e9merveiller du plan de Dieu\" style=\"border-radius: 12px\" width=\"100%\" height=\"352\" frameborder=\"0\" allowfullscreen allow=\"autoplay; clipboard-write; encrypted-media; fullscreen; picture-in-picture\" loading=\"lazy\" src=\"https:\/\/open.spotify.com\/embed\/playlist\/1OZcCwm5YthFPt2tA7gfNY?si=_t3rucGgRU27p0xcF0Dtrg&amp;utm_source=oembed\"><\/iframe>\n<\/div><\/figure>\n","protected":false},"excerpt":{"rendered":"<p>S\u00e9rie d&rsquo;interventions donn\u00e9es par Dominique Angers, enseignant \u00e0 l&rsquo;Institut Biblique de Gen\u00e8ve, lors du congr\u00e8s (maintenant Rencontre Nationale) GBU en 2011. \u00c9ph\u00e9siens 2.1-10 \u00c9ph\u00e9siens 2.11-22 \u00c9ph\u00e9siens 3.14-21 Pour \u00e9couter les audio, faire un clic sur les titre. Pour les enregistrer, faire clic droit et \u00ab\u00a0enregistrer la cible du lien sous\u00a0\u00bb \u00a0 Les audio sont aussi [&hellip;]<\/p>\n","protected":false},"author":2,"featured_media":2059,"comment_status":"open","ping_status":"open","sticky":false,"template":"","format":"standard","meta":{"_acf_changed":false,"_eb_attr":"","advgb_blocks_editor_width":"","advgb_blocks_columns_visual_guide":"","footnotes":""},"categories":[24],"tags":[699,657,277,591,625],"video":[],"audio":[],"ecrit":[],"mis-en-avant":[],"redacteur":[],"type-darticle":[],"class_list":["post-309","post","type-post","status-publish","format-standard","has-post-thumbnail","hentry","category-textes-bibliques-commentes","tag-699","tag-audio","tag-congres","tag-ephesiens-3","tag-plan-de-dieu"],"blocksy_meta":[],"acf":[],"featured_image_src":"https:\/\/www.creusonslabible.fr\/wp-content\/uploads\/2012\/07\/merveiller-1.jpg","author_info":{"display_name":"caillou","author_link":"https:\/\/www.creusonslabible.fr\/?author=2"},"author_meta":{"display_name":"caillou","author_link":"https:\/\/www.creusonslabible.fr\/?author=2"},"featured_img":"https:\/\/www.creusonslabible.fr\/wp-content\/uploads\/2012\/07\/merveiller-1.jpg","coauthors":[],"tax_additional":{"categories":{"linked":["<a href=\"https:\/\/www.creusonslabible.fr\/?cat=24\" class=\"advgb-post-tax-term\">Textes Bibliques comment\u00e9s<\/a>"],"unlinked":["<span class=\"advgb-post-tax-term\">Textes Bibliques comment\u00e9s<\/span>"]},"tags":{"linked":["<a href=\"https:\/\/www.creusonslabible.fr\/?cat=24\" class=\"advgb-post-tax-term\">2011<\/a>","<a href=\"https:\/\/www.creusonslabible.fr\/?cat=24\" class=\"advgb-post-tax-term\">audio<\/a>","<a href=\"https:\/\/www.creusonslabible.fr\/?cat=24\" class=\"advgb-post-tax-term\">congr\u00e8s<\/a>","<a href=\"https:\/\/www.creusonslabible.fr\/?cat=24\" class=\"advgb-post-tax-term\">Eph\u00e9siens<\/a>","<a href=\"https:\/\/www.creusonslabible.fr\/?cat=24\" class=\"advgb-post-tax-term\">Plan de Dieu<\/a>"],"unlinked":["<span class=\"advgb-post-tax-term\">2011<\/span>","<span class=\"advgb-post-tax-term\">audio<\/span>","<span class=\"advgb-post-tax-term\">congr\u00e8s<\/span>","<span class=\"advgb-post-tax-term\">Eph\u00e9siens<\/span>","<span class=\"advgb-post-tax-term\">Plan de Dieu<\/span>"]}},"comment_count":"0","relative_dates":{"created":"Publi\u00e9 14 ans il y a","modified":"Mis \u00e0 jour 2 mois il y a"},"absolute_dates":{"created":"Publi\u00e9 le 5 juillet 2012","modified":"Mise \u00e0 jour le 24 f\u00e9vrier 2026"},"absolute_dates_time":{"created":"Publi\u00e9 le 5 juillet 2012 17h19","modified":"Mise \u00e0 jour le 24 f\u00e9vrier 2026 17h09"},"featured_img_caption":"","series_order":"","meta_box":[],"_links":{"self":[{"href":"https:\/\/www.creusonslabible.fr\/index.php?rest_route=\/wp\/v2\/posts\/309","targetHints":{"allow":["GET"]}}],"collection":[{"href":"https:\/\/www.creusonslabible.fr\/index.php?rest_route=\/wp\/v2\/posts"}],"about":[{"href":"https:\/\/www.creusonslabible.fr\/index.php?rest_route=\/wp\/v2\/types\/post"}],"author":[{"embeddable":true,"href":"https:\/\/www.creusonslabible.fr\/index.php?rest_route=\/wp\/v2\/users\/2"}],"replies":[{"embeddable":true,"href":"https:\/\/www.creusonslabible.fr\/index.php?rest_route=%2Fwp%2Fv2%2Fcomments&post=309"}],"version-history":[{"count":2,"href":"https:\/\/www.creusonslabible.fr\/index.php?rest_route=\/wp\/v2\/posts\/309\/revisions"}],"predecessor-version":[{"id":12223,"href":"https:\/\/www.creusonslabible.fr\/index.php?rest_route=\/wp\/v2\/posts\/309\/revisions\/12223"}],"wp:featuredmedia":[{"embeddable":true,"href":"https:\/\/www.creusonslabible.fr\/index.php?rest_route=\/wp\/v2\/media\/2059"}],"wp:attachment":[{"href":"https:\/\/www.creusonslabible.fr\/index.php?rest_route=%2Fwp%2Fv2%2Fmedia&parent=309"}],"wp:term":[{"taxonomy":"category","embeddable":true,"href":"https:\/\/www.creusonslabible.fr\/index.php?rest_route=%2Fwp%2Fv2%2Fcategories&post=309"},{"taxonomy":"post_tag","embeddable":true,"href":"https:\/\/www.creusonslabible.fr\/index.php?rest_route=%2Fwp%2Fv2%2Ftags&post=309"},{"taxonomy":"video","embeddable":true,"href":"https:\/\/www.creusonslabible.fr\/index.php?rest_route=%2Fwp%2Fv2%2Fvideo&post=309"},{"taxonomy":"audio","embeddable":true,"href":"https:\/\/www.creusonslabible.fr\/index.php?rest_route=%2Fwp%2Fv2%2Faudio&post=309"},{"taxonomy":"ecrit","embeddable":true,"href":"https:\/\/www.creusonslabible.fr\/index.php?rest_route=%2Fwp%2Fv2%2Fecrit&post=309"},{"taxonomy":"mis-en-avant","embeddable":true,"href":"https:\/\/www.creusonslabible.fr\/index.php?rest_route=%2Fwp%2Fv2%2Fmis-en-avant&post=309"},{"taxonomy":"redacteur","embeddable":true,"href":"https:\/\/www.creusonslabible.fr\/index.php?rest_route=%2Fwp%2Fv2%2Fredacteur&post=309"},{"taxonomy":"type-darticle","embeddable":true,"href":"https:\/\/www.creusonslabible.fr\/index.php?rest_route=%2Fwp%2Fv2%2Ftype-darticle&post=309"}],"curies":[{"name":"wp","href":"https:\/\/api.w.org\/{rel}","templated":true}]}}