{"id":3092,"date":"2014-11-27T16:35:34","date_gmt":"2014-11-27T16:35:34","guid":{"rendered":"http:\/\/www.creusonslabible.fr\/?p=3092"},"modified":"2025-01-24T12:13:08","modified_gmt":"2025-01-24T10:13:08","slug":"actes-27-du-sens-pratique-dans-un-moment-de-crise","status":"publish","type":"post","link":"https:\/\/www.creusonslabible.fr\/?p=3092","title":{"rendered":"Actes 27 &#8211; Du sens pratique dans un moment de crise"},"content":{"rendered":"<p><strong>Note pour l&rsquo;animateur :<\/strong> Il est recommand\u00e9 \u00e0 l&rsquo;animateur de lire l&rsquo;introduction aux Actes des Ap\u00f4tres <a href=\"http:\/\/www.creusonslabible.fr\/?p=266\" target=\"_blank\" rel=\"noopener\">ici<\/a>.<\/p>\n<div class=\"page\" title=\"Page 3\">\n<div class=\"page\" title=\"Page 4\">\n<div class=\"layoutArea\">\n<div class=\"column\">\n<div class=\"page\" title=\"Page 5\">\n<div class=\"layoutArea\">\n<div class=\"column\"><strong><em>Note : <\/em><\/strong><em>\u00c9chappant \u00e0 un complot, Paul est envoy\u00e9 de nuit \u00e0 C\u00e9sar\u00e9e et y est jug\u00e9 par le gouverneur F\u00e9lix. Celui-ci voulant plaire aux juifs garde de Paul en prison. Deux ans apr\u00e8s, le nouveau gouverneur veut le renvoyer \u00e0 J\u00e9rusalem mais Paul en appelle \u00e0 l&#8217;empereur. Apr\u00e8s avoir annonc\u00e9 la Bonne Nouvelle au roi Agrippa II, il est envoy\u00e9 \u00e0 Rome&#8230;<\/em><\/div>\n<div class=\"column\"><\/div>\n<h2 class=\"column\">1. Un voyageur exp\u00e9riment\u00e9 (1-12)<\/h2>\n<ul>\n<li>Qui prend l&rsquo;initiative du voyage ?<\/li>\n<li>Dressez la liste des personnes qui y participent. Donnez les raisons possibles de chacune de ces personnes de faire ce voyage.\u00a0 Trouvez-vous r\u00e9v\u00e9lateur que Luc nomme l&rsquo;officier pas son nom ? Que Julius ait permis \u00e0 Paul de passer du temps chez des amis \u00e0 Sidon ? Expliquez.<\/li>\n<li>Apr\u00e8s avoir bien commenc\u00e9, le voyage devint bient\u00f4t difficile. Qu&rsquo;est-ce qui a pouss\u00e9 le passager Paul \u00e0 intervenir finalement ? Comment l&rsquo;a-t-il fait ? La d\u00e9cision de l&rsquo;officier \u00e9tait-elle justifiable ? Pour quelles raisons ?<\/li>\n<\/ul>\n<h2>2. Ballot\u00e9 au gr\u00e9 du vent (13-32)<\/h2>\n<ul>\n<li>Notez l&rsquo;intention de l&rsquo;\u00e9quipage (12) et la strat\u00e9gie du capitaine pour atteindre Ph\u00e9nix&#8230; Qu&rsquo;est-ce que ce typhon avait de particulier ? Quel en a \u00e9t\u00e9 l&rsquo;impact sur le navire (15) et la marins ? Quelle pouvait \u00eatre la cons\u00e9quence du v.20a pour ces experts en navigation ?<\/li>\n<li>Quel \u00e9tait l&rsquo;\u00e9tat d&rsquo;esprit g\u00e9n\u00e9ral apr\u00e8s ces 14 jours de temp\u00eate ininterrompue (notez le \u00ab\u00a0nous\u00a0\u00bb&#8230;) ? \u00c0 votre avis, pourquoi Paul a-t-il attendu jusqu&rsquo;\u00e0 ce moment pour intervenir ? En quoi son attitude est-elle diff\u00e9rente de celle des autres passagers ? LE trouvez-vous courageux de parler de l&rsquo;apparition de l&rsquo;ange \u00e0 ce moment-l\u00e0 ? Expliquez.<\/li>\n<li>Les propos de Paul ont-ils influenc\u00e9 l&rsquo;\u00e9quipage, selon vous ? Par quoi les marins \u00e9taient-ils pr\u00e9occup\u00e9s surtout \u00e0 moment-l\u00e0 ? Notez le commentaire d Paul \u00e0 l\u2019officier (31) et la r\u00e9action des soldats&#8230; Que r\u00e9v\u00e8lent-ils ?<\/li>\n<\/ul>\n<h2>3. Un homme prot\u00e9g\u00e9&#8230; (33-44)<\/h2>\n<ul>\n<li>En attendant la lev\u00e9e du jour, Paul a encourag\u00e9 tout le monde \u00e0 manger. Quelle diff\u00e9rence cela fait-il qu&rsquo;il ait montr\u00e9 l&rsquo;exemple en se mettant \u00e0 manger lui-m\u00eame, qu&rsquo;il ait remerci\u00e9 Dieu devant tous, qu&rsquo;il ait accompagn\u00e9 ses exhortations d&rsquo;une promesse (14)\u00a0 ? Quel a pu \u00eatre l&rsquo;impact de cette intervention de Paul sur le moral de tout le monde ?<\/li>\n<li>Quel a \u00e9t\u00e9 le r\u00e9sultat final pour le navire, pour la cargaisons, pour l&rsquo;\u00e9quipage ?<\/li>\n<li>\u00c0 la place de l&rsquo;officier, qu&rsquo;est-ce qui vous aurait pouss\u00e9 \u00e0 vouloir prot\u00e9ger Paul ? Expliquez.<\/li>\n<\/ul>\n<h2>Application<\/h2>\n<ul>\n<li>Ce voyage de Paul \u00e0 Rome \u00e9tait l&rsquo;accomplissement d&rsquo;une promesse de Dieu faite quelques ann\u00e9es auparavant (23.11). Vu la fa\u00e7on tumultueuse dont la volont\u00e9 de Dieu s&rsquo;est r\u00e9alis\u00e9e, dites en quoi cette histoire est une source d&rsquo;inqui\u00e9tude ou d&rsquo;encouragement pour vous.<\/li>\n<li>Comment r\u00e9agissez-vous quand une personne en autorit\u00e9 ne tient pas compte de votre avis lorsque vous avez la certitude d&rsquo;avoir raison ? Pourquoi ?<\/li>\n<li>Auriez-vous envie d&rsquo;imiter Paul dnas la situation o\u00f9 vous \u00eatres et devenir un leader qui communique l&rsquo;esp\u00e9rance aux autres ? Quelle initiative Dieu pourrait-il vous demander de prendre pour y arriver ?<\/li>\n<\/ul>\n<\/div>\n<\/div>\n<\/div>\n<\/div>\n<\/div>\n<\/div>\n","protected":false},"excerpt":{"rendered":"<p>Note pour l&rsquo;animateur : Il est recommand\u00e9 \u00e0 l&rsquo;animateur de lire l&rsquo;introduction aux Actes des Ap\u00f4tres ici. Note : \u00c9chappant \u00e0 un complot, Paul est envoy\u00e9 de nuit \u00e0 C\u00e9sar\u00e9e et y est jug\u00e9 par le gouverneur F\u00e9lix. Celui-ci voulant plaire aux juifs garde de Paul en prison. Deux ans apr\u00e8s, le nouveau gouverneur veut [&hellip;]<\/p>\n","protected":false},"author":3,"featured_media":3109,"comment_status":"open","ping_status":"closed","sticky":false,"template":"","format":"standard","meta":{"_acf_changed":false,"_eb_attr":"","advgb_blocks_editor_width":"","advgb_blocks_columns_visual_guide":"","footnotes":""},"categories":[10],"tags":[694,651,23,132,203,933],"video":[],"audio":[],"ecrit":[],"mis-en-avant":[],"redacteur":[],"type-darticle":[],"class_list":["post-3092","post","type-post","status-publish","format-standard","has-post-thumbnail","hentry","category-discussions-autour-de-la-bible","tag-actes","tag-ecrit","tag-nouveau-testament","tag-paul","tag-saint-esprit","tag-tempete"],"blocksy_meta":[],"acf":[],"featured_image_src":"https:\/\/www.creusonslabible.fr\/wp-content\/uploads\/2014\/11\/tempete-1.jpg","author_info":{"display_name":"Yoh","author_link":"https:\/\/www.creusonslabible.fr\/?author=3"},"author_meta":{"display_name":"Yoh","author_link":"https:\/\/www.creusonslabible.fr\/?author=3"},"featured_img":"https:\/\/www.creusonslabible.fr\/wp-content\/uploads\/2014\/11\/tempete-1.jpg","coauthors":[],"tax_additional":{"categories":{"linked":["<a href=\"https:\/\/www.creusonslabible.fr\/?cat=10\" class=\"advgb-post-tax-term\">Discussions autour de la Bible<\/a>"],"unlinked":["<span class=\"advgb-post-tax-term\">Discussions autour de la Bible<\/span>"]},"tags":{"linked":["<a href=\"https:\/\/www.creusonslabible.fr\/?cat=10\" class=\"advgb-post-tax-term\">Actes<\/a>","<a href=\"https:\/\/www.creusonslabible.fr\/?cat=10\" class=\"advgb-post-tax-term\">\u00e9crit<\/a>","<a href=\"https:\/\/www.creusonslabible.fr\/?cat=10\" class=\"advgb-post-tax-term\">Nouveau-Testament<\/a>","<a href=\"https:\/\/www.creusonslabible.fr\/?cat=10\" class=\"advgb-post-tax-term\">Paul<\/a>","<a href=\"https:\/\/www.creusonslabible.fr\/?cat=10\" class=\"advgb-post-tax-term\">Saint-Esprit<\/a>","<a href=\"https:\/\/www.creusonslabible.fr\/?cat=10\" class=\"advgb-post-tax-term\">temp\u00eate<\/a>"],"unlinked":["<span class=\"advgb-post-tax-term\">Actes<\/span>","<span class=\"advgb-post-tax-term\">\u00e9crit<\/span>","<span class=\"advgb-post-tax-term\">Nouveau-Testament<\/span>","<span class=\"advgb-post-tax-term\">Paul<\/span>","<span class=\"advgb-post-tax-term\">Saint-Esprit<\/span>","<span class=\"advgb-post-tax-term\">temp\u00eate<\/span>"]}},"comment_count":"1","relative_dates":{"created":"Publi\u00e9 11 ans il y a","modified":"Mis \u00e0 jour 1 an il y a"},"absolute_dates":{"created":"Publi\u00e9 le 27 novembre 2014","modified":"Mise \u00e0 jour le 24 janvier 2025"},"absolute_dates_time":{"created":"Publi\u00e9 le 27 novembre 2014 16h35","modified":"Mise \u00e0 jour le 24 janvier 2025 12h13"},"featured_img_caption":"","series_order":"","meta_box":[],"_links":{"self":[{"href":"https:\/\/www.creusonslabible.fr\/index.php?rest_route=\/wp\/v2\/posts\/3092","targetHints":{"allow":["GET"]}}],"collection":[{"href":"https:\/\/www.creusonslabible.fr\/index.php?rest_route=\/wp\/v2\/posts"}],"about":[{"href":"https:\/\/www.creusonslabible.fr\/index.php?rest_route=\/wp\/v2\/types\/post"}],"author":[{"embeddable":true,"href":"https:\/\/www.creusonslabible.fr\/index.php?rest_route=\/wp\/v2\/users\/3"}],"replies":[{"embeddable":true,"href":"https:\/\/www.creusonslabible.fr\/index.php?rest_route=%2Fwp%2Fv2%2Fcomments&post=3092"}],"version-history":[{"count":1,"href":"https:\/\/www.creusonslabible.fr\/index.php?rest_route=\/wp\/v2\/posts\/3092\/revisions"}],"predecessor-version":[{"id":11107,"href":"https:\/\/www.creusonslabible.fr\/index.php?rest_route=\/wp\/v2\/posts\/3092\/revisions\/11107"}],"wp:featuredmedia":[{"embeddable":true,"href":"https:\/\/www.creusonslabible.fr\/index.php?rest_route=\/wp\/v2\/media\/3109"}],"wp:attachment":[{"href":"https:\/\/www.creusonslabible.fr\/index.php?rest_route=%2Fwp%2Fv2%2Fmedia&parent=3092"}],"wp:term":[{"taxonomy":"category","embeddable":true,"href":"https:\/\/www.creusonslabible.fr\/index.php?rest_route=%2Fwp%2Fv2%2Fcategories&post=3092"},{"taxonomy":"post_tag","embeddable":true,"href":"https:\/\/www.creusonslabible.fr\/index.php?rest_route=%2Fwp%2Fv2%2Ftags&post=3092"},{"taxonomy":"video","embeddable":true,"href":"https:\/\/www.creusonslabible.fr\/index.php?rest_route=%2Fwp%2Fv2%2Fvideo&post=3092"},{"taxonomy":"audio","embeddable":true,"href":"https:\/\/www.creusonslabible.fr\/index.php?rest_route=%2Fwp%2Fv2%2Faudio&post=3092"},{"taxonomy":"ecrit","embeddable":true,"href":"https:\/\/www.creusonslabible.fr\/index.php?rest_route=%2Fwp%2Fv2%2Fecrit&post=3092"},{"taxonomy":"mis-en-avant","embeddable":true,"href":"https:\/\/www.creusonslabible.fr\/index.php?rest_route=%2Fwp%2Fv2%2Fmis-en-avant&post=3092"},{"taxonomy":"redacteur","embeddable":true,"href":"https:\/\/www.creusonslabible.fr\/index.php?rest_route=%2Fwp%2Fv2%2Fredacteur&post=3092"},{"taxonomy":"type-darticle","embeddable":true,"href":"https:\/\/www.creusonslabible.fr\/index.php?rest_route=%2Fwp%2Fv2%2Ftype-darticle&post=3092"}],"curies":[{"name":"wp","href":"https:\/\/api.w.org\/{rel}","templated":true}]}}