{"id":3120,"date":"2015-02-17T16:24:05","date_gmt":"2015-02-17T16:24:05","guid":{"rendered":"http:\/\/www.creusonslabible.fr\/?p=3120"},"modified":"2025-01-24T12:13:08","modified_gmt":"2025-01-24T10:13:08","slug":"jeremie-1-pas-du-tout-pret","status":"publish","type":"post","link":"https:\/\/www.creusonslabible.fr\/?p=3120","title":{"rendered":"J\u00e9r\u00e9mie 1 : Pas du tout pr\u00eat !"},"content":{"rendered":"<h3 align=\"JUSTIFY\">Fiche d&rsquo;identit\u00e9 (1-3)<\/h3>\n<ul>\n<li>\n<p align=\"JUSTIFY\">Quel est le m\u00e9tier de J\u00e9r\u00e9mie ?<\/p>\n<\/li>\n<li>\n<p align=\"JUSTIFY\">Combien de rois a-t-il connus ? (J\u00e9r\u00e9mie a couvert les 40 derni\u00e8res ann\u00e9es de Juda)<\/p>\n<\/li>\n<li>\n<p align=\"JUSTIFY\">Comment r\u00e9sumeriez-vous la p\u00e9riode qu&rsquo;il vit ? (une descente aux enfers)<\/p>\n<\/li>\n<\/ul>\n<h3 align=\"JUSTIFY\">L&rsquo;appel de J\u00e9r\u00e9mie (4-10)<\/h3>\n<ul>\n<li>\n<p align=\"JUSTIFY\">Quelles sont les caract\u00e9ristiques d&rsquo;un bon proph\u00e8te d&rsquo;apr\u00e8s-vous ? J\u00e9r\u00e9mie les a-t-il ?<\/p>\n<\/li>\n<li>\n<p align=\"JUSTIFY\">Avez-vous d\u00e9j\u00e0 lu dans l&rsquo;Ancien Testament une autre conversation entre Dieu et un serviteur qui ne se sent pas capable ? Laquelle ? (Ex 3-4, 4.10 en particulier)<\/p>\n<\/li>\n<li>\n<p align=\"JUSTIFY\">Quelles sont les 3 choses que Dieu dit pour donner du courage \u00e0 J\u00e9r\u00e9mie ? (5, 8, 9)<\/p>\n<\/li>\n<li>\n<p align=\"JUSTIFY\">Pourquoi ces 3 d\u00e9clarations peuvent-elles le rassurer sur sa capacit\u00e9 \u00e0 remplir sa mission ?<\/p>\n<\/li>\n<li>\n<p align=\"JUSTIFY\">En quoi consiste la mission de J\u00e9r\u00e9mie ? Relevez les verbes du v.10 : Cela vous semble-t-il attirant ? Pourquoi ?<\/p>\n<\/li>\n<\/ul>\n<h3 align=\"JUSTIFY\">Deux visions (11-16)<\/h3>\n<ul>\n<li>\n<p align=\"JUSTIFY\">Qu&rsquo;annonce la 2nde vision ?<\/p>\n<\/li>\n<li>\n<p align=\"JUSTIFY\">Que pense Dieu des habitants de Juda ?<\/p>\n<\/li>\n<li>\n<p align=\"JUSTIFY\">Va-t-il les d\u00e9livrer du danger ?<\/p>\n<\/li>\n<li>\n<p align=\"JUSTIFY\">J\u00e9r\u00e9mie re\u00e7oit cette r\u00e9v\u00e9lation \u00e0 un moment o\u00f9 tout va bien, o\u00f9 le roi Josias semble avoir purifi\u00e9 le pays des id\u00f4les. Comment r\u00e9agiriez-vous si vous deviez d\u00e9livrer un message aussi pessimiste \u00e0 une telle p\u00e9riode ?<\/p>\n<\/li>\n<\/ul>\n<ul>\n<li>\n<p align=\"JUSTIFY\">Devinette pour la 1\u00e8re vision : quel peut \u00eatre le rapport entre un amandier et le fait que Dieu veille sur sa Parole ? (C&rsquo;est un jeu de mot en h\u00e9breux ! Le mot \u00ab&nbsp;shaq\u00e9d&nbsp;\u00bb, litt. qui veille ou qui s&rsquo;\u00e9veille, est le nom h\u00e9breu de l&rsquo;amandier, qui est le premier arbre \u00e0 fleurir au printemps. Cela fait assonance avec \u00ab&nbsp;shoq\u00e9d&nbsp;\u00bb qui signifie \u00ab&nbsp;je veille&nbsp;\u00bb.)<\/p>\n<\/li>\n<li>\n<p align=\"JUSTIFY\">Pourquoi Dieu insiste-t-il particuli\u00e8rement sur le fait qu&rsquo;il accomplit ce qu&rsquo;il annonce ?<\/p>\n<\/li>\n<li>\n<p align=\"JUSTIFY\">Dans quel but Dieu montre-t-il ces 2 visions \u00e0 son proph\u00e8te ?<\/p>\n<\/li>\n<\/ul>\n<h3 align=\"JUSTIFY\">Gonflage \u00e0 bloc (17-19)<\/h3>\n<ul>\n<li>\n<p align=\"JUSTIFY\">D&rsquo;apr\u00e8s l&rsquo;\u00c9ternel, J\u00e9r\u00e9mie va-t-il \u00eatre \u00e9cout\u00e9 par certains de ses contemporains ?<\/p>\n<\/li>\n<li>\n<p align=\"JUSTIFY\">Que lui arrivera-t-il s&rsquo;il se d\u00e9gonfle devant l&rsquo;adversit\u00e9 ?<\/p>\n<\/li>\n<li>\n<p align=\"JUSTIFY\">Que lui arrivera-t-il s&rsquo;il ob\u00e9it \u00e0 Dieu ?<\/p>\n<\/li>\n<li>\n<p align=\"JUSTIFY\">Qu&rsquo;est-ce que cette conclusion est sens\u00e9e provoquer dans le c\u0153ur de J\u00e9r\u00e9mie ?<\/p>\n<\/li>\n<\/ul>\n<h3 align=\"JUSTIFY\">Nouvelle Alliance<\/h3>\n<ul>\n<li>\n<p align=\"JUSTIFY\">Comparez ce passage avec Matthieu 10.16-20 et Luc 12.4-5 : Quels sont les points communs, les diff\u00e9rences entre J\u00e9r\u00e9mie et les disciples de J\u00e9sus ?<\/p>\n<\/li>\n<\/ul>\n<h3 align=\"JUSTIFY\">APPLICATIONS<\/h3>\n<ul>\n<li>\n<p align=\"JUSTIFY\">Quelles qualit\u00e9s doit-on avoir pour servir Dieu ? Faut-il \u00eatre particuli\u00e8rement dou\u00e9 ?<\/p>\n<\/li>\n<li>\n<p align=\"JUSTIFY\">Qu&rsquo;est-ce qui pourrait vous faire douter que Dieu vous prot\u00e8ge quand vous t\u00e9moignez de Lui ? Comment chasser ces doutes ?<\/p>\n<\/li>\n<li>\n<p align=\"JUSTIFY\">La Bonne Nouvelle de J\u00e9sus est quand m\u00eame plus douce et belle que le message de jugement de J\u00e9r\u00e9mie ! Mais pourquoi subit-elle le m\u00eame rejet ?<\/p>\n<\/li>\n<li>\n<p align=\"JUSTIFY\">Si nous croyons que le St Esprit est Puissant, que seul J\u00e9sus peut sauver et que nos contemporains risquent l&rsquo;enfer, pourquoi ne sommes pas plus courageux pour annoncer les r\u00e9v\u00e9lations de Dieu ?<\/p>\n<\/li>\n<\/ul>\n","protected":false},"excerpt":{"rendered":"<p>Fiche d&rsquo;identit\u00e9 (1-3) Quel est le m\u00e9tier de J\u00e9r\u00e9mie ? Combien de rois a-t-il connus ? (J\u00e9r\u00e9mie a couvert les 40 derni\u00e8res ann\u00e9es de Juda) Comment r\u00e9sumeriez-vous la p\u00e9riode qu&rsquo;il vit ? (une descente aux enfers) L&rsquo;appel de J\u00e9r\u00e9mie (4-10) Quelles sont les caract\u00e9ristiques d&rsquo;un bon proph\u00e8te d&rsquo;apr\u00e8s-vous ? J\u00e9r\u00e9mie les a-t-il ? Avez-vous d\u00e9j\u00e0 [&hellip;]<\/p>\n","protected":false},"author":3,"featured_media":8736,"comment_status":"open","ping_status":"closed","sticky":false,"template":"","format":"standard","meta":{"_acf_changed":false,"_eb_attr":"","advgb_blocks_editor_width":"","advgb_blocks_columns_visual_guide":"","footnotes":""},"categories":[10],"tags":[170,819,651,400,50,233],"video":[],"audio":[],"ecrit":[],"mis-en-avant":[],"redacteur":[],"type-darticle":[],"class_list":["post-3120","post","type-post","status-publish","format-standard","has-post-thumbnail","hentry","category-discussions-autour-de-la-bible","tag-ancien-testament","tag-appel-de-dieu","tag-ecrit","tag-encouragement","tag-jeremie","tag-vision"],"blocksy_meta":[],"acf":[],"featured_image_src":"https:\/\/www.creusonslabible.fr\/wp-content\/uploads\/2015\/02\/rowan-freeman-USb3qaFx3zY-unsplash-1.jpg","author_info":{"display_name":"Yoh","author_link":"https:\/\/www.creusonslabible.fr\/?author=3"},"author_meta":{"display_name":"Yoh","author_link":"https:\/\/www.creusonslabible.fr\/?author=3"},"featured_img":"https:\/\/www.creusonslabible.fr\/wp-content\/uploads\/2015\/02\/rowan-freeman-USb3qaFx3zY-unsplash-1-300x200.jpg","coauthors":[],"tax_additional":{"categories":{"linked":["<a href=\"https:\/\/www.creusonslabible.fr\/?cat=10\" class=\"advgb-post-tax-term\">Discussions autour de la Bible<\/a>"],"unlinked":["<span class=\"advgb-post-tax-term\">Discussions autour de la Bible<\/span>"]},"tags":{"linked":["<a href=\"https:\/\/www.creusonslabible.fr\/?cat=10\" class=\"advgb-post-tax-term\">Ancien-Testament<\/a>","<a href=\"https:\/\/www.creusonslabible.fr\/?cat=10\" class=\"advgb-post-tax-term\">Appel de Dieu<\/a>","<a href=\"https:\/\/www.creusonslabible.fr\/?cat=10\" class=\"advgb-post-tax-term\">\u00e9crit<\/a>","<a href=\"https:\/\/www.creusonslabible.fr\/?cat=10\" class=\"advgb-post-tax-term\">encouragement<\/a>","<a href=\"https:\/\/www.creusonslabible.fr\/?cat=10\" class=\"advgb-post-tax-term\">J\u00e9r\u00e9mie<\/a>","<a href=\"https:\/\/www.creusonslabible.fr\/?cat=10\" class=\"advgb-post-tax-term\">vision<\/a>"],"unlinked":["<span class=\"advgb-post-tax-term\">Ancien-Testament<\/span>","<span class=\"advgb-post-tax-term\">Appel de Dieu<\/span>","<span class=\"advgb-post-tax-term\">\u00e9crit<\/span>","<span class=\"advgb-post-tax-term\">encouragement<\/span>","<span class=\"advgb-post-tax-term\">J\u00e9r\u00e9mie<\/span>","<span class=\"advgb-post-tax-term\">vision<\/span>"]}},"comment_count":"0","relative_dates":{"created":"Publi\u00e9 11 ans il y a","modified":"Mis \u00e0 jour 1 an il y a"},"absolute_dates":{"created":"Publi\u00e9 le 17 f\u00e9vrier 2015","modified":"Mise \u00e0 jour le 24 janvier 2025"},"absolute_dates_time":{"created":"Publi\u00e9 le 17 f\u00e9vrier 2015 16h24","modified":"Mise \u00e0 jour le 24 janvier 2025 12h13"},"featured_img_caption":"","series_order":"","meta_box":[],"_links":{"self":[{"href":"https:\/\/www.creusonslabible.fr\/index.php?rest_route=\/wp\/v2\/posts\/3120","targetHints":{"allow":["GET"]}}],"collection":[{"href":"https:\/\/www.creusonslabible.fr\/index.php?rest_route=\/wp\/v2\/posts"}],"about":[{"href":"https:\/\/www.creusonslabible.fr\/index.php?rest_route=\/wp\/v2\/types\/post"}],"author":[{"embeddable":true,"href":"https:\/\/www.creusonslabible.fr\/index.php?rest_route=\/wp\/v2\/users\/3"}],"replies":[{"embeddable":true,"href":"https:\/\/www.creusonslabible.fr\/index.php?rest_route=%2Fwp%2Fv2%2Fcomments&post=3120"}],"version-history":[{"count":1,"href":"https:\/\/www.creusonslabible.fr\/index.php?rest_route=\/wp\/v2\/posts\/3120\/revisions"}],"predecessor-version":[{"id":11105,"href":"https:\/\/www.creusonslabible.fr\/index.php?rest_route=\/wp\/v2\/posts\/3120\/revisions\/11105"}],"wp:featuredmedia":[{"embeddable":true,"href":"https:\/\/www.creusonslabible.fr\/index.php?rest_route=\/wp\/v2\/media\/8736"}],"wp:attachment":[{"href":"https:\/\/www.creusonslabible.fr\/index.php?rest_route=%2Fwp%2Fv2%2Fmedia&parent=3120"}],"wp:term":[{"taxonomy":"category","embeddable":true,"href":"https:\/\/www.creusonslabible.fr\/index.php?rest_route=%2Fwp%2Fv2%2Fcategories&post=3120"},{"taxonomy":"post_tag","embeddable":true,"href":"https:\/\/www.creusonslabible.fr\/index.php?rest_route=%2Fwp%2Fv2%2Ftags&post=3120"},{"taxonomy":"video","embeddable":true,"href":"https:\/\/www.creusonslabible.fr\/index.php?rest_route=%2Fwp%2Fv2%2Fvideo&post=3120"},{"taxonomy":"audio","embeddable":true,"href":"https:\/\/www.creusonslabible.fr\/index.php?rest_route=%2Fwp%2Fv2%2Faudio&post=3120"},{"taxonomy":"ecrit","embeddable":true,"href":"https:\/\/www.creusonslabible.fr\/index.php?rest_route=%2Fwp%2Fv2%2Fecrit&post=3120"},{"taxonomy":"mis-en-avant","embeddable":true,"href":"https:\/\/www.creusonslabible.fr\/index.php?rest_route=%2Fwp%2Fv2%2Fmis-en-avant&post=3120"},{"taxonomy":"redacteur","embeddable":true,"href":"https:\/\/www.creusonslabible.fr\/index.php?rest_route=%2Fwp%2Fv2%2Fredacteur&post=3120"},{"taxonomy":"type-darticle","embeddable":true,"href":"https:\/\/www.creusonslabible.fr\/index.php?rest_route=%2Fwp%2Fv2%2Ftype-darticle&post=3120"}],"curies":[{"name":"wp","href":"https:\/\/api.w.org\/{rel}","templated":true}]}}