{"id":315,"date":"2012-07-05T17:27:33","date_gmt":"2012-07-05T17:27:33","guid":{"rendered":"http:\/\/elearning.gbu.fr\/?p=315"},"modified":"2026-02-24T17:32:09","modified_gmt":"2026-02-24T15:32:09","slug":"ecclesiaste","status":"publish","type":"post","link":"https:\/\/www.creusonslabible.fr\/?p=315","title":{"rendered":"Eccl\u00e9siaste"},"content":{"rendered":"<p>Survol de l&rsquo;Eccl\u00e9siaste par Sylvain Romerowski lors du congr\u00e8s GBU 2012<\/p>\n<h2><a href=\"http:\/\/elearning.gbu.fr\/audio\/Congres2012_Ecclesiaste\/Ecclesiaste.mp3\">Eccl\u00e9siaste<\/a><\/h2>\n<p>Pour \u00e9couter l&rsquo;audio, faire un clic sur le titre. Pour l&rsquo;enregistrer, faire clic droit et \u00ab enregistrer la cible du lien sous \u00bb<\/p>\n<p>\u00a0<\/p>\n<h4 class=\"wp-block-heading\">Les audio sont aussi disponibles sur Spotify !<\/h4>\n<p>\u00a0<\/p>\n<p>(Un compte est n\u00e9cessaire pour \u00e9couter en entier, mais il n\u2019y a pas besoin de prendre d\u2019abonnement payant.)<\/p>\n\n\n<figure class=\"wp-block-embed is-type-rich is-provider-spotify wp-block-embed-spotify wp-embed-aspect-21-9 wp-has-aspect-ratio\"><div class=\"wp-block-embed__wrapper\">\n<iframe title=\"Spotify Embed: \u00c9ph\u00e9siens : s\u2019\u00e9merveiller du plan de Dieu : 3\/3\" style=\"border-radius: 12px\" width=\"100%\" height=\"152\" frameborder=\"0\" allowfullscreen allow=\"autoplay; clipboard-write; encrypted-media; fullscreen; picture-in-picture\" loading=\"lazy\" src=\"https:\/\/open.spotify.com\/embed\/episode\/16TkKMTpq0byxOa6OjSRGu?si=7e8f3d9cd918498b&amp;utm_source=oembed\"><\/iframe>\n<\/div><\/figure>\n","protected":false},"excerpt":{"rendered":"<p>Survol de l&rsquo;Eccl\u00e9siaste par Sylvain Romerowski lors du congr\u00e8s GBU 2012 Eccl\u00e9siaste Pour \u00e9couter l&rsquo;audio, faire un clic sur le titre. Pour l&rsquo;enregistrer, faire clic droit et \u00ab enregistrer la cible du lien sous \u00bb \u00a0 Les audio sont aussi disponibles sur Spotify ! \u00a0 (Un compte est n\u00e9cessaire pour \u00e9couter en entier, mais il [&hellip;]<\/p>\n","protected":false},"author":2,"featured_media":2015,"comment_status":"open","ping_status":"open","sticky":false,"template":"","format":"standard","meta":{"_acf_changed":false,"_eb_attr":"","advgb_blocks_editor_width":"","advgb_blocks_columns_visual_guide":"","footnotes":""},"categories":[24],"tags":[698,657,277,331],"video":[],"audio":[],"ecrit":[],"mis-en-avant":[],"redacteur":[],"type-darticle":[],"class_list":["post-315","post","type-post","status-publish","format-standard","has-post-thumbnail","hentry","category-textes-bibliques-commentes","tag-698","tag-audio","tag-congres","tag-ecclesiaste"],"blocksy_meta":[],"acf":[],"featured_image_src":"https:\/\/www.creusonslabible.fr\/wp-content\/uploads\/2012\/07\/ccle-1.jpg","author_info":{"display_name":"caillou","author_link":"https:\/\/www.creusonslabible.fr\/?author=2"},"author_meta":{"display_name":"caillou","author_link":"https:\/\/www.creusonslabible.fr\/?author=2"},"featured_img":"https:\/\/www.creusonslabible.fr\/wp-content\/uploads\/2012\/07\/ccle-1.jpg","coauthors":[],"tax_additional":{"categories":{"linked":["<a href=\"https:\/\/www.creusonslabible.fr\/?cat=24\" class=\"advgb-post-tax-term\">Textes Bibliques comment\u00e9s<\/a>"],"unlinked":["<span class=\"advgb-post-tax-term\">Textes Bibliques comment\u00e9s<\/span>"]},"tags":{"linked":["<a href=\"https:\/\/www.creusonslabible.fr\/?cat=24\" class=\"advgb-post-tax-term\">2012<\/a>","<a href=\"https:\/\/www.creusonslabible.fr\/?cat=24\" class=\"advgb-post-tax-term\">audio<\/a>","<a href=\"https:\/\/www.creusonslabible.fr\/?cat=24\" class=\"advgb-post-tax-term\">congr\u00e8s<\/a>","<a href=\"https:\/\/www.creusonslabible.fr\/?cat=24\" class=\"advgb-post-tax-term\">Eccl\u00e9siaste<\/a>"],"unlinked":["<span class=\"advgb-post-tax-term\">2012<\/span>","<span class=\"advgb-post-tax-term\">audio<\/span>","<span class=\"advgb-post-tax-term\">congr\u00e8s<\/span>","<span class=\"advgb-post-tax-term\">Eccl\u00e9siaste<\/span>"]}},"comment_count":"0","relative_dates":{"created":"Publi\u00e9 14 ans il y a","modified":"Mis \u00e0 jour 2 mois il y a"},"absolute_dates":{"created":"Publi\u00e9 le 5 juillet 2012","modified":"Mise \u00e0 jour le 24 f\u00e9vrier 2026"},"absolute_dates_time":{"created":"Publi\u00e9 le 5 juillet 2012 17h27","modified":"Mise \u00e0 jour le 24 f\u00e9vrier 2026 17h32"},"featured_img_caption":"","series_order":"","meta_box":[],"_links":{"self":[{"href":"https:\/\/www.creusonslabible.fr\/index.php?rest_route=\/wp\/v2\/posts\/315","targetHints":{"allow":["GET"]}}],"collection":[{"href":"https:\/\/www.creusonslabible.fr\/index.php?rest_route=\/wp\/v2\/posts"}],"about":[{"href":"https:\/\/www.creusonslabible.fr\/index.php?rest_route=\/wp\/v2\/types\/post"}],"author":[{"embeddable":true,"href":"https:\/\/www.creusonslabible.fr\/index.php?rest_route=\/wp\/v2\/users\/2"}],"replies":[{"embeddable":true,"href":"https:\/\/www.creusonslabible.fr\/index.php?rest_route=%2Fwp%2Fv2%2Fcomments&post=315"}],"version-history":[{"count":2,"href":"https:\/\/www.creusonslabible.fr\/index.php?rest_route=\/wp\/v2\/posts\/315\/revisions"}],"predecessor-version":[{"id":12225,"href":"https:\/\/www.creusonslabible.fr\/index.php?rest_route=\/wp\/v2\/posts\/315\/revisions\/12225"}],"wp:featuredmedia":[{"embeddable":true,"href":"https:\/\/www.creusonslabible.fr\/index.php?rest_route=\/wp\/v2\/media\/2015"}],"wp:attachment":[{"href":"https:\/\/www.creusonslabible.fr\/index.php?rest_route=%2Fwp%2Fv2%2Fmedia&parent=315"}],"wp:term":[{"taxonomy":"category","embeddable":true,"href":"https:\/\/www.creusonslabible.fr\/index.php?rest_route=%2Fwp%2Fv2%2Fcategories&post=315"},{"taxonomy":"post_tag","embeddable":true,"href":"https:\/\/www.creusonslabible.fr\/index.php?rest_route=%2Fwp%2Fv2%2Ftags&post=315"},{"taxonomy":"video","embeddable":true,"href":"https:\/\/www.creusonslabible.fr\/index.php?rest_route=%2Fwp%2Fv2%2Fvideo&post=315"},{"taxonomy":"audio","embeddable":true,"href":"https:\/\/www.creusonslabible.fr\/index.php?rest_route=%2Fwp%2Fv2%2Faudio&post=315"},{"taxonomy":"ecrit","embeddable":true,"href":"https:\/\/www.creusonslabible.fr\/index.php?rest_route=%2Fwp%2Fv2%2Fecrit&post=315"},{"taxonomy":"mis-en-avant","embeddable":true,"href":"https:\/\/www.creusonslabible.fr\/index.php?rest_route=%2Fwp%2Fv2%2Fmis-en-avant&post=315"},{"taxonomy":"redacteur","embeddable":true,"href":"https:\/\/www.creusonslabible.fr\/index.php?rest_route=%2Fwp%2Fv2%2Fredacteur&post=315"},{"taxonomy":"type-darticle","embeddable":true,"href":"https:\/\/www.creusonslabible.fr\/index.php?rest_route=%2Fwp%2Fv2%2Ftype-darticle&post=315"}],"curies":[{"name":"wp","href":"https:\/\/api.w.org\/{rel}","templated":true}]}}