{"id":3160,"date":"2015-03-13T14:05:37","date_gmt":"2015-03-13T14:05:37","guid":{"rendered":"http:\/\/www.creusonslabible.fr\/?p=3160"},"modified":"2025-01-24T12:14:32","modified_gmt":"2025-01-24T10:14:32","slug":"genese-48-et-49-1-28-benedictions-finales","status":"publish","type":"post","link":"https:\/\/www.creusonslabible.fr\/?p=3160","title":{"rendered":"Gen\u00e8se 48 et 49.1-28\u00a0: B\u00e9n\u00e9dictions finales"},"content":{"rendered":"<p align=\"LEFT\"><b>Gen\u00e8se 48 (lecture)<\/b><\/p>\n<p align=\"LEFT\"><span style=\"text-decoration: underline;\">Observation\u00a0: <\/span>Raconter (rapidement) l&rsquo;histoire du point de vue de Joseph<\/p>\n<p align=\"LEFT\"><span style=\"text-decoration: underline;\">1) L&rsquo;adoption<\/span> <i>[le titre est juste pour vous, ne le dites pas!]<\/i><\/p>\n<p align=\"LEFT\">&#8211; A quel \u00e9v\u00e9nement assistons nous ici\u00a0?<i> <\/i><span style=\"font-size: small;\"><i>L&rsquo;adoption d&rsquo;Ephra\u00efm et Manass\u00e9 par Jacob<\/i><\/span><\/p>\n<p align=\"LEFT\"><span style=\"font-size: small;\"><i>[Note pour vous\u00a0: Ephra\u00efm et Manass\u00e9 font donc parti des 12 tribus d&rsquo;Isra\u00ebl (par contre il n&rsquo;y a pas de tribu de Joseph. Officiellement le compte est toujours de 12 car la tribu de L\u00e9vi est une tribu \u00e0 part qui n&rsquo;aura pas de territoire]<\/i><\/span><\/p>\n<p align=\"LEFT\">&#8211; Quelles en sont les cons\u00e9quences pour Joseph\u00a0?<span style=\"font-size: small;\"><i> Il a une double part de l&rsquo;h\u00e9ritage (v22), c&rsquo;est-\u00e0-dire qu&rsquo;il devient l&rsquo;a\u00een\u00e9. Si besoin est lire 1 Chroniques 5.2<\/i><\/span><\/p>\n<p align=\"LEFT\">&#8211; Pourquoi, \u00e0 votre avis, Jacob parle de Rachel au v 7\u00a0? <span style=\"font-size: small;\"><i>Sans doute car c&rsquo;est aussi par amour pour Rachel, morte tr\u00e8s t\u00f4t qu&rsquo;il adopte les fils de Joseph (ils ajoutent \u00e0 la descendance de Rachel)<\/i><\/span><\/p>\n<p align=\"LEFT\"><span style=\"text-decoration: underline;\">2) Jacob<\/span><\/p>\n<p align=\"LEFT\">&#8211; Que nous dit le texte de Jacob\u00a0? Dans quel \u00e9tat est-il\u00a0?<\/p>\n<p align=\"LEFT\">&#8211; Que dit-il de Dieu\u00a0? (principalement dans la b\u00e9n\u00e9diction des v 15-16).<\/p>\n<p align=\"LEFT\">Connaissant Jacob et son histoire, pourquoi ce qu&rsquo;il dit l\u00e0 de Dieu est touchant\u00a0? <span style=\"font-size: small;\"><i>Il r\u00e9alise que Dieu l&rsquo;a toujours prot\u00e9g\u00e9 et d\u00e9livr\u00e9 malgr\u00e9 sa vie difficile et son incr\u00e9dulit\u00e9.<\/i><\/span><\/p>\n<p align=\"LEFT\">&#8211; Comparez les b\u00e9n\u00e9dictions des v 15-16 au rappel de la promesse v 4 que remarquez-vous\u00a0?<\/p>\n<p align=\"LEFT\">Qu&rsquo;est-ce que cela nous dit sur l&rsquo;homme qu&rsquo;est devenu Jacob\u00a0? <span style=\"font-size: small;\"><i>Les paroles de la b\u00e9n\u00e9diction reprennent les paroles de la promesse. Jacob a int\u00e9gr\u00e9 la promesse et il demande \u00e0 Dieu ce qu&rsquo;il sait que Dieu veut r\u00e9aliser. Il est vraiment devenu un homme de Dieu<\/i><\/span><i>.<\/i><\/p>\n<p align=\"LEFT\">&#8211; Quel est \u00ab\u00a0l&rsquo;incident\u00a0\u00bb de la b\u00e9n\u00e9diction\u00a0? <span style=\"font-size: small;\"><i>Jacob met Ephra\u00efm \u00e0 la place de l&rsquo;a\u00een\u00e9.<\/i><\/span><i> <\/i><\/p>\n<p align=\"LEFT\">En quoi la r\u00e9ponse de Jacob \u00e0 Joseph au v 19 montre que Jacob est un homme de Dieu\u00a0? <span style=\"font-size: small;\"><i>Il est s\u00fbr de lui car il sait ce qui est juste devant Dieu. C&rsquo;est impressionnant la paix qui \u00e9mane de lui quand on sait la vie qu&rsquo;il a men\u00e9.<\/i><\/span><\/p>\n<p align=\"LEFT\"><b>Gen\u00e8se 49.1-28\u00a0(ne lisez pas)<\/b><\/p>\n<p align=\"LEFT\"><b>Observation<\/b>\u00a0: Remplissez le tableau en cochant les colonnes concern\u00e9es (lisez le texte chacun pour vous \u00e0 cette occasion)<\/p>\n<table style=\"width: 100%;\" border=\"1\" cellspacing=\"0\" cellpadding=\"4\">\n<colgroup>\n<col width=\"45*\" \/>\n<col width=\"68*\" \/>\n<col width=\"79*\" \/>\n<col width=\"64*\" \/> <\/colgroup>\n<tbody>\n<tr valign=\"TOP\">\n<td width=\"18%\">\n<p align=\"LEFT\"><span style=\"font-size: small;\">Enfants<\/span><\/p>\n<\/td>\n<td width=\"26%\">\n<p align=\"LEFT\"><span style=\"font-size: small;\">R\u00e9f\u00e9rence aux actes pass\u00e9s<\/span><\/p>\n<\/td>\n<td width=\"31%\">\n<p align=\"LEFT\"><span style=\"font-size: small;\">R\u00e9f\u00e9rence \u00e0 la guerre, le combat<\/span><\/p>\n<\/td>\n<td width=\"25%\">\n<p align=\"LEFT\"><span style=\"font-size: small;\">R\u00e9f\u00e9rence \u00e0 la prosp\u00e9rit\u00e9<\/span><\/p>\n<\/td>\n<\/tr>\n<tr valign=\"TOP\">\n<td width=\"18%\">\n<p align=\"LEFT\"><span style=\"font-size: small;\">Ruben<\/span><\/p>\n<\/td>\n<td width=\"26%\">\n<p align=\"CENTER\">X<\/p>\n<\/td>\n<td width=\"31%\"><\/td>\n<td width=\"25%\"><\/td>\n<\/tr>\n<tr valign=\"TOP\">\n<td width=\"18%\">\n<p align=\"LEFT\"><span style=\"font-size: small;\">Sim\u00e9on et L\u00e9vi<\/span><\/p>\n<\/td>\n<td width=\"26%\">\n<p align=\"CENTER\">X<\/p>\n<\/td>\n<td width=\"31%\"><\/td>\n<td width=\"25%\"><\/td>\n<\/tr>\n<tr valign=\"TOP\">\n<td width=\"18%\">\n<p align=\"LEFT\"><span style=\"font-size: small;\">Juda<\/span><\/p>\n<\/td>\n<td width=\"26%\"><\/td>\n<td width=\"31%\">\n<p align=\"CENTER\">X<\/p>\n<\/td>\n<td width=\"25%\">\n<p align=\"CENTER\">X<\/p>\n<\/td>\n<\/tr>\n<tr valign=\"TOP\">\n<td width=\"18%\">\n<p align=\"LEFT\"><span style=\"font-size: small;\">Zabulon<\/span><\/p>\n<\/td>\n<td width=\"26%\"><\/td>\n<td width=\"31%\"><\/td>\n<td width=\"25%\">\n<p align=\"CENTER\">X<\/p>\n<\/td>\n<\/tr>\n<tr valign=\"TOP\">\n<td width=\"18%\">\n<p align=\"LEFT\"><span style=\"font-size: small;\">Issacar<\/span><\/p>\n<\/td>\n<td width=\"26%\"><\/td>\n<td width=\"31%\"><\/td>\n<td width=\"25%\">\n<p align=\"CENTER\">X<\/p>\n<\/td>\n<\/tr>\n<tr valign=\"TOP\">\n<td width=\"18%\">\n<p align=\"LEFT\"><span style=\"font-size: small;\">Dan<\/span><\/p>\n<\/td>\n<td width=\"26%\"><\/td>\n<td width=\"31%\">\n<p align=\"CENTER\">X<\/p>\n<\/td>\n<td width=\"25%\"><\/td>\n<\/tr>\n<tr valign=\"TOP\">\n<td width=\"18%\">\n<p align=\"LEFT\"><span style=\"font-size: small;\">Gad<\/span><\/p>\n<\/td>\n<td width=\"26%\"><\/td>\n<td width=\"31%\">\n<p align=\"CENTER\">X<\/p>\n<\/td>\n<td width=\"25%\"><\/td>\n<\/tr>\n<tr valign=\"TOP\">\n<td width=\"18%\">\n<p align=\"LEFT\"><span style=\"font-size: small;\">Aser<\/span><\/p>\n<\/td>\n<td width=\"26%\"><\/td>\n<td width=\"31%\"><\/td>\n<td width=\"25%\">\n<p align=\"CENTER\">X<\/p>\n<\/td>\n<\/tr>\n<tr valign=\"TOP\">\n<td width=\"18%\">\n<p align=\"LEFT\"><span style=\"font-size: small;\">Nephtali<\/span><\/p>\n<\/td>\n<td width=\"26%\"><\/td>\n<td width=\"31%\"><\/td>\n<td width=\"25%\">\n<p align=\"CENTER\">X<\/p>\n<\/td>\n<\/tr>\n<tr valign=\"TOP\">\n<td width=\"18%\">\n<p align=\"LEFT\"><span style=\"font-size: small;\">Joseph<\/span><\/p>\n<\/td>\n<td width=\"26%\"><\/td>\n<td width=\"31%\">\n<p align=\"CENTER\">X<\/p>\n<\/td>\n<td width=\"25%\">\n<p align=\"CENTER\">X<\/p>\n<\/td>\n<\/tr>\n<tr valign=\"TOP\">\n<td width=\"18%\">\n<p align=\"LEFT\"><span style=\"font-size: small;\">Benjamin<\/span><\/p>\n<\/td>\n<td width=\"26%\"><\/td>\n<td width=\"31%\">\n<p align=\"CENTER\">X<\/p>\n<\/td>\n<td width=\"25%\"><\/td>\n<\/tr>\n<\/tbody>\n<\/table>\n<p align=\"LEFT\">Quelles sont les fr\u00e8res qui sortent du lots\u00a0? (en bien ou en mal)\u00a0?<i> <\/i><span style=\"font-size: small;\"><i>Ruben, Sim\u00e9on et L\u00e9vi puis Juda et Joseph<\/i><\/span><\/p>\n<p align=\"LEFT\"><span style=\"text-decoration: underline;\">1) Ruben, Sim\u00e9on et L\u00e9vi<\/span><\/p>\n<p align=\"LEFT\">* S\u00e9parer le groupe en deux. Une moiti\u00e9e travaillera sur Ruben, le autres sur Sim\u00e9on et L\u00e9vi.<\/p>\n<p align=\"LEFT\">a- Ruben &#8211; Lire Gen\u00e8se 35.16-22\u00a0: Quel est le p\u00e9ch\u00e9 de Ruben. Pourquoi fait-il cela\u00a0?<i> <\/i><span style=\"font-size: small;\"><i>[Il est sans aucun doute plus question de pouvoir que de sexe ici, Ruben profite que son p\u00e8re soit affaibli pour coucher avec une de ses femmes et montrer ainsi qu&rsquo;il est l&rsquo;\u00e9gal de son p\u00e8re]<\/i><\/span><\/p>\n<p align=\"LEFT\">b- Sim\u00e9on et L\u00e9vi &#8211; Lire Gen\u00e8se 34.1-5, 13-17 puis 25-29\u00a0: Quel est le p\u00e9ch\u00e9 de Sim\u00e9on et L\u00e9vi. Pourquoi font-ils cela\u00a0?<\/p>\n<p align=\"LEFT\">* Reprise ensemble.<\/p>\n<p align=\"LEFT\">Pour Jacob, quelle est la cons\u00e9quence de leurs mauvais actes pass\u00e9s\u00a0? <span style=\"font-size: small;\"><i>Ils ne sont pas b\u00e9nis et surtout ils ne seront pas les a\u00een\u00e9s.<\/i><\/span><\/p>\n<p align=\"LEFT\">A votre avis, \u00e0 quoi servent ces proph\u00e9ties pour ces 3 l\u00e0\u00a0? <span style=\"font-size: small;\"><i>Ils apprennent la le\u00e7on que les actes ont des cons\u00e9quences sur l&rsquo;avenir. Cela pr\u00e9vient les g\u00e9n\u00e9ration suivantes.<\/i><\/span><\/p>\n<p align=\"LEFT\">[ Si vous avez le temps (et je pense que c&rsquo;est faisable) \u2013 Lisez Gen\u00e8se 38.6-26\u00a0:Pourquoi disputer les trois a\u00een\u00e9s et pas Juda qui a pourtant p\u00e9ch\u00e9 aussi\u00a0<i>? <\/i><span style=\"font-size: small;\"><i>Il a p\u00e9ch\u00e9 mais v26 il se repent <\/i><\/span><i>]<\/i><\/p>\n<p align=\"LEFT\"><span style=\"text-decoration: underline;\">2) Juda et Joseph<\/span><\/p>\n<p align=\"LEFT\">* Quels sont les points communs dans les b\u00e9n\u00e9dictions de Juda et de Joseph\u00a0?<\/p>\n<p align=\"LEFT\"><span style=\"font-size: small;\"><i>Les deux seront prosp\u00e8res (v11-12 pour Juda et 26 pour Joseph)<\/i><\/span><\/p>\n<p align=\"LEFT\"><span style=\"font-size: small;\"><i>Les deux ont autorit\u00e9s sur leurs fr\u00e8res (v8-9 pour Juda et v 26 Joseph est \u00ab\u00a0prince\u00a0\u00bb de ses fr\u00e8res ou \u00ab\u00a0consacr\u00e9 parmi ses fr\u00e8res\u00a0\u00bb)<\/i><\/span><\/p>\n<p align=\"LEFT\">Pourquoi ces points communs \u00e0 votre avis\u00a0? <i>Ils sont les deux a\u00een\u00e9s (cf. (encore) 1 Chroniques 5.2)<\/i><\/p>\n<p align=\"LEFT\">* Quelles sont les diff\u00e9rences\u00a0?<\/p>\n<p align=\"LEFT\"><span style=\"font-size: small;\"><i>Juda et ses descendants auront le sceptre, la royaut\u00e9, il n&rsquo;en est pas question pour Joseph<\/i><\/span><\/p>\n<p align=\"LEFT\"><span style=\"font-size: small;\"><i>Pour Joseph on parle du fait qu&rsquo;il tiendra bon face \u00e0 ceux qui veulent le tuer.<\/i> <\/span><\/p>\n<p align=\"LEFT\">Dans quelle mesure cela s&rsquo;est d\u00e9j\u00e0 r\u00e9alis\u00e9\u00a0? <span style=\"font-size: small;\"><i>C&rsquo;est ce qui s&rsquo;est pass\u00e9 avec ses fr\u00e8res.<\/i><\/span><\/p>\n<p align=\"LEFT\">Pourquoi, ici ne se pose pas la question de qui sera l&rsquo;h\u00e9ritier de la promesse\u00a0? <span style=\"font-size: small;\"><i>Ils le seront tous, ils sont, tous ensemble la nation, le peuple de Dieu.<\/i><\/span><\/p>\n<p align=\"LEFT\"><span style=\"text-decoration: underline;\">R\u00e9sum\u00e9\u00a0:<\/span><\/p>\n<p align=\"LEFT\">Qu&rsquo;est-ce qui se d\u00e9gage de la personne de Jacob dans ces deux chapitres\u00a0?<\/p>\n<p align=\"LEFT\">Comment ce qu&rsquo;il a appris de Dieu durant sa vie l&rsquo;aide \u00e0 pr\u00e9parer son d\u00e9part\u00a0? (vous pouvez prendre des exemples pr\u00e9cis dans le texte).<\/p>\n<p align=\"LEFT\">Nous ne sommes pas sur le point de mourir et nous n&rsquo;avons pas le recul sur notre vie que Jacob avait sur la sienne. Mais \u00e0 notre \u00e9chelle essayons de r\u00e9fl\u00e9chir\u00a0:<\/p>\n<p align=\"LEFT\">&#8211; Qu&rsquo;est-ce qui motive nos actions dans le quotidien\u00a0? (pensez aux 2-3 derni\u00e8res d\u00e9cisions que vous avez prises, qu&rsquo;est-ce qui a \u00e9t\u00e9 d\u00e9cisif dans le choix?)<\/p>\n<p align=\"LEFT\">&#8211; Comment faire des promesses et des directives de Dieu le moteur de nos actions et de nos pri\u00e8res\u00a0?<\/p>\n","protected":false},"excerpt":{"rendered":"<p>Gen\u00e8se 48 (lecture) Observation\u00a0: Raconter (rapidement) l&rsquo;histoire du point de vue de Joseph 1) L&rsquo;adoption [le titre est juste pour vous, ne le dites pas!] &#8211; A quel \u00e9v\u00e9nement assistons nous ici\u00a0? L&rsquo;adoption d&rsquo;Ephra\u00efm et Manass\u00e9 par Jacob [Note pour vous\u00a0: Ephra\u00efm et Manass\u00e9 font donc parti des 12 tribus d&rsquo;Isra\u00ebl (par contre il n&rsquo;y [&hellip;]<\/p>\n","protected":false},"author":4,"featured_media":0,"comment_status":"open","ping_status":"closed","sticky":false,"template":"","format":"standard","meta":{"_acf_changed":false,"_eb_attr":"","advgb_blocks_editor_width":"","advgb_blocks_columns_visual_guide":"","footnotes":""},"categories":[10,21],"tags":[170,651,284,300],"video":[],"audio":[],"ecrit":[],"mis-en-avant":[],"redacteur":[],"type-darticle":[],"class_list":["post-3160","post","type-post","status-publish","format-standard","hentry","category-discussions-autour-de-la-bible","category-la-bible","tag-ancien-testament","tag-ecrit","tag-genese","tag-jacob"],"blocksy_meta":[],"acf":[],"featured_image_src":null,"author_info":{"display_name":"Marion","author_link":"https:\/\/www.creusonslabible.fr\/?author=4"},"author_meta":{"display_name":"Marion","author_link":"https:\/\/www.creusonslabible.fr\/?author=4"},"featured_img":null,"coauthors":[],"tax_additional":{"categories":{"linked":["<a href=\"https:\/\/www.creusonslabible.fr\/?cat=10\" class=\"advgb-post-tax-term\">Discussions autour de la Bible<\/a>","<a href=\"https:\/\/www.creusonslabible.fr\/?cat=21\" class=\"advgb-post-tax-term\">La Bible<\/a>"],"unlinked":["<span class=\"advgb-post-tax-term\">Discussions autour de la Bible<\/span>","<span class=\"advgb-post-tax-term\">La Bible<\/span>"]},"tags":{"linked":["<a href=\"https:\/\/www.creusonslabible.fr\/?cat=21\" class=\"advgb-post-tax-term\">Ancien-Testament<\/a>","<a href=\"https:\/\/www.creusonslabible.fr\/?cat=21\" class=\"advgb-post-tax-term\">\u00e9crit<\/a>","<a href=\"https:\/\/www.creusonslabible.fr\/?cat=21\" class=\"advgb-post-tax-term\">gen\u00e8se<\/a>","<a href=\"https:\/\/www.creusonslabible.fr\/?cat=21\" class=\"advgb-post-tax-term\">Jacob<\/a>"],"unlinked":["<span class=\"advgb-post-tax-term\">Ancien-Testament<\/span>","<span class=\"advgb-post-tax-term\">\u00e9crit<\/span>","<span class=\"advgb-post-tax-term\">gen\u00e8se<\/span>","<span class=\"advgb-post-tax-term\">Jacob<\/span>"]}},"comment_count":"0","relative_dates":{"created":"Publi\u00e9 11 ans il y a","modified":"Mis \u00e0 jour 1 an il y a"},"absolute_dates":{"created":"Publi\u00e9 le 13 mars 2015","modified":"Mise \u00e0 jour le 24 janvier 2025"},"absolute_dates_time":{"created":"Publi\u00e9 le 13 mars 2015 14h05","modified":"Mise \u00e0 jour le 24 janvier 2025 12h14"},"featured_img_caption":"","series_order":"","meta_box":[],"_links":{"self":[{"href":"https:\/\/www.creusonslabible.fr\/index.php?rest_route=\/wp\/v2\/posts\/3160","targetHints":{"allow":["GET"]}}],"collection":[{"href":"https:\/\/www.creusonslabible.fr\/index.php?rest_route=\/wp\/v2\/posts"}],"about":[{"href":"https:\/\/www.creusonslabible.fr\/index.php?rest_route=\/wp\/v2\/types\/post"}],"author":[{"embeddable":true,"href":"https:\/\/www.creusonslabible.fr\/index.php?rest_route=\/wp\/v2\/users\/4"}],"replies":[{"embeddable":true,"href":"https:\/\/www.creusonslabible.fr\/index.php?rest_route=%2Fwp%2Fv2%2Fcomments&post=3160"}],"version-history":[{"count":1,"href":"https:\/\/www.creusonslabible.fr\/index.php?rest_route=\/wp\/v2\/posts\/3160\/revisions"}],"predecessor-version":[{"id":11133,"href":"https:\/\/www.creusonslabible.fr\/index.php?rest_route=\/wp\/v2\/posts\/3160\/revisions\/11133"}],"wp:attachment":[{"href":"https:\/\/www.creusonslabible.fr\/index.php?rest_route=%2Fwp%2Fv2%2Fmedia&parent=3160"}],"wp:term":[{"taxonomy":"category","embeddable":true,"href":"https:\/\/www.creusonslabible.fr\/index.php?rest_route=%2Fwp%2Fv2%2Fcategories&post=3160"},{"taxonomy":"post_tag","embeddable":true,"href":"https:\/\/www.creusonslabible.fr\/index.php?rest_route=%2Fwp%2Fv2%2Ftags&post=3160"},{"taxonomy":"video","embeddable":true,"href":"https:\/\/www.creusonslabible.fr\/index.php?rest_route=%2Fwp%2Fv2%2Fvideo&post=3160"},{"taxonomy":"audio","embeddable":true,"href":"https:\/\/www.creusonslabible.fr\/index.php?rest_route=%2Fwp%2Fv2%2Faudio&post=3160"},{"taxonomy":"ecrit","embeddable":true,"href":"https:\/\/www.creusonslabible.fr\/index.php?rest_route=%2Fwp%2Fv2%2Fecrit&post=3160"},{"taxonomy":"mis-en-avant","embeddable":true,"href":"https:\/\/www.creusonslabible.fr\/index.php?rest_route=%2Fwp%2Fv2%2Fmis-en-avant&post=3160"},{"taxonomy":"redacteur","embeddable":true,"href":"https:\/\/www.creusonslabible.fr\/index.php?rest_route=%2Fwp%2Fv2%2Fredacteur&post=3160"},{"taxonomy":"type-darticle","embeddable":true,"href":"https:\/\/www.creusonslabible.fr\/index.php?rest_route=%2Fwp%2Fv2%2Ftype-darticle&post=3160"}],"curies":[{"name":"wp","href":"https:\/\/api.w.org\/{rel}","templated":true}]}}