{"id":3184,"date":"2015-08-31T04:00:11","date_gmt":"2015-08-31T04:00:11","guid":{"rendered":"http:\/\/www.creusonslabible.fr\/?p=3184"},"modified":"2025-01-24T13:13:46","modified_gmt":"2025-01-24T11:13:46","slug":"matthieu-5-7-le-discours-dun-roi","status":"publish","type":"post","link":"https:\/\/www.creusonslabible.fr\/?p=3184","title":{"rendered":"Matthieu 5-7 : Le discours d&rsquo;un roi"},"content":{"rendered":"\n<h2 class=\"wp-block-heading\">Interventions donn\u00e9es par Paul King lors du camp \u00c0 Fond La Form&rsquo; en juin 2015<\/h2>\n\n\n\n<h2 class=\"wp-block-heading\"><a href=\"http:\/\/elearning.gbu.fr\/audio\/AFLF2015%20Sermon%20sur%20la%20montagne\/Sermon%20sur%20la%20montagne%201.mp3\">Sermon sur la montagne, expos\u00e9 n\u00b01<\/a><\/h2>\n\n\n\n<figure class=\"wp-block-audio\"><audio controls src=\"http:\/\/elearning.gbu.fr\/audio\/AFLF2015%20Sermon%20sur%20la%20montagne\/Sermon%20sur%20la%20montagne%201.mp3\"><\/audio><\/figure>\n\n\n\n<h2 class=\"wp-block-heading\"><a href=\"http:\/\/elearning.gbu.fr\/audio\/AFLF2015%20Sermon%20sur%20la%20montagne\/Sermon%20sur%20la%20montagne%202.mp3\">Sermon sur la montagne, expos\u00e9 n\u00b02<\/a><\/h2>\n\n\n\n<figure class=\"wp-block-audio\"><audio controls src=\"http:\/\/elearning.gbu.fr\/audio\/AFLF2015%20Sermon%20sur%20la%20montagne\/Sermon%20sur%20la%20montagne%202.mp3\"><\/audio><\/figure>\n\n\n\n<h2 class=\"wp-block-heading\"><a href=\"http:\/\/elearning.gbu.fr\/audio\/AFLF2015%20Sermon%20sur%20la%20montagne\/Sermon%20sur%20la%20montagne%203.mp3\">Sermon sur la montagne, expos\u00e9 n\u00b03<\/a><\/h2>\n\n\n\n<figure class=\"wp-block-audio\"><audio controls src=\"http:\/\/elearning.gbu.fr\/audio\/AFLF2015%20Sermon%20sur%20la%20montagne\/Sermon%20sur%20la%20montagne%203.mp3\"><\/audio><\/figure>\n\n\n\n<h2 class=\"wp-block-heading\"><a href=\"http:\/\/elearning.gbu.fr\/audio\/AFLF2015%20Sermon%20sur%20la%20montagne\/Sermon%20sur%20la%20montagne%204.mp3\">Sermon sur la montagne, expos\u00e9 n\u00b04<\/a><\/h2>\n\n\n\n<figure class=\"wp-block-audio\"><audio controls src=\"http:\/\/elearning.gbu.fr\/audio\/AFLF2015%20Sermon%20sur%20la%20montagne\/Sermon%20sur%20la%20montagne%204.mp3\"><\/audio><\/figure>\n\n\n\n<h2 class=\"wp-block-heading\"><a href=\"http:\/\/elearning.gbu.fr\/audio\/AFLF2015%20Sermon%20sur%20la%20montagne\/Sermon%20sur%20la%20montagne%205.mp3\">Sermon sur la montagne, expos\u00e9 n\u00b05<\/a><\/h2>\n\n\n\n<figure class=\"wp-block-audio\"><audio controls src=\"http:\/\/elearning.gbu.fr\/audio\/AFLF2015%20Sermon%20sur%20la%20montagne\/Sermon%20sur%20la%20montagne%205.mp3\"><\/audio><\/figure>\n\n\n\n<p><\/p>\n","protected":false},"excerpt":{"rendered":"<p>Interventions donn\u00e9es par Paul King lors du camp \u00c0 Fond La Form&rsquo; en juin 2015 Sermon sur la montagne, expos\u00e9 n\u00b01 Sermon sur la montagne, expos\u00e9 n\u00b02 Sermon sur la montagne, expos\u00e9 n\u00b03 Sermon sur la montagne, expos\u00e9 n\u00b04 Sermon sur la montagne, expos\u00e9 n\u00b05<\/p>\n","protected":false},"author":3,"featured_media":864,"comment_status":"open","ping_status":"closed","sticky":false,"template":"","format":"standard","meta":{"_acf_changed":false,"_eb_attr":"","advgb_blocks_editor_width":"","advgb_blocks_columns_visual_guide":"","footnotes":""},"categories":[39,1,24],"tags":[381,657,64,408,951,820,35],"video":[],"audio":[],"ecrit":[],"mis-en-avant":[],"redacteur":[],"type-darticle":[],"class_list":["post-3184","post","type-post","status-publish","format-standard","has-post-thumbnail","hentry","category-la-vie-chretienne","category-non-classe","category-textes-bibliques-commentes","tag-aflf","tag-audio","tag-jesus","tag-matthieu","tag-paul-king","tag-roi","tag-sermon-sur-la-montagne"],"blocksy_meta":[],"acf":[],"featured_image_src":"https:\/\/www.creusonslabible.fr\/wp-content\/uploads\/2012\/07\/audio-1.jpg","author_info":{"display_name":"Yoh","author_link":"https:\/\/www.creusonslabible.fr\/?author=3"},"author_meta":{"display_name":"Yoh","author_link":"https:\/\/www.creusonslabible.fr\/?author=3"},"featured_img":"https:\/\/www.creusonslabible.fr\/wp-content\/uploads\/2012\/07\/audio-1.jpg","coauthors":[],"tax_additional":{"categories":{"linked":["<a href=\"https:\/\/www.creusonslabible.fr\/?cat=39\" class=\"advgb-post-tax-term\">La vie chr\u00e9tienne<\/a>","<a href=\"https:\/\/www.creusonslabible.fr\/?cat=1\" class=\"advgb-post-tax-term\">Non class\u00e9<\/a>","<a href=\"https:\/\/www.creusonslabible.fr\/?cat=24\" class=\"advgb-post-tax-term\">Textes Bibliques comment\u00e9s<\/a>"],"unlinked":["<span class=\"advgb-post-tax-term\">La vie chr\u00e9tienne<\/span>","<span class=\"advgb-post-tax-term\">Non class\u00e9<\/span>","<span class=\"advgb-post-tax-term\">Textes Bibliques comment\u00e9s<\/span>"]},"tags":{"linked":["<a href=\"https:\/\/www.creusonslabible.fr\/?cat=24\" class=\"advgb-post-tax-term\">AFLF<\/a>","<a href=\"https:\/\/www.creusonslabible.fr\/?cat=24\" class=\"advgb-post-tax-term\">audio<\/a>","<a href=\"https:\/\/www.creusonslabible.fr\/?cat=24\" class=\"advgb-post-tax-term\">J\u00e9sus<\/a>","<a href=\"https:\/\/www.creusonslabible.fr\/?cat=24\" class=\"advgb-post-tax-term\">Matthieu<\/a>","<a href=\"https:\/\/www.creusonslabible.fr\/?cat=24\" class=\"advgb-post-tax-term\">Paul King<\/a>","<a href=\"https:\/\/www.creusonslabible.fr\/?cat=24\" class=\"advgb-post-tax-term\">roi<\/a>","<a href=\"https:\/\/www.creusonslabible.fr\/?cat=24\" class=\"advgb-post-tax-term\">Sermon sur la montagne<\/a>"],"unlinked":["<span class=\"advgb-post-tax-term\">AFLF<\/span>","<span class=\"advgb-post-tax-term\">audio<\/span>","<span class=\"advgb-post-tax-term\">J\u00e9sus<\/span>","<span class=\"advgb-post-tax-term\">Matthieu<\/span>","<span class=\"advgb-post-tax-term\">Paul King<\/span>","<span class=\"advgb-post-tax-term\">roi<\/span>","<span class=\"advgb-post-tax-term\">Sermon sur la montagne<\/span>"]}},"comment_count":"0","relative_dates":{"created":"Publi\u00e9 11 ans il y a","modified":"Mis \u00e0 jour 1 an il y a"},"absolute_dates":{"created":"Publi\u00e9 le 31 ao\u00fbt 2015","modified":"Mise \u00e0 jour le 24 janvier 2025"},"absolute_dates_time":{"created":"Publi\u00e9 le 31 ao\u00fbt 2015 4h00","modified":"Mise \u00e0 jour le 24 janvier 2025 13h13"},"featured_img_caption":"","series_order":"","meta_box":[],"_links":{"self":[{"href":"https:\/\/www.creusonslabible.fr\/index.php?rest_route=\/wp\/v2\/posts\/3184","targetHints":{"allow":["GET"]}}],"collection":[{"href":"https:\/\/www.creusonslabible.fr\/index.php?rest_route=\/wp\/v2\/posts"}],"about":[{"href":"https:\/\/www.creusonslabible.fr\/index.php?rest_route=\/wp\/v2\/types\/post"}],"author":[{"embeddable":true,"href":"https:\/\/www.creusonslabible.fr\/index.php?rest_route=\/wp\/v2\/users\/3"}],"replies":[{"embeddable":true,"href":"https:\/\/www.creusonslabible.fr\/index.php?rest_route=%2Fwp%2Fv2%2Fcomments&post=3184"}],"version-history":[{"count":3,"href":"https:\/\/www.creusonslabible.fr\/index.php?rest_route=\/wp\/v2\/posts\/3184\/revisions"}],"predecessor-version":[{"id":12553,"href":"https:\/\/www.creusonslabible.fr\/index.php?rest_route=\/wp\/v2\/posts\/3184\/revisions\/12553"}],"wp:featuredmedia":[{"embeddable":true,"href":"https:\/\/www.creusonslabible.fr\/index.php?rest_route=\/wp\/v2\/media\/864"}],"wp:attachment":[{"href":"https:\/\/www.creusonslabible.fr\/index.php?rest_route=%2Fwp%2Fv2%2Fmedia&parent=3184"}],"wp:term":[{"taxonomy":"category","embeddable":true,"href":"https:\/\/www.creusonslabible.fr\/index.php?rest_route=%2Fwp%2Fv2%2Fcategories&post=3184"},{"taxonomy":"post_tag","embeddable":true,"href":"https:\/\/www.creusonslabible.fr\/index.php?rest_route=%2Fwp%2Fv2%2Ftags&post=3184"},{"taxonomy":"video","embeddable":true,"href":"https:\/\/www.creusonslabible.fr\/index.php?rest_route=%2Fwp%2Fv2%2Fvideo&post=3184"},{"taxonomy":"audio","embeddable":true,"href":"https:\/\/www.creusonslabible.fr\/index.php?rest_route=%2Fwp%2Fv2%2Faudio&post=3184"},{"taxonomy":"ecrit","embeddable":true,"href":"https:\/\/www.creusonslabible.fr\/index.php?rest_route=%2Fwp%2Fv2%2Fecrit&post=3184"},{"taxonomy":"mis-en-avant","embeddable":true,"href":"https:\/\/www.creusonslabible.fr\/index.php?rest_route=%2Fwp%2Fv2%2Fmis-en-avant&post=3184"},{"taxonomy":"redacteur","embeddable":true,"href":"https:\/\/www.creusonslabible.fr\/index.php?rest_route=%2Fwp%2Fv2%2Fredacteur&post=3184"},{"taxonomy":"type-darticle","embeddable":true,"href":"https:\/\/www.creusonslabible.fr\/index.php?rest_route=%2Fwp%2Fv2%2Ftype-darticle&post=3184"}],"curies":[{"name":"wp","href":"https:\/\/api.w.org\/{rel}","templated":true}]}}