{"id":320,"date":"2012-11-05T17:36:41","date_gmt":"2012-11-05T17:36:41","guid":{"rendered":"http:\/\/elearning.gbu.fr\/?p=320"},"modified":"2026-04-16T18:31:48","modified_gmt":"2026-04-16T16:31:48","slug":"genese-1-12-le-plan-du-salut","status":"publish","type":"post","link":"https:\/\/www.creusonslabible.fr\/?p=320","title":{"rendered":"Gen\u00e8se 1-12 : le plan du salut"},"content":{"rendered":"\n<h2 class=\"wp-block-heading\">Survol de Gen\u00e8se 1 \u00e0 12 par Matthieu Richelle, professeur d&rsquo;Ancien Testament, lors du congr\u00e8s GBU 2012<\/h2>\n\n\n\n<h2 class=\"wp-block-heading\"><a href=\"http:\/\/elearning.gbu.fr\/audio\/Congres2012_Genese\/1-Matthieu_Richelle_Genese1-12_part1.mp3\">Le fil rouge<\/a><\/h2>\n\n\n\n<figure class=\"wp-block-audio\"><audio controls src=\"http:\/\/elearning.gbu.fr\/audio\/Congres2012_Genese\/1-Matthieu_Richelle_Genese1-12_part1.mp3\"><\/audio><\/figure>\n\n\n\n<p><a href=\"http:\/\/elearning.gbu.fr\/audio\/Congres2012_Genese\/1-Le_fil_rouge.pdf\">Support visuel<\/a><\/p>\n\n\n\n<h2 class=\"wp-block-heading\"><a href=\"http:\/\/elearning.gbu.fr\/audio\/Congres2012_Genese\/2-Matthieu_Richelle_Genese1-12_part2.mp3\">Gen\u00e8se 1-11<\/a><\/h2>\n\n\n\n<figure class=\"wp-block-audio\"><audio controls src=\"http:\/\/elearning.gbu.fr\/audio\/Congres2012_Genese\/2-Matthieu_Richelle_Genese1-12_part2.mp3\"><\/audio><\/figure>\n\n\n\n<p><a href=\"http:\/\/elearning.gbu.fr\/audio\/Congres2012_Genese\/2-Genese_1-11.pdf\">Support visuel<\/a><\/p>\n\n\n\n<h2 class=\"wp-block-heading\"><a href=\"http:\/\/elearning.gbu.fr\/audio\/Congres2012_Genese\/3-Matthieu_Richelle_Genese1-12_part3.mp3\">Abraham<\/a><\/h2>\n\n\n\n<figure class=\"wp-block-audio\"><audio controls src=\"http:\/\/elearning.gbu.fr\/audio\/Congres2012_Genese\/3-Matthieu_Richelle_Genese1-12_part3.mp3\"><\/audio><\/figure>\n\n\n\n<p><a href=\"http:\/\/elearning.gbu.fr\/audio\/Congres2012_Genese\/3-Abraham.pdf\">Support visuel<\/a><\/p>\n\n\n\n<p>&nbsp;<\/p>\n\n\n\n<p>Matthieu Richelle&nbsp;&nbsp;enseigne \u00e0 la facult\u00e9 libre de th\u00e9ologie \u00e9vang\u00e9lique de Vaux sur Seine. Si vous \u00eates int\u00e9ress\u00e9s par des cours aussi excellents que ce que vous venez d&rsquo;entendre, cliquez <a href=\"http:\/\/flte.fr\">ici<\/a>&nbsp;pour vous renseigner.<\/p>\n\n\n\n<p><\/p>\n\n\n\n<p>\u00a0Pour enregistrer les audios, faire clic droit sur les titres bleu ou les pistes et \u00ab enregistrer la cible du lien sous \u00bb<\/p>\n\n\n\n<h4 class=\"wp-block-heading\">Les audio sont aussi disponibles sur Spotify !<\/h4>\n\n\n\n<p>(Un compte est n\u00e9cessaire pour \u00e9couter en entier, mais il n\u2019y a pas besoin de prendre d\u2019abonnement payant.)<\/p>\n\n\n\n<figure class=\"wp-block-embed is-type-rich is-provider-spotify wp-block-embed-spotify wp-embed-aspect-21-9 wp-has-aspect-ratio\"><div class=\"wp-block-embed__wrapper\">\n<iframe title=\"Spotify Embed: Gen\u00e8se 1-12 : le plan du salut\" style=\"border-radius: 12px\" width=\"100%\" height=\"352\" frameborder=\"0\" allowfullscreen allow=\"autoplay; clipboard-write; encrypted-media; fullscreen; picture-in-picture\" loading=\"lazy\" src=\"https:\/\/open.spotify.com\/embed\/playlist\/5jxF6KElfYcptGXDpRY7iw?si=T7bNs8JKQVCSYrCHrCO8YA&amp;utm_source=oembed\"><\/iframe>\n<\/div><\/figure>\n","protected":false},"excerpt":{"rendered":"<p>Survol de Gen\u00e8se 1 \u00e0 12 par Matthieu Richelle, professeur d&rsquo;Ancien Testament, lors du congr\u00e8s GBU 2012 Le fil rouge Support visuel Gen\u00e8se 1-11 Support visuel Abraham Support visuel &nbsp; Matthieu Richelle&nbsp;&nbsp;enseigne \u00e0 la facult\u00e9 libre de th\u00e9ologie \u00e9vang\u00e9lique de Vaux sur Seine. Si vous \u00eates int\u00e9ress\u00e9s par des cours aussi excellents que ce que [&hellip;]<\/p>\n","protected":false},"author":2,"featured_media":1962,"comment_status":"open","ping_status":"open","sticky":false,"template":"","format":"standard","meta":{"_acf_changed":false,"_eb_attr":"","advgb_blocks_editor_width":"","advgb_blocks_columns_visual_guide":"","footnotes":""},"categories":[73,255,30,24],"tags":[698,657,277,284,207],"video":[],"audio":[],"ecrit":[],"mis-en-avant":[],"redacteur":[],"type-darticle":[],"class_list":["post-320","post","type-post","status-publish","format-standard","has-post-thumbnail","hentry","category-comment-dieu-sauve","category-comment-dieu-se-revele","category-le-peche-le-mal","category-textes-bibliques-commentes","tag-698","tag-audio","tag-congres","tag-genese","tag-plan-du-salut"],"blocksy_meta":[],"acf":[],"featured_image_src":"https:\/\/www.creusonslabible.fr\/wp-content\/uploads\/2012\/11\/survolgenese-1.jpg","author_info":{"display_name":"caillou","author_link":"https:\/\/www.creusonslabible.fr\/?author=2"},"author_meta":{"display_name":"caillou","author_link":"https:\/\/www.creusonslabible.fr\/?author=2"},"featured_img":"https:\/\/www.creusonslabible.fr\/wp-content\/uploads\/2012\/11\/survolgenese-1.jpg","coauthors":[],"tax_additional":{"categories":{"linked":["<a href=\"https:\/\/www.creusonslabible.fr\/?cat=73\" class=\"advgb-post-tax-term\">Comment Dieu sauve<\/a>","<a href=\"https:\/\/www.creusonslabible.fr\/?cat=255\" class=\"advgb-post-tax-term\">Comment Dieu se r\u00e9v\u00e8le<\/a>","<a href=\"https:\/\/www.creusonslabible.fr\/?cat=30\" class=\"advgb-post-tax-term\">Le P\u00e9ch\u00e9 \/ Le mal<\/a>","<a href=\"https:\/\/www.creusonslabible.fr\/?cat=24\" class=\"advgb-post-tax-term\">Textes Bibliques comment\u00e9s<\/a>"],"unlinked":["<span class=\"advgb-post-tax-term\">Comment Dieu sauve<\/span>","<span class=\"advgb-post-tax-term\">Comment Dieu se r\u00e9v\u00e8le<\/span>","<span class=\"advgb-post-tax-term\">Le P\u00e9ch\u00e9 \/ Le mal<\/span>","<span class=\"advgb-post-tax-term\">Textes Bibliques comment\u00e9s<\/span>"]},"tags":{"linked":["<a href=\"https:\/\/www.creusonslabible.fr\/?cat=24\" class=\"advgb-post-tax-term\">2012<\/a>","<a href=\"https:\/\/www.creusonslabible.fr\/?cat=24\" class=\"advgb-post-tax-term\">audio<\/a>","<a href=\"https:\/\/www.creusonslabible.fr\/?cat=24\" class=\"advgb-post-tax-term\">congr\u00e8s<\/a>","<a href=\"https:\/\/www.creusonslabible.fr\/?cat=24\" class=\"advgb-post-tax-term\">gen\u00e8se<\/a>","<a href=\"https:\/\/www.creusonslabible.fr\/?cat=24\" class=\"advgb-post-tax-term\">plan du salut<\/a>"],"unlinked":["<span class=\"advgb-post-tax-term\">2012<\/span>","<span class=\"advgb-post-tax-term\">audio<\/span>","<span class=\"advgb-post-tax-term\">congr\u00e8s<\/span>","<span class=\"advgb-post-tax-term\">gen\u00e8se<\/span>","<span class=\"advgb-post-tax-term\">plan du salut<\/span>"]}},"comment_count":"0","relative_dates":{"created":"Publi\u00e9 13 ans il y a","modified":"Mis \u00e0 jour 2 semaines il y a"},"absolute_dates":{"created":"Publi\u00e9 le 5 novembre 2012","modified":"Mise \u00e0 jour le 16 avril 2026"},"absolute_dates_time":{"created":"Publi\u00e9 le 5 novembre 2012 17h36","modified":"Mise \u00e0 jour le 16 avril 2026 18h31"},"featured_img_caption":"","series_order":"","meta_box":[],"_links":{"self":[{"href":"https:\/\/www.creusonslabible.fr\/index.php?rest_route=\/wp\/v2\/posts\/320","targetHints":{"allow":["GET"]}}],"collection":[{"href":"https:\/\/www.creusonslabible.fr\/index.php?rest_route=\/wp\/v2\/posts"}],"about":[{"href":"https:\/\/www.creusonslabible.fr\/index.php?rest_route=\/wp\/v2\/types\/post"}],"author":[{"embeddable":true,"href":"https:\/\/www.creusonslabible.fr\/index.php?rest_route=\/wp\/v2\/users\/2"}],"replies":[{"embeddable":true,"href":"https:\/\/www.creusonslabible.fr\/index.php?rest_route=%2Fwp%2Fv2%2Fcomments&post=320"}],"version-history":[{"count":3,"href":"https:\/\/www.creusonslabible.fr\/index.php?rest_route=\/wp\/v2\/posts\/320\/revisions"}],"predecessor-version":[{"id":12575,"href":"https:\/\/www.creusonslabible.fr\/index.php?rest_route=\/wp\/v2\/posts\/320\/revisions\/12575"}],"wp:featuredmedia":[{"embeddable":true,"href":"https:\/\/www.creusonslabible.fr\/index.php?rest_route=\/wp\/v2\/media\/1962"}],"wp:attachment":[{"href":"https:\/\/www.creusonslabible.fr\/index.php?rest_route=%2Fwp%2Fv2%2Fmedia&parent=320"}],"wp:term":[{"taxonomy":"category","embeddable":true,"href":"https:\/\/www.creusonslabible.fr\/index.php?rest_route=%2Fwp%2Fv2%2Fcategories&post=320"},{"taxonomy":"post_tag","embeddable":true,"href":"https:\/\/www.creusonslabible.fr\/index.php?rest_route=%2Fwp%2Fv2%2Ftags&post=320"},{"taxonomy":"video","embeddable":true,"href":"https:\/\/www.creusonslabible.fr\/index.php?rest_route=%2Fwp%2Fv2%2Fvideo&post=320"},{"taxonomy":"audio","embeddable":true,"href":"https:\/\/www.creusonslabible.fr\/index.php?rest_route=%2Fwp%2Fv2%2Faudio&post=320"},{"taxonomy":"ecrit","embeddable":true,"href":"https:\/\/www.creusonslabible.fr\/index.php?rest_route=%2Fwp%2Fv2%2Fecrit&post=320"},{"taxonomy":"mis-en-avant","embeddable":true,"href":"https:\/\/www.creusonslabible.fr\/index.php?rest_route=%2Fwp%2Fv2%2Fmis-en-avant&post=320"},{"taxonomy":"redacteur","embeddable":true,"href":"https:\/\/www.creusonslabible.fr\/index.php?rest_route=%2Fwp%2Fv2%2Fredacteur&post=320"},{"taxonomy":"type-darticle","embeddable":true,"href":"https:\/\/www.creusonslabible.fr\/index.php?rest_route=%2Fwp%2Fv2%2Ftype-darticle&post=320"}],"curies":[{"name":"wp","href":"https:\/\/api.w.org\/{rel}","templated":true}]}}