{"id":3222,"date":"2015-11-26T06:02:26","date_gmt":"2015-11-26T04:02:26","guid":{"rendered":"http:\/\/www.creusonslabible.fr\/?p=3222"},"modified":"2025-01-24T12:17:07","modified_gmt":"2025-01-24T10:17:07","slug":"chronologie-des-dynasties-royales","status":"publish","type":"post","link":"https:\/\/www.creusonslabible.fr\/?p=3222","title":{"rendered":"Chronologie des dynasties royales"},"content":{"rendered":"<h4>\u00c0 partir de 1050, la terre promise est devenue une monarchie puis, \u00e0 partir de 930, le grand royaume de Salomon a \u00e9t\u00e9 d\u00e9mantel\u00e9 en 2 : Juda au sud avec comme capitale J\u00e9rusalem et sur le tr\u00f4ne un descendant de David et Isra\u00ebl au nord avec Samarie comme capitale et un g\u00e9n\u00e9ral de Salomon sur le tr\u00f4ne. Avec cette frise vous pourrez voir quelle dynastie (et donc quel royaume) a \u00e9t\u00e9 la plus stable.<\/h4>\n<p><a href=\"https:\/\/www.creusonslabible.fr\/wp-content\/uploads\/2015\/11\/Frise-dynasties-Juda-israel-1.jpg\"><img loading=\"lazy\" decoding=\"async\" class=\"aligncenter wp-image-5336\" src=\"https:\/\/www.creusonslabible.fr\/wp-content\/uploads\/2015\/11\/Frise-dynasties-Juda-israel-1.jpg\" alt=\"\" width=\"1115\" height=\"2224\" srcset=\"https:\/\/www.creusonslabible.fr\/wp-content\/uploads\/2015\/11\/Frise-dynasties-Juda-israel-1.jpg 1066w, https:\/\/www.creusonslabible.fr\/wp-content\/uploads\/2015\/11\/Frise-dynasties-Juda-israel-1-150x300.jpg 150w, https:\/\/www.creusonslabible.fr\/wp-content\/uploads\/2015\/11\/Frise-dynasties-Juda-israel-1-513x1024.jpg 513w, https:\/\/www.creusonslabible.fr\/wp-content\/uploads\/2015\/11\/Frise-dynasties-Juda-israel-1-768x1532.jpg 768w, https:\/\/www.creusonslabible.fr\/wp-content\/uploads\/2015\/11\/Frise-dynasties-Juda-israel-1-770x1536.jpg 770w, https:\/\/www.creusonslabible.fr\/wp-content\/uploads\/2015\/11\/Frise-dynasties-Juda-israel-1-1027x2048.jpg 1027w\" sizes=\"auto, (max-width: 1115px) 100vw, 1115px\" \/><\/a><\/p>\n<p>&nbsp;<\/p>\n<h3><\/h3>\n<h3>Vous pouvez aussi voir les chronologies d\u00e9taill\u00e9es du royaume de <a href=\"http:\/\/www.creusonslabible.fr\/?p=3944\">Juda<\/a> et <a href=\"http:\/\/www.creusonslabible.fr\/?p=4053\">d&rsquo;Isra\u00ebl<\/a><\/h3>\n<p>&nbsp;<\/p>\n","protected":false},"excerpt":{"rendered":"<p>\u00c0 partir de 1050, la terre promise est devenue une monarchie puis, \u00e0 partir de 930, le grand royaume de Salomon a \u00e9t\u00e9 d\u00e9mantel\u00e9 en 2 : Juda au sud avec comme capitale J\u00e9rusalem et sur le tr\u00f4ne un descendant de David et Isra\u00ebl au nord avec Samarie comme capitale et un g\u00e9n\u00e9ral de Salomon [&hellip;]<\/p>\n","protected":false},"author":3,"featured_media":3479,"comment_status":"open","ping_status":"closed","sticky":false,"template":"","format":"standard","meta":{"_acf_changed":false,"_eb_attr":"","advgb_blocks_editor_width":"","advgb_blocks_columns_visual_guide":"","footnotes":""},"categories":[986,174],"tags":[170,984,651,985,987,287,988,858,885],"video":[],"audio":[],"ecrit":[],"mis-en-avant":[],"redacteur":[],"type-darticle":[],"class_list":["post-3222","post","type-post","status-publish","format-standard","has-post-thumbnail","hentry","category-frises-chronologiques","category-histoire-d-israel","tag-ancien-testament","tag-chronologie","tag-ecrit","tag-frise","tag-histoire-disrael","tag-juda","tag-parcours-historique","tag-royaume-du-nord","tag-royaume-du-sud"],"blocksy_meta":[],"acf":[],"featured_image_src":"https:\/\/www.creusonslabible.fr\/wp-content\/uploads\/2015\/10\/Frise-AT-1.png","author_info":{"display_name":"Yoh","author_link":"https:\/\/www.creusonslabible.fr\/?author=3"},"author_meta":{"display_name":"Yoh","author_link":"https:\/\/www.creusonslabible.fr\/?author=3"},"featured_img":"https:\/\/www.creusonslabible.fr\/wp-content\/uploads\/2015\/10\/Frise-AT-1-300x53.png","coauthors":[],"tax_additional":{"categories":{"linked":["<a href=\"https:\/\/www.creusonslabible.fr\/?cat=986\" class=\"advgb-post-tax-term\">Frises chronologiques<\/a>","<a href=\"https:\/\/www.creusonslabible.fr\/?cat=174\" class=\"advgb-post-tax-term\">Histoire d&#039;Isra\u00ebl<\/a>"],"unlinked":["<span class=\"advgb-post-tax-term\">Frises chronologiques<\/span>","<span class=\"advgb-post-tax-term\">Histoire d&#039;Isra\u00ebl<\/span>"]},"tags":{"linked":["<a href=\"https:\/\/www.creusonslabible.fr\/?cat=174\" class=\"advgb-post-tax-term\">Ancien-Testament<\/a>","<a href=\"https:\/\/www.creusonslabible.fr\/?cat=174\" class=\"advgb-post-tax-term\">chronologie<\/a>","<a href=\"https:\/\/www.creusonslabible.fr\/?cat=174\" class=\"advgb-post-tax-term\">\u00e9crit<\/a>","<a href=\"https:\/\/www.creusonslabible.fr\/?cat=174\" class=\"advgb-post-tax-term\">frise<\/a>","<a href=\"https:\/\/www.creusonslabible.fr\/?cat=174\" class=\"advgb-post-tax-term\">histoire d&#039;Isra\u00ebl<\/a>","<a href=\"https:\/\/www.creusonslabible.fr\/?cat=174\" class=\"advgb-post-tax-term\">Juda<\/a>","<a href=\"https:\/\/www.creusonslabible.fr\/?cat=174\" class=\"advgb-post-tax-term\">parcours historique<\/a>","<a href=\"https:\/\/www.creusonslabible.fr\/?cat=174\" class=\"advgb-post-tax-term\">Royaume du nord<\/a>","<a href=\"https:\/\/www.creusonslabible.fr\/?cat=174\" class=\"advgb-post-tax-term\">Royaume du sud<\/a>"],"unlinked":["<span class=\"advgb-post-tax-term\">Ancien-Testament<\/span>","<span class=\"advgb-post-tax-term\">chronologie<\/span>","<span class=\"advgb-post-tax-term\">\u00e9crit<\/span>","<span class=\"advgb-post-tax-term\">frise<\/span>","<span class=\"advgb-post-tax-term\">histoire d&#039;Isra\u00ebl<\/span>","<span class=\"advgb-post-tax-term\">Juda<\/span>","<span class=\"advgb-post-tax-term\">parcours historique<\/span>","<span class=\"advgb-post-tax-term\">Royaume du nord<\/span>","<span class=\"advgb-post-tax-term\">Royaume du sud<\/span>"]}},"comment_count":"0","relative_dates":{"created":"Publi\u00e9 10 ans il y a","modified":"Mis \u00e0 jour 1 an il y a"},"absolute_dates":{"created":"Publi\u00e9 le 26 novembre 2015","modified":"Mise \u00e0 jour le 24 janvier 2025"},"absolute_dates_time":{"created":"Publi\u00e9 le 26 novembre 2015 6h02","modified":"Mise \u00e0 jour le 24 janvier 2025 12h17"},"featured_img_caption":"","series_order":"","meta_box":[],"_links":{"self":[{"href":"https:\/\/www.creusonslabible.fr\/index.php?rest_route=\/wp\/v2\/posts\/3222","targetHints":{"allow":["GET"]}}],"collection":[{"href":"https:\/\/www.creusonslabible.fr\/index.php?rest_route=\/wp\/v2\/posts"}],"about":[{"href":"https:\/\/www.creusonslabible.fr\/index.php?rest_route=\/wp\/v2\/types\/post"}],"author":[{"embeddable":true,"href":"https:\/\/www.creusonslabible.fr\/index.php?rest_route=\/wp\/v2\/users\/3"}],"replies":[{"embeddable":true,"href":"https:\/\/www.creusonslabible.fr\/index.php?rest_route=%2Fwp%2Fv2%2Fcomments&post=3222"}],"version-history":[{"count":1,"href":"https:\/\/www.creusonslabible.fr\/index.php?rest_route=\/wp\/v2\/posts\/3222\/revisions"}],"predecessor-version":[{"id":11141,"href":"https:\/\/www.creusonslabible.fr\/index.php?rest_route=\/wp\/v2\/posts\/3222\/revisions\/11141"}],"wp:featuredmedia":[{"embeddable":true,"href":"https:\/\/www.creusonslabible.fr\/index.php?rest_route=\/wp\/v2\/media\/3479"}],"wp:attachment":[{"href":"https:\/\/www.creusonslabible.fr\/index.php?rest_route=%2Fwp%2Fv2%2Fmedia&parent=3222"}],"wp:term":[{"taxonomy":"category","embeddable":true,"href":"https:\/\/www.creusonslabible.fr\/index.php?rest_route=%2Fwp%2Fv2%2Fcategories&post=3222"},{"taxonomy":"post_tag","embeddable":true,"href":"https:\/\/www.creusonslabible.fr\/index.php?rest_route=%2Fwp%2Fv2%2Ftags&post=3222"},{"taxonomy":"video","embeddable":true,"href":"https:\/\/www.creusonslabible.fr\/index.php?rest_route=%2Fwp%2Fv2%2Fvideo&post=3222"},{"taxonomy":"audio","embeddable":true,"href":"https:\/\/www.creusonslabible.fr\/index.php?rest_route=%2Fwp%2Fv2%2Faudio&post=3222"},{"taxonomy":"ecrit","embeddable":true,"href":"https:\/\/www.creusonslabible.fr\/index.php?rest_route=%2Fwp%2Fv2%2Fecrit&post=3222"},{"taxonomy":"mis-en-avant","embeddable":true,"href":"https:\/\/www.creusonslabible.fr\/index.php?rest_route=%2Fwp%2Fv2%2Fmis-en-avant&post=3222"},{"taxonomy":"redacteur","embeddable":true,"href":"https:\/\/www.creusonslabible.fr\/index.php?rest_route=%2Fwp%2Fv2%2Fredacteur&post=3222"},{"taxonomy":"type-darticle","embeddable":true,"href":"https:\/\/www.creusonslabible.fr\/index.php?rest_route=%2Fwp%2Fv2%2Ftype-darticle&post=3222"}],"curies":[{"name":"wp","href":"https:\/\/api.w.org\/{rel}","templated":true}]}}