{"id":325,"date":"2012-07-05T17:44:28","date_gmt":"2012-07-05T17:44:28","guid":{"rendered":"http:\/\/elearning.gbu.fr\/?p=325"},"modified":"2026-02-25T18:45:23","modified_gmt":"2026-02-25T16:45:23","slug":"1-corinthiens-15-la-resurrection-et-les-resurrections","status":"publish","type":"post","link":"https:\/\/www.creusonslabible.fr\/?p=325","title":{"rendered":"1 Corinthiens 15 : La r\u00e9surrection et les r\u00e9surrections"},"content":{"rendered":"<p>S\u00e9rie d&rsquo;interventions donn\u00e9e par Jonathan Chaintrier, SIR de la r\u00e9gion Rh\u00f4ne-Alpes, lors de la journ\u00e9e suppl\u00e9mentaire du congr\u00e8s GBU 2012.<\/p>\n<h2><a href=\":http:\/\/elearning.gbu.fr\/audio\/Congres2012_JS_ResurrectionEtResurrections\/1-Journee_supplementaire-1er_expose_biblique.mp3\">1 Corinthiens 15.1-19<\/a><\/h2>\n<h2><a href=\"http:\/\/elearning.gbu.fr\/audio\/Congres2012_JS_ResurrectionEtResurrections\/2-Journee_supplementaire-2nd_expose_biblique.mp3\">1 Corinthiens 15.20-34<\/a><\/h2>\n<h2><a href=\"http:\/\/elearning.gbu.fr\/audio\/Congres2012_JS_ResurrectionEtResurrections\/3-Journee_supplementaire-3eme_expose_biblique.mp3\">1 Corinthiens 15.35-58<\/a><\/h2>\n<p>Pour \u00e9couter les audio, faire un clic sur les titre. Pour les enregistrer, faire clic droit et \u00ab\u00a0enregistrer la cible du lien sous\u00a0\u00bb<\/p>\n<p>\u00a0<\/p>\n<h4 class=\"wp-block-heading\">Les audio sont aussi disponibles sur Spotify !<\/h4>\n<p>\u00a0<\/p>\n<p>(Un compte est n\u00e9cessaire pour \u00e9couter en entier, mais il n\u2019y a pas besoin de prendre d\u2019abonnement payant.)<\/p>\n\n\n<figure class=\"wp-block-embed is-type-rich is-provider-spotify wp-block-embed-spotify wp-embed-aspect-21-9 wp-has-aspect-ratio\"><div class=\"wp-block-embed__wrapper\">\n<iframe title=\"Spotify Embed: 1 Corinthiens 15 : La r\u00e9surrection et les r\u00e9surrections\" style=\"border-radius: 12px\" width=\"100%\" height=\"352\" frameborder=\"0\" allowfullscreen allow=\"autoplay; clipboard-write; encrypted-media; fullscreen; picture-in-picture\" loading=\"lazy\" src=\"https:\/\/open.spotify.com\/embed\/playlist\/7tXfEaWEIMKFiOsYS6twbc?si=AmcqOxZeR5mR3cH0FdN2gA&amp;utm_source=oembed\"><\/iframe>\n<\/div><\/figure>\n","protected":false},"excerpt":{"rendered":"<p>S\u00e9rie d&rsquo;interventions donn\u00e9e par Jonathan Chaintrier, SIR de la r\u00e9gion Rh\u00f4ne-Alpes, lors de la journ\u00e9e suppl\u00e9mentaire du congr\u00e8s GBU 2012. 1 Corinthiens 15.1-19 1 Corinthiens 15.20-34 1 Corinthiens 15.35-58 Pour \u00e9couter les audio, faire un clic sur les titre. Pour les enregistrer, faire clic droit et \u00ab\u00a0enregistrer la cible du lien sous\u00a0\u00bb \u00a0 Les audio [&hellip;]<\/p>\n","protected":false},"author":2,"featured_media":2061,"comment_status":"open","ping_status":"open","sticky":false,"template":"","format":"standard","meta":{"_acf_changed":false,"_eb_attr":"","advgb_blocks_editor_width":"","advgb_blocks_columns_visual_guide":"","footnotes":""},"categories":[24],"tags":[598,698,657,277,701,700],"video":[],"audio":[],"ecrit":[],"mis-en-avant":[],"redacteur":[],"type-darticle":[],"class_list":["post-325","post","type-post","status-publish","format-standard","has-post-thumbnail","hentry","category-textes-bibliques-commentes","tag-1-corinthiens","tag-698","tag-audio","tag-congres","tag-jonathan-chaintrier","tag-journee-supplementaire"],"blocksy_meta":[],"acf":[],"featured_image_src":"https:\/\/www.creusonslabible.fr\/wp-content\/uploads\/2012\/07\/resurrection-1.jpg","author_info":{"display_name":"caillou","author_link":"https:\/\/www.creusonslabible.fr\/?author=2"},"author_meta":{"display_name":"caillou","author_link":"https:\/\/www.creusonslabible.fr\/?author=2"},"featured_img":"https:\/\/www.creusonslabible.fr\/wp-content\/uploads\/2012\/07\/resurrection-1.jpg","coauthors":[],"tax_additional":{"categories":{"linked":["<a href=\"https:\/\/www.creusonslabible.fr\/?cat=24\" class=\"advgb-post-tax-term\">Textes Bibliques comment\u00e9s<\/a>"],"unlinked":["<span class=\"advgb-post-tax-term\">Textes Bibliques comment\u00e9s<\/span>"]},"tags":{"linked":["<a href=\"https:\/\/www.creusonslabible.fr\/?cat=24\" class=\"advgb-post-tax-term\">1 Corinthiens<\/a>","<a href=\"https:\/\/www.creusonslabible.fr\/?cat=24\" class=\"advgb-post-tax-term\">2012<\/a>","<a href=\"https:\/\/www.creusonslabible.fr\/?cat=24\" class=\"advgb-post-tax-term\">audio<\/a>","<a href=\"https:\/\/www.creusonslabible.fr\/?cat=24\" class=\"advgb-post-tax-term\">congr\u00e8s<\/a>","<a href=\"https:\/\/www.creusonslabible.fr\/?cat=24\" class=\"advgb-post-tax-term\">Jonathan Chaintrier<\/a>","<a href=\"https:\/\/www.creusonslabible.fr\/?cat=24\" class=\"advgb-post-tax-term\">journ\u00e9e suppl\u00e9mentaire<\/a>"],"unlinked":["<span class=\"advgb-post-tax-term\">1 Corinthiens<\/span>","<span class=\"advgb-post-tax-term\">2012<\/span>","<span class=\"advgb-post-tax-term\">audio<\/span>","<span class=\"advgb-post-tax-term\">congr\u00e8s<\/span>","<span class=\"advgb-post-tax-term\">Jonathan Chaintrier<\/span>","<span class=\"advgb-post-tax-term\">journ\u00e9e suppl\u00e9mentaire<\/span>"]}},"comment_count":"0","relative_dates":{"created":"Publi\u00e9 14 ans il y a","modified":"Mis \u00e0 jour 2 mois il y a"},"absolute_dates":{"created":"Publi\u00e9 le 5 juillet 2012","modified":"Mise \u00e0 jour le 25 f\u00e9vrier 2026"},"absolute_dates_time":{"created":"Publi\u00e9 le 5 juillet 2012 17h44","modified":"Mise \u00e0 jour le 25 f\u00e9vrier 2026 18h45"},"featured_img_caption":"","series_order":"","meta_box":[],"_links":{"self":[{"href":"https:\/\/www.creusonslabible.fr\/index.php?rest_route=\/wp\/v2\/posts\/325","targetHints":{"allow":["GET"]}}],"collection":[{"href":"https:\/\/www.creusonslabible.fr\/index.php?rest_route=\/wp\/v2\/posts"}],"about":[{"href":"https:\/\/www.creusonslabible.fr\/index.php?rest_route=\/wp\/v2\/types\/post"}],"author":[{"embeddable":true,"href":"https:\/\/www.creusonslabible.fr\/index.php?rest_route=\/wp\/v2\/users\/2"}],"replies":[{"embeddable":true,"href":"https:\/\/www.creusonslabible.fr\/index.php?rest_route=%2Fwp%2Fv2%2Fcomments&post=325"}],"version-history":[{"count":2,"href":"https:\/\/www.creusonslabible.fr\/index.php?rest_route=\/wp\/v2\/posts\/325\/revisions"}],"predecessor-version":[{"id":12228,"href":"https:\/\/www.creusonslabible.fr\/index.php?rest_route=\/wp\/v2\/posts\/325\/revisions\/12228"}],"wp:featuredmedia":[{"embeddable":true,"href":"https:\/\/www.creusonslabible.fr\/index.php?rest_route=\/wp\/v2\/media\/2061"}],"wp:attachment":[{"href":"https:\/\/www.creusonslabible.fr\/index.php?rest_route=%2Fwp%2Fv2%2Fmedia&parent=325"}],"wp:term":[{"taxonomy":"category","embeddable":true,"href":"https:\/\/www.creusonslabible.fr\/index.php?rest_route=%2Fwp%2Fv2%2Fcategories&post=325"},{"taxonomy":"post_tag","embeddable":true,"href":"https:\/\/www.creusonslabible.fr\/index.php?rest_route=%2Fwp%2Fv2%2Ftags&post=325"},{"taxonomy":"video","embeddable":true,"href":"https:\/\/www.creusonslabible.fr\/index.php?rest_route=%2Fwp%2Fv2%2Fvideo&post=325"},{"taxonomy":"audio","embeddable":true,"href":"https:\/\/www.creusonslabible.fr\/index.php?rest_route=%2Fwp%2Fv2%2Faudio&post=325"},{"taxonomy":"ecrit","embeddable":true,"href":"https:\/\/www.creusonslabible.fr\/index.php?rest_route=%2Fwp%2Fv2%2Fecrit&post=325"},{"taxonomy":"mis-en-avant","embeddable":true,"href":"https:\/\/www.creusonslabible.fr\/index.php?rest_route=%2Fwp%2Fv2%2Fmis-en-avant&post=325"},{"taxonomy":"redacteur","embeddable":true,"href":"https:\/\/www.creusonslabible.fr\/index.php?rest_route=%2Fwp%2Fv2%2Fredacteur&post=325"},{"taxonomy":"type-darticle","embeddable":true,"href":"https:\/\/www.creusonslabible.fr\/index.php?rest_route=%2Fwp%2Fv2%2Ftype-darticle&post=325"}],"curies":[{"name":"wp","href":"https:\/\/api.w.org\/{rel}","templated":true}]}}