{"id":3274,"date":"2015-09-29T08:00:12","date_gmt":"2015-09-29T08:00:12","guid":{"rendered":"http:\/\/www.creusonslabible.fr\/?p=3274"},"modified":"2025-01-24T12:17:09","modified_gmt":"2025-01-24T10:17:09","slug":"juges-2-1-5-conquete-4","status":"publish","type":"post","link":"https:\/\/www.creusonslabible.fr\/?p=3274","title":{"rendered":"Juges 2.1-5 &#8211; conqu\u00eate (4)"},"content":{"rendered":"<h1>C&rsquo;est l&rsquo;histoire du p\u00e9ch\u00e9<\/h1>\n<h3>Le salaire du p\u00e9ch\u00e9<\/h3>\n<p>On peut vite passer sur les premiers mots et pourtant, ils sont violents. L\u2019envoy\u00e9 de l\u2019\u00c9ternel \u00ab\u00a0monte\u00a0\u00bb de Guilgal. Relisez 1.1 et 1.22\u00a0: c\u2019est le m\u00eame verbe utilis\u00e9 dans ces versets \u00e0 consonance belliqueuse, ce qui n\u2019est peut-\u00eatre pas anodin. En plus, le lieu de d\u00e9part\u00a0est Guilgal, la ville o\u00f9 Josu\u00e9 avait \u00e9tabli la base arri\u00e8re de la conqu\u00eate de Canaan. L\u2019arriv\u00e9e de l\u2019envoy\u00e9 de l\u2019\u00c9ternel est donc presque guerri\u00e8re\u2026<\/p>\n<p><em>\u2192 Alors que dans les premiers versets, Dieu combattait les nations pa\u00efennes, Il combat d\u00e9sormais son propre peuple. N\u2019oublions pas qu\u2019\u00e0 la base, \u00e0 cause de notre r\u00e9bellion contre Dieu, le m\u00eame sort que celui des non-chr\u00e9tiens nous attend. La seule et unique chose nous permettant d\u2019\u00e9chapper \u00e0 ce sort, est la confiance que nous pla\u00e7ons en J\u00e9sus qui a pay\u00e9 le prix de notre r\u00e9bellion. Ne nous croyons donc pas sup\u00e9rieurs parce que nous sommes chr\u00e9tiens\u00a0!<\/em><\/p>\n<h3>Le pourquoi du p\u00e9ch\u00e9<\/h3>\n<p>Pourquoi une telle violence de la part de l\u2019\u00c9ternel\u00a0? La cl\u00e9 se trouve aux v.1-2. Dieu a tout donn\u00e9 \u00e0 Isra\u00ebl\u00a0: il l\u2019a lib\u00e9r\u00e9 de l\u2019esclavage, il a accompli sa promesse de lui donner un pays, il l\u2019a plac\u00e9 dans une relation d\u2019alliance avec lui. Quels privil\u00e8ges\u00a0! Et pourtant Isra\u00ebl n\u2019en a pas fait cas. La question de la fin du v.2 est percutante\u00a0: \u00ab\u00a0pourquoi avez-vous fait cela\u00a0?\u00a0\u00bb Face \u00e0 un Dieu si bon, il ne devrait y avoir aucune raison de se rebeller\u00a0!<\/p>\n<p><em>\u2192<\/em><em> Pourquoi est-ce que je p\u00e8che\u00a0? Je peux me r\u00e9fugier dans la r\u00e9ponse facile \u00ab\u00a0je suis humain(e,) c\u2019est dans ma nature\u00a0\u00bb. Mais si je me posais vraiment la question\u00a0? Est-ce un manque de confiance dans la bont\u00e9 de Dieu ? Un manque de compr\u00e9hension de la gravit\u00e9 du p\u00e9ch\u00e9, qui entra\u00eene la guerre de Dieu contre moi\u00a0? <\/em><\/p>\n<h3>Les cons\u00e9quences du p\u00e9ch\u00e9<\/h3>\n<p>Quand on y r\u00e9fl\u00e9chit, Dieu applique une logique implacable\u00a0: \u00ab\u00a0vous ne voulez pas chasser les habitants du pays, dans ce cas je ne vais pas les chasser\u00a0\u00bb\u00a0! Il ne fait que subir aux Isra\u00e9lites les cons\u00e9quences de leur choix.<\/p>\n<p><em>=&gt; Notre p\u00e9ch\u00e9 a souvent des cons\u00e9quences logiques. Par exemple\u00a0:<\/em><\/p>\n<ul>\n<li><em>Je tra\u00eene sur Facebook et compagnie le soir ? j\u2019accumule de la fatigue.<\/em><\/li>\n<li><em>Je casse r\u00e9guli\u00e8rement mes amis ? Mes amis se demandent s\u2019ils en sont vraiment et s\u2019\u00e9loignent de moi.<\/em><\/li>\n<li><em>Je me fais souvent plaisir avec mon argent ? J\u2019ai du mal \u00e0 boucler le mois et encore plus \u00e0 me payer des week-end GBU.<\/em><\/li>\n<li><em>Mon ami ne veut pas croire que J\u00e9sus le sauve ? J\u00e9sus ne le sauvera pas.<\/em><\/li>\n<\/ul>\n<p><em>M\u2019arrive-t-il de me plaindre \u00e0 Dieu de ces cons\u00e9quences logiques\u00a0? Ai-je raison\u00a0?<\/em><\/p>\n<p style=\"text-align: right;\">Marie-Aude R<\/p>\n","protected":false},"excerpt":{"rendered":"<p>C&rsquo;est l&rsquo;histoire du p\u00e9ch\u00e9 Le salaire du p\u00e9ch\u00e9 On peut vite passer sur les premiers mots et pourtant, ils sont violents. L\u2019envoy\u00e9 de l\u2019\u00c9ternel \u00ab\u00a0monte\u00a0\u00bb de Guilgal. Relisez 1.1 et 1.22\u00a0: c\u2019est le m\u00eame verbe utilis\u00e9 dans ces versets \u00e0 consonance belliqueuse, ce qui n\u2019est peut-\u00eatre pas anodin. En plus, le lieu de d\u00e9part\u00a0est Guilgal, [&hellip;]<\/p>\n","protected":false},"author":2,"featured_media":0,"comment_status":"open","ping_status":"closed","sticky":false,"template":"","format":"standard","meta":{"_acf_changed":false,"_eb_attr":"","advgb_blocks_editor_width":"","advgb_blocks_columns_visual_guide":"","footnotes":""},"categories":[16],"tags":[170,651,526,149],"video":[],"audio":[],"ecrit":[],"mis-en-avant":[],"redacteur":[],"type-darticle":[],"class_list":["post-3274","post","type-post","status-publish","format-standard","hentry","category-meditations-bibliques","tag-ancien-testament","tag-ecrit","tag-juges","tag-peche"],"blocksy_meta":[],"acf":[],"featured_image_src":null,"author_info":{"display_name":"caillou","author_link":"https:\/\/www.creusonslabible.fr\/?author=2"},"author_meta":{"display_name":"caillou","author_link":"https:\/\/www.creusonslabible.fr\/?author=2"},"featured_img":null,"coauthors":[],"tax_additional":{"categories":{"linked":["<a href=\"https:\/\/www.creusonslabible.fr\/?cat=16\" class=\"advgb-post-tax-term\">M\u00e9ditations bibliques<\/a>"],"unlinked":["<span class=\"advgb-post-tax-term\">M\u00e9ditations bibliques<\/span>"]},"tags":{"linked":["<a href=\"https:\/\/www.creusonslabible.fr\/?cat=16\" class=\"advgb-post-tax-term\">Ancien-Testament<\/a>","<a href=\"https:\/\/www.creusonslabible.fr\/?cat=16\" class=\"advgb-post-tax-term\">\u00e9crit<\/a>","<a href=\"https:\/\/www.creusonslabible.fr\/?cat=16\" class=\"advgb-post-tax-term\">Juges<\/a>","<a href=\"https:\/\/www.creusonslabible.fr\/?cat=16\" class=\"advgb-post-tax-term\">p\u00e9ch\u00e9<\/a>"],"unlinked":["<span class=\"advgb-post-tax-term\">Ancien-Testament<\/span>","<span class=\"advgb-post-tax-term\">\u00e9crit<\/span>","<span class=\"advgb-post-tax-term\">Juges<\/span>","<span class=\"advgb-post-tax-term\">p\u00e9ch\u00e9<\/span>"]}},"comment_count":"0","relative_dates":{"created":"Publi\u00e9 11 ans il y a","modified":"Mis \u00e0 jour 1 an il y a"},"absolute_dates":{"created":"Publi\u00e9 le 29 septembre 2015","modified":"Mise \u00e0 jour le 24 janvier 2025"},"absolute_dates_time":{"created":"Publi\u00e9 le 29 septembre 2015 8h00","modified":"Mise \u00e0 jour le 24 janvier 2025 12h17"},"featured_img_caption":"","series_order":"","meta_box":[],"_links":{"self":[{"href":"https:\/\/www.creusonslabible.fr\/index.php?rest_route=\/wp\/v2\/posts\/3274","targetHints":{"allow":["GET"]}}],"collection":[{"href":"https:\/\/www.creusonslabible.fr\/index.php?rest_route=\/wp\/v2\/posts"}],"about":[{"href":"https:\/\/www.creusonslabible.fr\/index.php?rest_route=\/wp\/v2\/types\/post"}],"author":[{"embeddable":true,"href":"https:\/\/www.creusonslabible.fr\/index.php?rest_route=\/wp\/v2\/users\/2"}],"replies":[{"embeddable":true,"href":"https:\/\/www.creusonslabible.fr\/index.php?rest_route=%2Fwp%2Fv2%2Fcomments&post=3274"}],"version-history":[{"count":1,"href":"https:\/\/www.creusonslabible.fr\/index.php?rest_route=\/wp\/v2\/posts\/3274\/revisions"}],"predecessor-version":[{"id":11150,"href":"https:\/\/www.creusonslabible.fr\/index.php?rest_route=\/wp\/v2\/posts\/3274\/revisions\/11150"}],"wp:attachment":[{"href":"https:\/\/www.creusonslabible.fr\/index.php?rest_route=%2Fwp%2Fv2%2Fmedia&parent=3274"}],"wp:term":[{"taxonomy":"category","embeddable":true,"href":"https:\/\/www.creusonslabible.fr\/index.php?rest_route=%2Fwp%2Fv2%2Fcategories&post=3274"},{"taxonomy":"post_tag","embeddable":true,"href":"https:\/\/www.creusonslabible.fr\/index.php?rest_route=%2Fwp%2Fv2%2Ftags&post=3274"},{"taxonomy":"video","embeddable":true,"href":"https:\/\/www.creusonslabible.fr\/index.php?rest_route=%2Fwp%2Fv2%2Fvideo&post=3274"},{"taxonomy":"audio","embeddable":true,"href":"https:\/\/www.creusonslabible.fr\/index.php?rest_route=%2Fwp%2Fv2%2Faudio&post=3274"},{"taxonomy":"ecrit","embeddable":true,"href":"https:\/\/www.creusonslabible.fr\/index.php?rest_route=%2Fwp%2Fv2%2Fecrit&post=3274"},{"taxonomy":"mis-en-avant","embeddable":true,"href":"https:\/\/www.creusonslabible.fr\/index.php?rest_route=%2Fwp%2Fv2%2Fmis-en-avant&post=3274"},{"taxonomy":"redacteur","embeddable":true,"href":"https:\/\/www.creusonslabible.fr\/index.php?rest_route=%2Fwp%2Fv2%2Fredacteur&post=3274"},{"taxonomy":"type-darticle","embeddable":true,"href":"https:\/\/www.creusonslabible.fr\/index.php?rest_route=%2Fwp%2Fv2%2Ftype-darticle&post=3274"}],"curies":[{"name":"wp","href":"https:\/\/api.w.org\/{rel}","templated":true}]}}