{"id":330,"date":"2012-07-05T18:04:30","date_gmt":"2012-07-05T18:04:30","guid":{"rendered":"http:\/\/elearning.gbu.fr\/?p=330"},"modified":"2026-02-09T18:45:29","modified_gmt":"2026-02-09T16:45:29","slug":"jesus-et-le-politique","status":"publish","type":"post","link":"https:\/\/www.creusonslabible.fr\/?p=330","title":{"rendered":"J\u00e9sus et le Politique"},"content":{"rendered":"<p>S\u00e9rie d&rsquo;interventions donn\u00e9es par John Yoder lors du congr\u00e8s GBU 1977<\/p>\n<h2><a href=\"http:\/\/elearning.gbu.fr\/audio\/NumerisationK7\/Yoder_Jesus_politique\/Yoder.mp3\">D\u00e9finitions et enjeux<\/a><\/h2>\n<h2><a href=\"http:\/\/elearning.gbu.fr\/audio\/NumerisationK7\/Yoder_Jesus_politique\/Yoder_rapport_entre__croix_et_impact_social_de_oeuvre_de_Jesus.mp3\">Caract\u00e8re politique du minist\u00e8re de J\u00e9sus<\/a><\/h2>\n<h2><a href=\"http:\/\/elearning.gbu.fr\/audio\/NumerisationK7\/Yoder_Jesus_politique\/Yoder_continuer_sur_la_voie_tracee_par_Jesus.mp3\">Caract\u00e8re politique de l&rsquo;enseignement de J\u00e9sus<\/a><\/h2>\n<h2><a href=\"http:\/\/elearning.gbu.fr\/audio\/NumerisationK7\/Yoder_Jesus_politique\/Yoder_composition_sociale_de_la_premiere_eglise.mp3\">Composition sociale de la premi\u00e8re \u00e9glise<\/a><\/h2>\n\n\n<p>Pour \u00e9couter les audio, faire un clic sur les titre. Pour les enregistrer, faire clic droit et \u00ab\u00a0enregistrer la cible du lien sous\u00a0\u00bb<\/p>\n\n\n\n<h4 class=\"wp-block-heading\">Les audio sont aussi disponibles sur Spotify !<\/h4>\n\n\n\n<p>(Un compte est n\u00e9cessaire pour \u00e9couter en entier, mais il n&rsquo;y a pas besoin de prendre d&rsquo;abonnement payant.)<\/p>\n\n\n\n<figure class=\"wp-block-embed is-type-rich is-provider-spotify wp-block-embed-spotify wp-embed-aspect-21-9 wp-has-aspect-ratio\"><div class=\"wp-block-embed__wrapper\">\n<iframe title=\"Spotify Embed: J\u00e9sus et le Politique\" style=\"border-radius: 12px\" width=\"100%\" height=\"352\" frameborder=\"0\" allowfullscreen allow=\"autoplay; clipboard-write; encrypted-media; fullscreen; picture-in-picture\" loading=\"lazy\" src=\"https:\/\/open.spotify.com\/embed\/playlist\/2TY0t6Wj29cXSOmSVM75qK?si=8fen9umXROKBDlldYfcFXw&amp;utm_source=oembed\"><\/iframe>\n<\/div><\/figure>\n","protected":false},"excerpt":{"rendered":"<p>S\u00e9rie d&rsquo;interventions donn\u00e9es par John Yoder lors du congr\u00e8s GBU 1977 D\u00e9finitions et enjeux Caract\u00e8re politique du minist\u00e8re de J\u00e9sus Caract\u00e8re politique de l&rsquo;enseignement de J\u00e9sus Composition sociale de la premi\u00e8re \u00e9glise Pour \u00e9couter les audio, faire un clic sur les titre. Pour les enregistrer, faire clic droit et \u00ab\u00a0enregistrer la cible du lien sous\u00a0\u00bb [&hellip;]<\/p>\n","protected":false},"author":2,"featured_media":1805,"comment_status":"open","ping_status":"open","sticky":false,"template":"","format":"standard","meta":{"_acf_changed":false,"_eb_attr":"","advgb_blocks_editor_width":"","advgb_blocks_columns_visual_guide":"","footnotes":""},"categories":[29],"tags":[657,301,196,702,660,703,175],"video":[],"audio":[],"ecrit":[],"mis-en-avant":[],"redacteur":[],"type-darticle":[],"class_list":["post-330","post","type-post","status-publish","format-standard","has-post-thumbnail","hentry","category-le-chretien-dans-la-societe","tag-audio","tag-croix","tag-eglise","tag-histoire-de-leglise","tag-jesus-le-fils","tag-politique","tag-social"],"blocksy_meta":[],"acf":[],"featured_image_src":"https:\/\/www.creusonslabible.fr\/wp-content\/uploads\/2012\/07\/politique2-1.jpg","author_info":{"display_name":"caillou","author_link":"https:\/\/www.creusonslabible.fr\/?author=2"},"author_meta":{"display_name":"caillou","author_link":"https:\/\/www.creusonslabible.fr\/?author=2"},"featured_img":"https:\/\/www.creusonslabible.fr\/wp-content\/uploads\/2012\/07\/politique2-1.jpg","coauthors":[],"tax_additional":{"categories":{"linked":["<a href=\"https:\/\/www.creusonslabible.fr\/?cat=29\" class=\"advgb-post-tax-term\">Le chr\u00e9tien dans la soci\u00e9t\u00e9<\/a>"],"unlinked":["<span class=\"advgb-post-tax-term\">Le chr\u00e9tien dans la soci\u00e9t\u00e9<\/span>"]},"tags":{"linked":["<a href=\"https:\/\/www.creusonslabible.fr\/?cat=29\" class=\"advgb-post-tax-term\">audio<\/a>","<a href=\"https:\/\/www.creusonslabible.fr\/?cat=29\" class=\"advgb-post-tax-term\">croix<\/a>","<a href=\"https:\/\/www.creusonslabible.fr\/?cat=29\" class=\"advgb-post-tax-term\">\u00e9glise<\/a>","<a href=\"https:\/\/www.creusonslabible.fr\/?cat=29\" class=\"advgb-post-tax-term\">histoire de l&#039;\u00e9glise<\/a>","<a href=\"https:\/\/www.creusonslabible.fr\/?cat=29\" class=\"advgb-post-tax-term\">J\u00e9sus le Fils<\/a>","<a href=\"https:\/\/www.creusonslabible.fr\/?cat=29\" class=\"advgb-post-tax-term\">politique<\/a>","<a href=\"https:\/\/www.creusonslabible.fr\/?cat=29\" class=\"advgb-post-tax-term\">social<\/a>"],"unlinked":["<span class=\"advgb-post-tax-term\">audio<\/span>","<span class=\"advgb-post-tax-term\">croix<\/span>","<span class=\"advgb-post-tax-term\">\u00e9glise<\/span>","<span class=\"advgb-post-tax-term\">histoire de l&#039;\u00e9glise<\/span>","<span class=\"advgb-post-tax-term\">J\u00e9sus le Fils<\/span>","<span class=\"advgb-post-tax-term\">politique<\/span>","<span class=\"advgb-post-tax-term\">social<\/span>"]}},"comment_count":"0","relative_dates":{"created":"Publi\u00e9 14 ans il y a","modified":"Mis \u00e0 jour 3 mois il y a"},"absolute_dates":{"created":"Publi\u00e9 le 5 juillet 2012","modified":"Mise \u00e0 jour le 9 f\u00e9vrier 2026"},"absolute_dates_time":{"created":"Publi\u00e9 le 5 juillet 2012 18h04","modified":"Mise \u00e0 jour le 9 f\u00e9vrier 2026 18h45"},"featured_img_caption":"","series_order":"","meta_box":[],"_links":{"self":[{"href":"https:\/\/www.creusonslabible.fr\/index.php?rest_route=\/wp\/v2\/posts\/330","targetHints":{"allow":["GET"]}}],"collection":[{"href":"https:\/\/www.creusonslabible.fr\/index.php?rest_route=\/wp\/v2\/posts"}],"about":[{"href":"https:\/\/www.creusonslabible.fr\/index.php?rest_route=\/wp\/v2\/types\/post"}],"author":[{"embeddable":true,"href":"https:\/\/www.creusonslabible.fr\/index.php?rest_route=\/wp\/v2\/users\/2"}],"replies":[{"embeddable":true,"href":"https:\/\/www.creusonslabible.fr\/index.php?rest_route=%2Fwp%2Fv2%2Fcomments&post=330"}],"version-history":[{"count":2,"href":"https:\/\/www.creusonslabible.fr\/index.php?rest_route=\/wp\/v2\/posts\/330\/revisions"}],"predecessor-version":[{"id":12101,"href":"https:\/\/www.creusonslabible.fr\/index.php?rest_route=\/wp\/v2\/posts\/330\/revisions\/12101"}],"wp:featuredmedia":[{"embeddable":true,"href":"https:\/\/www.creusonslabible.fr\/index.php?rest_route=\/wp\/v2\/media\/1805"}],"wp:attachment":[{"href":"https:\/\/www.creusonslabible.fr\/index.php?rest_route=%2Fwp%2Fv2%2Fmedia&parent=330"}],"wp:term":[{"taxonomy":"category","embeddable":true,"href":"https:\/\/www.creusonslabible.fr\/index.php?rest_route=%2Fwp%2Fv2%2Fcategories&post=330"},{"taxonomy":"post_tag","embeddable":true,"href":"https:\/\/www.creusonslabible.fr\/index.php?rest_route=%2Fwp%2Fv2%2Ftags&post=330"},{"taxonomy":"video","embeddable":true,"href":"https:\/\/www.creusonslabible.fr\/index.php?rest_route=%2Fwp%2Fv2%2Fvideo&post=330"},{"taxonomy":"audio","embeddable":true,"href":"https:\/\/www.creusonslabible.fr\/index.php?rest_route=%2Fwp%2Fv2%2Faudio&post=330"},{"taxonomy":"ecrit","embeddable":true,"href":"https:\/\/www.creusonslabible.fr\/index.php?rest_route=%2Fwp%2Fv2%2Fecrit&post=330"},{"taxonomy":"mis-en-avant","embeddable":true,"href":"https:\/\/www.creusonslabible.fr\/index.php?rest_route=%2Fwp%2Fv2%2Fmis-en-avant&post=330"},{"taxonomy":"redacteur","embeddable":true,"href":"https:\/\/www.creusonslabible.fr\/index.php?rest_route=%2Fwp%2Fv2%2Fredacteur&post=330"},{"taxonomy":"type-darticle","embeddable":true,"href":"https:\/\/www.creusonslabible.fr\/index.php?rest_route=%2Fwp%2Fv2%2Ftype-darticle&post=330"}],"curies":[{"name":"wp","href":"https:\/\/api.w.org\/{rel}","templated":true}]}}