{"id":3491,"date":"2016-04-05T11:59:12","date_gmt":"2016-04-05T11:59:12","guid":{"rendered":"http:\/\/www.creusonslabible.fr\/?p=3491"},"modified":"2025-01-24T12:20:33","modified_gmt":"2025-01-24T10:20:33","slug":"actes-4-meme-pas-peur","status":"publish","type":"post","link":"https:\/\/www.creusonslabible.fr\/?p=3491","title":{"rendered":"Actes 4.1-31 &#8211; M\u00eame pas peur !"},"content":{"rendered":"\n<h2 class=\"wp-block-heading\">Note pour l\u2019animateur<\/h2>\n\n\n\n<p>Il est recommand\u00e9 de lire l\u2019introduction au livre des Actes au pr\u00e9alable (<a rel=\"noopener\" href=\"http:\/\/www.creusonslabible.fr\/?p=266\" target=\"_blank\">ici<\/a>).<\/p>\n\n\n\n<h2 class=\"wp-block-heading\">Question d&rsquo;intro<\/h2>\n\n\n\n<p>Le christianisme, une arnaque qui a fonctionn\u00e9 ? Beaucoup de gens pensent que l&rsquo;histoire de J\u00e9sus ressuscit\u00e9 a \u00e9t\u00e9 invent\u00e9 par les ap\u00f4tres en mal de but dans la vie, voire en qu\u00eate de pouvoir et d&rsquo;argent. Qu&rsquo;en pensez-vous ?<\/p>\n\n\n\n<h2 class=\"wp-block-heading\">Ce qui s&rsquo;est pass\u00e9 avant<\/h2>\n\n\n\n<p>Dans le chapitre 2, lors de la pentec\u00f4te, l&rsquo;Esprit Saint est descendu sur les disciples. Cela a permis \u00e0 Pierre de tenir un discours tr\u00e8s efficaces puisque 3000 personnes se sont converties. Au Chapitre 3, Pierre et Jean gu\u00e9rissent un paralytique, ce qui permet \u00e0 Pierre de faire un 2nd discours tr\u00e8s bien fait\u2026 mais voil\u00e0 que la police d\u00e9barque en plein \u00ab&nbsp;meeting&nbsp;\u00bb !<\/p>\n\n\n\n<blockquote class=\"wp-block-quote is-layout-flow wp-block-quote-is-layout-flow\"><p>4.1 Tandis qu&rsquo;ils parlaient au peuple, les pr\u00eatres, le commandant du temple et les sadduc\u00e9ens survinrent, 2 exc\u00e9d\u00e9s de les voir instruire le peuple et annoncer, en la personne de J\u00e9sus, la r\u00e9surrection d&rsquo;entre les morts. 3 Ils mirent la main sur eux et les plac\u00e8rent sous bonne garde jusqu&rsquo;au lendemain \u2013 car c&rsquo;\u00e9tait d\u00e9j\u00e0 le soir. 4 Cependant, beaucoup de ceux qui avaient entendu la parole devinrent croyants, et le nombre des hommes s&rsquo;\u00e9leva \u00e0 environ cinq mille.<\/p><p>5 Le lendemain, leurs chefs, ainsi que les anciens et les scribes, se rassembl\u00e8rent \u00e0 J\u00e9rusalem 6 avec le grand pr\u00eatre Anne, Ca\u00efphe, Jean, Alexandre, et tous ceux qui \u00e9taient de la lign\u00e9e des grands pr\u00eatres. 7 Ils les firent compara\u00eetre au milieu d&rsquo;eux et leur demand\u00e8rent : Par quelle puissance ou par quel nom avez-vous fait cela ?<\/p><p>8 Alors Pierre, rempli d&rsquo;Esprit saint, leur dit : Chefs du peuple et anciens, 9 puisque nous sommes interrog\u00e9s aujourd&rsquo;hui sur un bienfait accord\u00e9 \u00e0 un homme infirme et sur la mani\u00e8re dont il a \u00e9t\u00e9 sauv\u00e9, 10 sachez-le bien, vous tous, ainsi que tout le peuple d&rsquo;Isra\u00ebl : c&rsquo;est par le nom de J\u00e9sus-Christ le Naz\u00f4r\u00e9en, que vous avez crucifi\u00e9 et que Dieu a r\u00e9veill\u00e9 d&rsquo;entre les morts, c&rsquo;est par lui que cet homme se pr\u00e9sente en bonne sant\u00e9 devant vous. 11 C&rsquo;est lui, la pierre que vous, les constructeurs, vous avez m\u00e9pris\u00e9e, et qui est devenue la principale, celle de l&rsquo;angle. 12 Le salut ne se trouve en aucun autre, car il n&rsquo;y a sous le ciel aucun autre nom donn\u00e9 parmi les humains par lequel nous devions \u00eatre sauv\u00e9s.<\/p><p>13 En voyant l&rsquo;assurance de Pierre et de Jean, ils \u00e9taient \u00e9tonn\u00e9s, car ils se rendaient compte que c&rsquo;\u00e9taient des gens du peuple sans instruction. Ils reconnaissaient en eux ceux qui \u00e9taient avec J\u00e9sus. 14 Mais comme ils voyaient debout aupr\u00e8s d&rsquo;eux l&rsquo;homme gu\u00e9ri, ils n&rsquo;avaient rien \u00e0 r\u00e9pliquer. 15 Ils leur ordonn\u00e8rent de sortir du sanh\u00e9drin et d\u00e9lib\u00e9r\u00e8rent entre eux, 16 en disant : Comment allons-nous traiter ces gens ? Il est manifeste, pour tous les habitants de J\u00e9rusalem, qu&rsquo;un signe \u00e9vident a \u00e9t\u00e9 accompli par leur entremise ; nous ne pouvons pas le nier. 17 Mais, pour que cela ne se r\u00e9pande pas davantage dans le peuple, d\u00e9fendons-leur, avec des menaces, de parler d\u00e9sormais \u00e0 qui que ce soit en ce nom-l\u00e0.<\/p><p>18 Alors ils les appel\u00e8rent et leur enjoignirent formellement de ne plus parler ni enseigner au nom de J\u00e9sus. 19 Pierre et Jean leur r\u00e9pondirent : Est-il juste au regard de Dieu de vous ob\u00e9ir plut\u00f4t qu&rsquo;\u00e0 Dieu ? A vous d&rsquo;en juger, 20 car nous, nous ne pouvons pas ne pas parler de ce que nous avons vu et entendu. 21 Ils leur firent de nouvelles menaces et les rel\u00e2ch\u00e8rent, sans trouver moyen de les punir, \u00e0 cause du peuple ; tous, en effet, glorifiaient Dieu pour ce qui \u00e9tait arriv\u00e9, 22 car l&rsquo;homme qui avait b\u00e9n\u00e9fici\u00e9 de ce signe, de cette gu\u00e9rison, avait plus de quarante ans.<\/p><p>23 Apr\u00e8s avoir \u00e9t\u00e9 rel\u00e2ch\u00e9s, ils vinrent raconter aux leurs tout ce que les grands pr\u00eatres et les anciens leur avaient dit. 24 Lorsqu&rsquo;ils eurent entendu cela, tous, d&rsquo;un commun accord, \u00e9lev\u00e8rent la voix vers Dieu et dirent : Ma\u00eetre, toi qui as fait le ciel, la terre et la mer, ainsi que tout ce qui s&rsquo;y trouve, 25 c&rsquo;est toi qui as dit par l&rsquo;Esprit saint, de la bouche de notre p\u00e8re, ton serviteur David :<\/p><p>Pourquoi les nations se sont-elles agit\u00e9es<br \/>et les peuples ont-ils eu des pens\u00e9es creuses ?<br \/>26 Les rois de la terre se sont pr\u00e9sent\u00e9s<br \/>et les chefs se sont ligu\u00e9s<br \/>contre le Seigneur et contre son Christ.<br \/>27 Car, en v\u00e9rit\u00e9, contre ton saint serviteur J\u00e9sus, que tu as fait Christ, H\u00e9rode et Ponce Pilate se sont ligu\u00e9s, dans cette ville, avec les nations et les peuples d&rsquo;Isra\u00ebl, 28 pour faire tout ce que ta main et tes d\u00e9cisions avaient arr\u00eat\u00e9 d&rsquo;avance. 29 Et maintenant, Seigneur, sois attentif \u00e0 leurs menaces, et donne \u00e0 tes esclaves de dire ta parole avec une enti\u00e8re assurance. 30 Etends ta main pour qu&rsquo;il se produise des gu\u00e9risons, des signes et des prodiges par le nom de ton saint serviteur J\u00e9sus. 31 Quand ils eurent pri\u00e9, le lieu o\u00f9 ils \u00e9taient rassembl\u00e9s trembla ; ils furent tous remplis de l&rsquo;Esprit saint : ils disaient la parole de Dieu avec assurance.<\/p><\/blockquote>\n\n\n\n<h2 class=\"wp-block-heading\">Observation<\/h2>\n\n\n\n<p class=\"has-vivid-cyan-blue-color has-text-color\"><strong>Jouez les \u00e9v\u00e9nements de ce passage.<\/strong><\/p>\n\n\n\n<p class=\"has-vivid-cyan-blue-color has-text-color\"><strong>Personnages :<\/strong> Pierre, Jean, l&rsquo;ex-paralytique, les chefs du Sanh\u00e9drin (Grand Conseil), la foule\/les autres membres du Sanh\u00e9drin\/les autres disciples.<\/p>\n\n\n\n<p class=\"has-vivid-cyan-blue-color has-text-color\"><strong>Choses \u00e0 savoir ou \u00e0 ne pas oublier :<\/strong><p align=\"LEFT\"> <\/p><\/p>\n\n\n\n<ul class=\"wp-block-list\"><li><p align=\"LEFT\">Quel est le ressenti de Pierre et Jean en prison ?<\/p> <\/li><li> <p align=\"LEFT\">Le Grand Conseil (Sanh\u00e9drin) est compos\u00e9 des 70 lus grands notables de J\u00e9rusalem, ce qui est tr\u00e8s impressionnant.<\/p> <\/li><li> <p align=\"LEFT\">Les personnages du v.6 sont des aristocrates (donc tr\u00e8s riches et \u00e9duqu\u00e9s).<\/p> <\/li><li> <p align=\"LEFT\">Pierre et Jean devaient \u00eatre impressionn\u00e9s.<\/p> <\/li><li> <p align=\"LEFT\">Il faut imaginer l&rsquo;inqui\u00e9tude des autres disciples apr\u00e8s l&rsquo;arrestation de Pierre et Jean.<\/p> <\/li><\/ul>\n\n\n\n<h2 class=\"wp-block-heading\">Interpr\u00e9tations<\/h2>\n\n\n\n<ul class=\"wp-block-list\"><li> <p lang=\"fr-FR\" align=\"LEFT\">Quels th\u00e8mes ou fils conducteurs apparaissent dans ce passage ?<\/p> <\/li><li> <p align=\"LEFT\">Relever les actions, attitudes, mots ou personnes associ\u00e9s \u00e0 l\u2019Esprit saint dans le texte.<\/p> <\/li><li> <p align=\"LEFT\">Pr\u00e9ciser dans quel contexte l\u2019action de l\u2019Esprit saint est situ\u00e9e.<\/p> <\/li><li> <p align=\"LEFT\">Que pensez-vous du discours de Pierre (8-12) ? Est-il strat\u00e9gique ?<\/p> <\/li><li> <p align=\"LEFT\">Que pensez-vous de l&rsquo;attitude du Sanh\u00e9drin ?<\/p> <\/li><li> <p align=\"LEFT\">Pourquoi les ap\u00f4tres font-ils cette r\u00e9ponse aux vv.19-20 ?<\/p><\/li><\/ul>\n\n\n\n<ul class=\"wp-block-list\"><li>Quel est le contenu des discours des ap\u00f4tres d&rsquo;apr\u00e8s le v.20 ?\u00a0<\/li><li>Qu&rsquo;ont-ils vu et entendu ?\u00a0<\/li><li>Qui est l&rsquo;auteur de leur enseignement en fait ?<\/li><li>Si les ap\u00f4tres avaient invent\u00e9 la r\u00e9surrection de J\u00e9sus, auraient-ils eu autant d&rsquo;assurance ?<\/li><li> <p align=\"LEFT\">Quelle est la structure de la pri\u00e8re des chr\u00e9tiens (24-30) ?<\/p> <\/li><li> <p align=\"LEFT\">En quoi le Psaume 2 (25-26) s&rsquo;applique-t-il \u00e0 leur situation ?<\/p> <\/li><li> <p align=\"LEFT\">Comment s&rsquo;exprime la souverainet\u00e9 de Dieu (le fait que Dieu contr\u00f4le les \u00e9v\u00e9nements) dans cette pri\u00e8re ?<\/p> <\/li><li> <p align=\"LEFT\">Quelles sont les demandes formul\u00e9es dans la pri\u00e8re et \u00e0 quoi se rapportent-elles ?<\/p> <\/li><li> <p align=\"LEFT\">Pourquoi Dieu r\u00e9pond-il imm\u00e9diatement \u00e0 cette pri\u00e8re ?<\/p> <\/li><\/ul>\n\n\n\n<h2 class=\"wp-block-heading\">Applications<\/h2>\n\n\n\n<ul class=\"wp-block-list\"><li>Aujourd&rsquo;hui, comment serait vue l&rsquo;attitude des ap\u00f4tres ? <\/li><li>Vous est-il d\u00e9j\u00e0 arriv\u00e9 d&rsquo;affirmer qu&rsquo;il n&rsquo;y a qu&rsquo;avec J\u00e9sus qu&rsquo;on peut \u00eatre sauv\u00e9 ? Quelle a \u00e9t\u00e9 la r\u00e9action de(s) l&rsquo;interlocuteur(s) ?<\/li><\/ul>\n\n\n\n<ul class=\"wp-block-list\"><li>Si aujourd&rsquo;hui on vous arr\u00eatait \u00e0 cause de votre foi en J\u00e9sus, quel serait votre d\u00e9fense ? Qu&rsquo;imiteriez-vous chez Pierre et Jean ?<\/li><li>Arrivez-vous \u00e0 vous retenir de parler de ce que J\u00e9sus a fait pour vous et de son enseignement \u00e0 votre entourage ? Comment faites-vous ?<\/li><\/ul>\n","protected":false},"excerpt":{"rendered":"<p>Note pour l\u2019animateur Il est recommand\u00e9 de lire l\u2019introduction au livre des Actes au pr\u00e9alable (ici). Question d&rsquo;intro Le christianisme, une arnaque qui a fonctionn\u00e9 ? Beaucoup de gens pensent que l&rsquo;histoire de J\u00e9sus ressuscit\u00e9 a \u00e9t\u00e9 invent\u00e9 par les ap\u00f4tres en mal de but dans la vie, voire en qu\u00eate de pouvoir et d&rsquo;argent. [&hellip;]<\/p>\n","protected":false},"author":3,"featured_media":4172,"comment_status":"open","ping_status":"closed","sticky":false,"template":"","format":"standard","meta":{"_acf_changed":false,"_eb_attr":"","advgb_blocks_editor_width":"","advgb_blocks_columns_visual_guide":"","footnotes":""},"categories":[200,10,75,180,345,29],"tags":[694,1060,651,131,265,23,133,346,934],"video":[],"audio":[],"ecrit":[],"mis-en-avant":[],"redacteur":[],"type-darticle":[],"class_list":["post-3491","post","type-post","status-publish","format-standard","has-post-thumbnail","hentry","category-dieu-le-saint-esprit","category-discussions-autour-de-la-bible","category-jesus-le-fils","category-levangelisation","category-la-priere","category-le-chretien-dans-la-societe","tag-actes","tag-courage","tag-ecrit","tag-jean","tag-miracle","tag-nouveau-testament","tag-pierre","tag-priere","tag-sanhedrin"],"blocksy_meta":[],"acf":[],"featured_image_src":"https:\/\/www.creusonslabible.fr\/wp-content\/uploads\/2016\/04\/maxresdefault-2.jpg","author_info":{"display_name":"Yoh","author_link":"https:\/\/www.creusonslabible.fr\/?author=3"},"author_meta":{"display_name":"Yoh","author_link":"https:\/\/www.creusonslabible.fr\/?author=3"},"featured_img":"https:\/\/www.creusonslabible.fr\/wp-content\/uploads\/2016\/04\/maxresdefault-2-300x225.jpg","coauthors":[],"tax_additional":{"categories":{"linked":["<a href=\"https:\/\/www.creusonslabible.fr\/?cat=200\" class=\"advgb-post-tax-term\">Dieu le Saint-Esprit<\/a>","<a href=\"https:\/\/www.creusonslabible.fr\/?cat=10\" class=\"advgb-post-tax-term\">Discussions autour de la Bible<\/a>","<a href=\"https:\/\/www.creusonslabible.fr\/?cat=75\" class=\"advgb-post-tax-term\">J\u00e9sus le Fils<\/a>","<a href=\"https:\/\/www.creusonslabible.fr\/?cat=180\" class=\"advgb-post-tax-term\">L&#039;\u00c9vang\u00e9lisation<\/a>","<a href=\"https:\/\/www.creusonslabible.fr\/?cat=345\" class=\"advgb-post-tax-term\">La pri\u00e8re<\/a>","<a href=\"https:\/\/www.creusonslabible.fr\/?cat=29\" class=\"advgb-post-tax-term\">Le chr\u00e9tien dans la soci\u00e9t\u00e9<\/a>"],"unlinked":["<span class=\"advgb-post-tax-term\">Dieu le Saint-Esprit<\/span>","<span class=\"advgb-post-tax-term\">Discussions autour de la Bible<\/span>","<span class=\"advgb-post-tax-term\">J\u00e9sus le Fils<\/span>","<span class=\"advgb-post-tax-term\">L&#039;\u00c9vang\u00e9lisation<\/span>","<span class=\"advgb-post-tax-term\">La pri\u00e8re<\/span>","<span class=\"advgb-post-tax-term\">Le chr\u00e9tien dans la soci\u00e9t\u00e9<\/span>"]},"tags":{"linked":["<a href=\"https:\/\/www.creusonslabible.fr\/?cat=29\" class=\"advgb-post-tax-term\">Actes<\/a>","<a href=\"https:\/\/www.creusonslabible.fr\/?cat=29\" class=\"advgb-post-tax-term\">courage<\/a>","<a href=\"https:\/\/www.creusonslabible.fr\/?cat=29\" class=\"advgb-post-tax-term\">\u00e9crit<\/a>","<a href=\"https:\/\/www.creusonslabible.fr\/?cat=29\" class=\"advgb-post-tax-term\">Jean<\/a>","<a href=\"https:\/\/www.creusonslabible.fr\/?cat=29\" class=\"advgb-post-tax-term\">miracle<\/a>","<a href=\"https:\/\/www.creusonslabible.fr\/?cat=29\" class=\"advgb-post-tax-term\">Nouveau-Testament<\/a>","<a href=\"https:\/\/www.creusonslabible.fr\/?cat=29\" class=\"advgb-post-tax-term\">Pierre<\/a>","<a href=\"https:\/\/www.creusonslabible.fr\/?cat=29\" class=\"advgb-post-tax-term\">Pri\u00e8re<\/a>","<a href=\"https:\/\/www.creusonslabible.fr\/?cat=29\" class=\"advgb-post-tax-term\">Sanh\u00e9drin<\/a>"],"unlinked":["<span class=\"advgb-post-tax-term\">Actes<\/span>","<span class=\"advgb-post-tax-term\">courage<\/span>","<span class=\"advgb-post-tax-term\">\u00e9crit<\/span>","<span class=\"advgb-post-tax-term\">Jean<\/span>","<span class=\"advgb-post-tax-term\">miracle<\/span>","<span class=\"advgb-post-tax-term\">Nouveau-Testament<\/span>","<span class=\"advgb-post-tax-term\">Pierre<\/span>","<span class=\"advgb-post-tax-term\">Pri\u00e8re<\/span>","<span class=\"advgb-post-tax-term\">Sanh\u00e9drin<\/span>"]}},"comment_count":"0","relative_dates":{"created":"Publi\u00e9 10 ans il y a","modified":"Mis \u00e0 jour 1 an il y a"},"absolute_dates":{"created":"Publi\u00e9 le 5 avril 2016","modified":"Mise \u00e0 jour le 24 janvier 2025"},"absolute_dates_time":{"created":"Publi\u00e9 le 5 avril 2016 11h59","modified":"Mise \u00e0 jour le 24 janvier 2025 12h20"},"featured_img_caption":"","series_order":"","meta_box":[],"_links":{"self":[{"href":"https:\/\/www.creusonslabible.fr\/index.php?rest_route=\/wp\/v2\/posts\/3491","targetHints":{"allow":["GET"]}}],"collection":[{"href":"https:\/\/www.creusonslabible.fr\/index.php?rest_route=\/wp\/v2\/posts"}],"about":[{"href":"https:\/\/www.creusonslabible.fr\/index.php?rest_route=\/wp\/v2\/types\/post"}],"author":[{"embeddable":true,"href":"https:\/\/www.creusonslabible.fr\/index.php?rest_route=\/wp\/v2\/users\/3"}],"replies":[{"embeddable":true,"href":"https:\/\/www.creusonslabible.fr\/index.php?rest_route=%2Fwp%2Fv2%2Fcomments&post=3491"}],"version-history":[{"count":1,"href":"https:\/\/www.creusonslabible.fr\/index.php?rest_route=\/wp\/v2\/posts\/3491\/revisions"}],"predecessor-version":[{"id":11176,"href":"https:\/\/www.creusonslabible.fr\/index.php?rest_route=\/wp\/v2\/posts\/3491\/revisions\/11176"}],"wp:featuredmedia":[{"embeddable":true,"href":"https:\/\/www.creusonslabible.fr\/index.php?rest_route=\/wp\/v2\/media\/4172"}],"wp:attachment":[{"href":"https:\/\/www.creusonslabible.fr\/index.php?rest_route=%2Fwp%2Fv2%2Fmedia&parent=3491"}],"wp:term":[{"taxonomy":"category","embeddable":true,"href":"https:\/\/www.creusonslabible.fr\/index.php?rest_route=%2Fwp%2Fv2%2Fcategories&post=3491"},{"taxonomy":"post_tag","embeddable":true,"href":"https:\/\/www.creusonslabible.fr\/index.php?rest_route=%2Fwp%2Fv2%2Ftags&post=3491"},{"taxonomy":"video","embeddable":true,"href":"https:\/\/www.creusonslabible.fr\/index.php?rest_route=%2Fwp%2Fv2%2Fvideo&post=3491"},{"taxonomy":"audio","embeddable":true,"href":"https:\/\/www.creusonslabible.fr\/index.php?rest_route=%2Fwp%2Fv2%2Faudio&post=3491"},{"taxonomy":"ecrit","embeddable":true,"href":"https:\/\/www.creusonslabible.fr\/index.php?rest_route=%2Fwp%2Fv2%2Fecrit&post=3491"},{"taxonomy":"mis-en-avant","embeddable":true,"href":"https:\/\/www.creusonslabible.fr\/index.php?rest_route=%2Fwp%2Fv2%2Fmis-en-avant&post=3491"},{"taxonomy":"redacteur","embeddable":true,"href":"https:\/\/www.creusonslabible.fr\/index.php?rest_route=%2Fwp%2Fv2%2Fredacteur&post=3491"},{"taxonomy":"type-darticle","embeddable":true,"href":"https:\/\/www.creusonslabible.fr\/index.php?rest_route=%2Fwp%2Fv2%2Ftype-darticle&post=3491"}],"curies":[{"name":"wp","href":"https:\/\/api.w.org\/{rel}","templated":true}]}}