{"id":3625,"date":"2015-12-08T16:29:56","date_gmt":"2015-12-08T16:29:56","guid":{"rendered":"http:\/\/www.creusonslabible.fr\/?p=3625"},"modified":"2025-01-24T12:19:02","modified_gmt":"2025-01-24T10:19:02","slug":"apocalypse-1-1-5-lalpha-et-lomega-prologue","status":"publish","type":"post","link":"https:\/\/www.creusonslabible.fr\/?p=3625","title":{"rendered":"Apocalypse 1.1-5 : L&rsquo;Alpha et l&rsquo;Omega (Prologue)"},"content":{"rendered":"<p><em>Cette trame de discussion a \u00e9t\u00e9 cr\u00e9e par Esther D., coordinatrice r\u00e9gionale des GBU dans le Nord, \u00e0 l&rsquo;attention du GBU de Compi\u00e8gne (2015).<\/em><\/p>\n<p><strong>Note sur la s\u00e9rie\u00a0:<\/strong>\u00a0L&rsquo;Apocalypse est un livre tr\u00e8s complexe et qui semble souvent incompr\u00e9hensible. Cette s\u00e9rie de discussions autour de textes choisis de l&rsquo;Apocalypse est \u00e9tudie pour \u00eatre accessible et pertinent m\u00eame \u00e0 quelqu&rsquo;un qui conna\u00eet tr\u00e8s peu la Bible, et pointer vers la souverainet\u00e9 de J\u00e9sus qui m\u00e8nera jusqu&rsquo;au bout son oeuvre de r\u00e9demption.<br \/>\nIl est recommand\u00e9 \u00e0 l&rsquo;animateur de\u00a0lire l&rsquo;introduction \u00e0 l&rsquo;Apocalypse\u00a0<a href=\"http:\/\/www.creusonslabible.fr\/?p=197\" target=\"_blank\" rel=\"noopener\">ici<\/a>.<\/p>\n<p><strong>Note \u00e0 l&rsquo;animateur sur ce passage :<\/strong>\u00a0Ceci est la deuxi\u00e8me discussions de la s\u00e9rie, elle reprend une 2e fois le prologue et approfondit, cette fois-ci,\u00a0la personne de \u00ab\u00a0l&rsquo;alpha et l&rsquo;om\u00e9ga\u00a0\u00bb, J\u00e9sus. C&rsquo;est cette\u00a0identit\u00e9 qui est la raison pourquoi ces chr\u00e9tiens en souffrance peuvent\u00a0reprendre courage.<\/p>\n<p>&nbsp;<\/p>\n<hr \/>\n<p><b>Question d\u2019introduction &#8211; 5 min<\/b>\u00a0<i>: Imaginez que vous jouez au foot dans un match de 3<\/i><i><sup>e<\/sup><\/i><i> division contre le village voisin, et c\u2019est la gal\u00e8re\u00a0! L\u2019\u00e9quipe adverse joue \u00e0 domicile et a tous ses supporteurs pour vous huer au moindre geste. Une pluie fine et froide vous agresse constamment. Les adversaires ne sont pas des champions, mais, il faut le dire, votre \u00e9quipe n\u2019est pas au top de sa forme\u00a0! En plus, vous venez de perdre votre meilleur joueur par blessure\u00a0! Bref, vous \u00eates en train de perdre lamentablement 3 contre 1.<\/i><\/p>\n<p><i>Le moral est au plus bas quand l\u2019arbitre siffle la fin de la premi\u00e8re mi-temps, et vous rentrez vous r\u00e9chauffer au vestiaire. Et l\u00e0, votre coach vous annonce que Zidane, originaire de votre village, est justement de passage et va venir int\u00e9grer votre \u00e9quipe\u00a0en cours de 2<\/i><i><sup>e<\/sup><\/i><i> mi-temps\u2026 !!<br \/>\n<\/i><i>=&gt; 1-\u00a02 volontaires peuvent faire semblant d\u2019\u00eatre le coach qui remotive ses troupes en leur vantant tous les exploits et toutes les meilleures caract\u00e9ristiques du grand Zizou\u00a0! Est-ce que \u00e7a encourage les joueurs \u00e0 pers\u00e9v\u00e9rer ?<\/i><\/p>\n<p>&nbsp;<\/p>\n<p><strong>Prologue et rappel (Apocalypse 1,1-8) &#8211; 5 min<\/strong><\/p>\n<p>Relire\u00a0le prologue. Demander aux membres pr\u00e9sents \u00e0 la derni\u00e8re discussion de\u00a0rappeler quelques notions abord\u00e9es.<i> (contexte d&rsquo;\u00e9criture, cha\u00eene de\u00a0transmission,&#8230;)<\/i><\/p>\n<p>Cette fois-ci, nous allons nous focaliser sur Dieu, et notamment la personne de J\u00e9sus, tels qu\u2019ils sont d\u00e9crits. Si ces descriptions sont pr\u00e9sentes de fa\u00e7on aussi d\u00e9taill\u00e9e dans l\u2019intro et la conclusion de l\u2019apocalypse, c\u2019est que l\u2019identit\u00e9 de J\u00e9sus a une importance-cl\u00e9 pour les destinataires de cette lettre\u00a0!<\/p>\n<p><strong>1,4b-8 : Relisons ces versets &#8211; \u00a010 min<\/strong><\/p>\n<ul>\n<li>[Observation] Relisons Ap 1, 4b-5. De qui viennent la \u00ab\u00a0gr\u00e2ce\u00a0\u00bb et la \u00ab\u00a0paix\u00a0\u00bb que Jean souhaite \u00e0 ses destinataires\u00a0?\u00a0<em>R\u00e9f\u00e9rence aux 3 personnes de la trinit\u00e9\u00a0<\/em><\/li>\n<li>[Observation\/Interpr\u00e9tation]\u00a0: v. 5-8\u00a0: R\u00e9fl\u00e9chissez pour identifier qui est \u00ab\u00a0celui qui\u2026\u00a0\u00bb (v. 5\/6), \u00ab\u00a0il\u00a0\u00bb (v7), \u00ab\u00a0moi\u00a0\u00bb (v. 8)\u00a0? <em>J\u00e9sus<\/em>.<\/li>\n<li>[Observation] Distinguez qui sont les diff\u00e9rents groupes de personnes mentionn\u00e9s dans ces versets. \u00a0\u00ab\u00a0il\u00a0\u00bb \u00ab\u00a0nous\u00a0\u00bb \u00ab\u00a0ceux qui l\u2019ont transperc\u00e9\u00a0\u00bb \u00ab\u00a0tous\u00a0\u00bb<\/li>\n<\/ul>\n<p><strong>Les caract\u00e9ristiques de J\u00e9sus &#8211; 15 min<\/strong><\/p>\n<ul>\n<li>[Observation] Parmi toutes les caract\u00e9ristiques de J\u00e9sus dans ce texte, identifiez ceux qui sont au pass\u00e9, ceux qui sont au pr\u00e9sent, et ceux qui sont au futur.<br \/>\n<em>=&gt; Pass\u00e9\u00a0: J\u00e9sus est mort \u00e0 la croix et ressuscit\u00e9, nous a d\u00e9livr\u00e9 de nos p\u00e9ch\u00e9s par son sang,\u00a0<\/em><em>en portant notre p\u00e9ch\u00e9 \u00e0 notre place pour nous r\u00e9concilier avec Dieu.<br \/>\n<\/em><em>=&gt; Pr\u00e9sent\u00a0: amour, chef des rois de la terre<br \/>\n<\/em><em>=&gt; Futur\u00a0: Il reviendra, tous le verront, \u00e0 lui soit la gloire, il va r\u00e9gner<\/em><\/li>\n<li>\u00a0[Interpr\u00e9tation] v. 8 Est-ce que quelqu\u2019un sait ce que signifie \u00ab\u00a0Je suis l\u2019alpha et l\u2019omega\u00a0\u00bb\u00a0? <em>1\u00e8re et derni\u00e8re lettre de l\u2019alphabet grec\u2026 d\u00e9but et fin de toutes choses (expression utilis\u00e9e plusieurs fois dans la Bible)<\/em><\/li>\n<li>[Interpr\u00e9tation] Comparez v.4 et 8\u00a0: Qu\u2019est-ce que J\u00e9sus affirme au v. 8 en disant \u00ab\u00a0Je suis celui qui est, qui \u00e9tait et qui vient\u00a0\u00bb\u00a0? <em>J\u00e9sus\u00a0s\u2019identifie \u00e0 Dieu\u00a0!! (Dans l\u2019Ancien Testament, Dieu s\u2019identifie m\u00eame par \u00ab\u00a0Je suis\u00a0\u00bb)\u00a0<\/em><\/li>\n<\/ul>\n<p><strong>Conclusion &#8211; 10 min<\/strong><\/p>\n<ul>\n<li>[Interpr\u00e9tation] R\u00e9fl\u00e9chissez comment toutes ces caract\u00e9ristiques sont susceptibles d&rsquo;encourager les chr\u00e9tiens anxieux et pers\u00e9cut\u00e9s au premier si\u00e8cle. <em>\u00a0J\u00e9sus a souffert lui-m\u00eame en premier, avant ses disciples.\u00a0<\/em><em>Il a vaincu la mort\u00a0! Espoir qu\u2019\u00e0 la fin tout genou fl\u00e9chira devant J\u00e9sus, il est le ma\u00eetre.<\/em><\/li>\n<\/ul>\n<ul>\n<li>\u00a0[Application] Quelles sont les v\u00e9rit\u00e9s qui ont un stimulant pour vous\u00a0? Pourquoi\u00a0?<\/li>\n<\/ul>\n<p>&nbsp;<\/p>\n<p><strong>Compl\u00e9ment\u00a0&#8211; 10 min<\/strong><\/p>\n<p>Lisons deux textes qui parlent aussi de l\u2019Alpha et de l\u2019Omega\u00a0: Ap 21, 5-8 et Esa\u00efe 44, 6-8<\/p>\n<ul>\n<li>[Observation\/Interpr\u00e9tation] Quelles promesses sont contenues dans la personne de Dieu, Alpha et Omega\u00a0?<\/li>\n<li>[Application] On peut r\u00e9fl\u00e9chir chacun au rapport qu\u2019on a avec celui qui est l\u2019Alpha et l\u2019Om\u00e9ga.<\/li>\n<\/ul>\n","protected":false},"excerpt":{"rendered":"<p>Cette trame de discussion a \u00e9t\u00e9 cr\u00e9e par Esther D., coordinatrice r\u00e9gionale des GBU dans le Nord, \u00e0 l&rsquo;attention du GBU de Compi\u00e8gne (2015). Note sur la s\u00e9rie\u00a0:\u00a0L&rsquo;Apocalypse est un livre tr\u00e8s complexe et qui semble souvent incompr\u00e9hensible. Cette s\u00e9rie de discussions autour de textes choisis de l&rsquo;Apocalypse est \u00e9tudie pour \u00eatre accessible et pertinent [&hellip;]<\/p>\n","protected":false},"author":2,"featured_media":3627,"comment_status":"open","ping_status":"closed","sticky":false,"template":"","format":"standard","meta":{"_acf_changed":false,"_eb_attr":"","advgb_blocks_editor_width":"","advgb_blocks_columns_visual_guide":"","footnotes":""},"categories":[10],"tags":[87,651,1027,23,1012],"video":[],"audio":[],"ecrit":[],"mis-en-avant":[],"redacteur":[],"type-darticle":[],"class_list":["post-3625","post","type-post","status-publish","format-standard","has-post-thumbnail","hentry","category-discussions-autour-de-la-bible","tag-apocalypse","tag-ecrit","tag-identite-de-jesus","tag-nouveau-testament","tag-relu"],"blocksy_meta":[],"acf":[],"featured_image_src":"https:\/\/www.creusonslabible.fr\/wp-content\/uploads\/2015\/12\/2531671014_aaf5a662c0_b-1.jpg","author_info":{"display_name":"caillou","author_link":"https:\/\/www.creusonslabible.fr\/?author=2"},"author_meta":{"display_name":"caillou","author_link":"https:\/\/www.creusonslabible.fr\/?author=2"},"featured_img":"https:\/\/www.creusonslabible.fr\/wp-content\/uploads\/2015\/12\/2531671014_aaf5a662c0_b-1-300x217.jpg","coauthors":[],"tax_additional":{"categories":{"linked":["<a href=\"https:\/\/www.creusonslabible.fr\/?cat=10\" class=\"advgb-post-tax-term\">Discussions autour de la Bible<\/a>"],"unlinked":["<span class=\"advgb-post-tax-term\">Discussions autour de la Bible<\/span>"]},"tags":{"linked":["<a href=\"https:\/\/www.creusonslabible.fr\/?cat=10\" class=\"advgb-post-tax-term\">Apocalypse<\/a>","<a href=\"https:\/\/www.creusonslabible.fr\/?cat=10\" class=\"advgb-post-tax-term\">\u00e9crit<\/a>","<a href=\"https:\/\/www.creusonslabible.fr\/?cat=10\" class=\"advgb-post-tax-term\">Identit\u00e9 de J\u00e9sus<\/a>","<a href=\"https:\/\/www.creusonslabible.fr\/?cat=10\" class=\"advgb-post-tax-term\">Nouveau-Testament<\/a>","<a href=\"https:\/\/www.creusonslabible.fr\/?cat=10\" class=\"advgb-post-tax-term\">RELU<\/a>"],"unlinked":["<span class=\"advgb-post-tax-term\">Apocalypse<\/span>","<span class=\"advgb-post-tax-term\">\u00e9crit<\/span>","<span class=\"advgb-post-tax-term\">Identit\u00e9 de J\u00e9sus<\/span>","<span class=\"advgb-post-tax-term\">Nouveau-Testament<\/span>","<span class=\"advgb-post-tax-term\">RELU<\/span>"]}},"comment_count":"0","relative_dates":{"created":"Publi\u00e9 10 ans il y a","modified":"Mis \u00e0 jour 1 an il y a"},"absolute_dates":{"created":"Publi\u00e9 le 8 d\u00e9cembre 2015","modified":"Mise \u00e0 jour le 24 janvier 2025"},"absolute_dates_time":{"created":"Publi\u00e9 le 8 d\u00e9cembre 2015 16h29","modified":"Mise \u00e0 jour le 24 janvier 2025 12h19"},"featured_img_caption":"","series_order":"","meta_box":[],"_links":{"self":[{"href":"https:\/\/www.creusonslabible.fr\/index.php?rest_route=\/wp\/v2\/posts\/3625","targetHints":{"allow":["GET"]}}],"collection":[{"href":"https:\/\/www.creusonslabible.fr\/index.php?rest_route=\/wp\/v2\/posts"}],"about":[{"href":"https:\/\/www.creusonslabible.fr\/index.php?rest_route=\/wp\/v2\/types\/post"}],"author":[{"embeddable":true,"href":"https:\/\/www.creusonslabible.fr\/index.php?rest_route=\/wp\/v2\/users\/2"}],"replies":[{"embeddable":true,"href":"https:\/\/www.creusonslabible.fr\/index.php?rest_route=%2Fwp%2Fv2%2Fcomments&post=3625"}],"version-history":[{"count":1,"href":"https:\/\/www.creusonslabible.fr\/index.php?rest_route=\/wp\/v2\/posts\/3625\/revisions"}],"predecessor-version":[{"id":11166,"href":"https:\/\/www.creusonslabible.fr\/index.php?rest_route=\/wp\/v2\/posts\/3625\/revisions\/11166"}],"wp:featuredmedia":[{"embeddable":true,"href":"https:\/\/www.creusonslabible.fr\/index.php?rest_route=\/wp\/v2\/media\/3627"}],"wp:attachment":[{"href":"https:\/\/www.creusonslabible.fr\/index.php?rest_route=%2Fwp%2Fv2%2Fmedia&parent=3625"}],"wp:term":[{"taxonomy":"category","embeddable":true,"href":"https:\/\/www.creusonslabible.fr\/index.php?rest_route=%2Fwp%2Fv2%2Fcategories&post=3625"},{"taxonomy":"post_tag","embeddable":true,"href":"https:\/\/www.creusonslabible.fr\/index.php?rest_route=%2Fwp%2Fv2%2Ftags&post=3625"},{"taxonomy":"video","embeddable":true,"href":"https:\/\/www.creusonslabible.fr\/index.php?rest_route=%2Fwp%2Fv2%2Fvideo&post=3625"},{"taxonomy":"audio","embeddable":true,"href":"https:\/\/www.creusonslabible.fr\/index.php?rest_route=%2Fwp%2Fv2%2Faudio&post=3625"},{"taxonomy":"ecrit","embeddable":true,"href":"https:\/\/www.creusonslabible.fr\/index.php?rest_route=%2Fwp%2Fv2%2Fecrit&post=3625"},{"taxonomy":"mis-en-avant","embeddable":true,"href":"https:\/\/www.creusonslabible.fr\/index.php?rest_route=%2Fwp%2Fv2%2Fmis-en-avant&post=3625"},{"taxonomy":"redacteur","embeddable":true,"href":"https:\/\/www.creusonslabible.fr\/index.php?rest_route=%2Fwp%2Fv2%2Fredacteur&post=3625"},{"taxonomy":"type-darticle","embeddable":true,"href":"https:\/\/www.creusonslabible.fr\/index.php?rest_route=%2Fwp%2Fv2%2Ftype-darticle&post=3625"}],"curies":[{"name":"wp","href":"https:\/\/api.w.org\/{rel}","templated":true}]}}