{"id":385,"date":"2012-07-06T20:34:32","date_gmt":"2012-07-06T20:34:32","guid":{"rendered":"http:\/\/elearning.gbu.fr\/?p=385"},"modified":"2025-01-24T11:25:13","modified_gmt":"2025-01-24T09:25:13","slug":"esther","status":"publish","type":"post","link":"https:\/\/www.creusonslabible.fr\/?p=385","title":{"rendered":"Esther"},"content":{"rendered":"<p>Le livre d\u2019Esther est une histoire \u00e0 rebondissements qui gagne \u00e0 \u00eatre lue d\u2019une seule traite, et non de mani\u00e8re interrompue.<\/p>\n<p><!--more--><br \/>\nSon auteur et sa date de r\u00e9daction ne peuvent pas \u00eatre identifi\u00e9s avec certitude; cependant, la multitude de d\u00e9tails et la couleur locale laissent penser que le r\u00e9cit a \u00e9t\u00e9 \u00e9crit en Perse peu de temps apr\u00e8s les \u00e9v\u00e8nements relat\u00e9s dans le livre. Peut-\u00eatre que ses origines perses expliquent le d\u00e9lai qui s\u2019est \u00e9coul\u00e9 avant qu\u2019il soit accept\u00e9 dans le canon des juifs de Palestine. Assu\u00e9rus est g\u00e9n\u00e9ralement identifi\u00e9 comme \u00e9tant Xerx\u00e8s (485\u2013465 avant JC), et l\u2019histoire se d\u00e9roule \u00e0 Suse, l\u2019une des trois capitales de l\u2019Empire Perse, ce qui place les \u00e9v\u00e8nements quelques ann\u00e9es avant ceux d\u2019Esdras et N\u00e9h\u00e9mie, qui se rattachent au r\u00e8gne suivant, celui d\u2019Artaxerx\u00e9s (465\u2013424 avant JC).<br \/>\nL\u2019une des caract\u00e9ristiques les plus frappantes de ce livre est l\u2019absence totale du nom de Dieu. Pourtant, tout le d\u00e9roulement de l\u2019histoire est teint\u00e9 d\u2019un patriotisme sous-jacent et d\u2019un sens d\u2019une providence essentielle, puisque les Juifs en exil sont sauv\u00e9s de la destruction. Leur d\u00e9livrance est \u00e0 l\u2019origine de la f\u00eate du Pourim.<\/p>\n<p>&nbsp;<\/p>\n<p><strong><a name=\"2\"><\/a>Analyse<br \/>\n<\/strong><br \/>\n1:1\u201322 : La reine Vasthi d\u00e9sob\u00e9it au roi Assu\u00e9rus et est disgraci\u00e9e.<br \/>\n2:1\u201320 : Esther, une femme juive, est choisie par le roi pour remplacer Vasthi.<br \/>\n2:21\u201323 : Mardoch\u00e9e r\u00e9v\u00e8le un complot contre le Roi.<br \/>\n3:1\u201315 : Mardoch\u00e9e refuse de s\u2019incliner devant Haman, le favori du roi, qui d\u00e9cide en retour d\u2019un projet pour faire massacrer les Juifs.<br \/>\n4:1\u201317 : Mardoch\u00e9e persuade Esther d\u2019intervenir aupr\u00e8s du Roi.<br \/>\n5:1\u20138: Le roi re\u00e7oit Esther.<br \/>\n5:9\u201314: Haman fait des combines pour s\u2019assurer que Mardoch\u00e9e mourra.<br \/>\n6:1\u201314 : Le Roi demande \u00e0 Haman d\u2019honorer publiquement Mardoch\u00e9e pour le r\u00e9compenser d\u2019avoir r\u00e9v\u00e9l\u00e9 le complot qui se tramait contre lui.<br \/>\n7:1\u201310 : La plaidoirie d\u2019Esther est exauc\u00e9e et en cons\u00e9quence, Haman est ex\u00e9cut\u00e9.<br \/>\n8:1\u201317: Mardoch\u00e9e est de nouveau mis \u00e0 l\u2019honneur, et l\u2019on publie un d\u00e9cret qui autorise les Juifs \u00e0 se d\u00e9fendre.<br \/>\n9:1\u201319 : les Juifs massacrent leurs ennemis.<br \/>\n9:20\u201332: Leur d\u00e9livrance comm\u00e9mor\u00e9e par la f\u00eate du Pourim.<br \/>\n10:1\u20133: Mardoch\u00e9e est promu \u00e0 de hautes fonctions.<\/p>\n","protected":false},"excerpt":{"rendered":"<p>Le livre d\u2019Esther est une histoire \u00e0 rebondissements qui gagne \u00e0 \u00eatre lue d\u2019une seule traite, et non de mani\u00e8re interrompue.<\/p>\n","protected":false},"author":2,"featured_media":2095,"comment_status":"open","ping_status":"open","sticky":false,"template":"","format":"standard","meta":{"_acf_changed":false,"_eb_attr":"","advgb_blocks_editor_width":"","advgb_blocks_columns_visual_guide":"","footnotes":""},"categories":[90],"tags":[651,280],"video":[],"audio":[],"ecrit":[],"mis-en-avant":[],"redacteur":[],"type-darticle":[],"class_list":["post-385","post","type-post","status-publish","format-standard","has-post-thumbnail","hentry","category-introduction-aux-livres-bibliques","tag-ecrit","tag-esther"],"blocksy_meta":[],"acf":[],"featured_image_src":"https:\/\/www.creusonslabible.fr\/wp-content\/uploads\/2012\/07\/Esther-1.jpg","author_info":{"display_name":"caillou","author_link":"https:\/\/www.creusonslabible.fr\/?author=2"},"author_meta":{"display_name":"caillou","author_link":"https:\/\/www.creusonslabible.fr\/?author=2"},"featured_img":"https:\/\/www.creusonslabible.fr\/wp-content\/uploads\/2012\/07\/Esther-1.jpg","coauthors":[],"tax_additional":{"categories":{"linked":["<a href=\"https:\/\/www.creusonslabible.fr\/?cat=90\" class=\"advgb-post-tax-term\">Introduction aux livres Bibliques<\/a>"],"unlinked":["<span class=\"advgb-post-tax-term\">Introduction aux livres Bibliques<\/span>"]},"tags":{"linked":["<a href=\"https:\/\/www.creusonslabible.fr\/?cat=90\" class=\"advgb-post-tax-term\">\u00e9crit<\/a>","<a href=\"https:\/\/www.creusonslabible.fr\/?cat=90\" class=\"advgb-post-tax-term\">Esther<\/a>"],"unlinked":["<span class=\"advgb-post-tax-term\">\u00e9crit<\/span>","<span class=\"advgb-post-tax-term\">Esther<\/span>"]}},"comment_count":"0","relative_dates":{"created":"Publi\u00e9 14 ans il y a","modified":"Mis \u00e0 jour 1 an il y a"},"absolute_dates":{"created":"Publi\u00e9 le 6 juillet 2012","modified":"Mise \u00e0 jour le 24 janvier 2025"},"absolute_dates_time":{"created":"Publi\u00e9 le 6 juillet 2012 20h34","modified":"Mise \u00e0 jour le 24 janvier 2025 11h25"},"featured_img_caption":"","series_order":"","meta_box":[],"_links":{"self":[{"href":"https:\/\/www.creusonslabible.fr\/index.php?rest_route=\/wp\/v2\/posts\/385","targetHints":{"allow":["GET"]}}],"collection":[{"href":"https:\/\/www.creusonslabible.fr\/index.php?rest_route=\/wp\/v2\/posts"}],"about":[{"href":"https:\/\/www.creusonslabible.fr\/index.php?rest_route=\/wp\/v2\/types\/post"}],"author":[{"embeddable":true,"href":"https:\/\/www.creusonslabible.fr\/index.php?rest_route=\/wp\/v2\/users\/2"}],"replies":[{"embeddable":true,"href":"https:\/\/www.creusonslabible.fr\/index.php?rest_route=%2Fwp%2Fv2%2Fcomments&post=385"}],"version-history":[{"count":1,"href":"https:\/\/www.creusonslabible.fr\/index.php?rest_route=\/wp\/v2\/posts\/385\/revisions"}],"predecessor-version":[{"id":10889,"href":"https:\/\/www.creusonslabible.fr\/index.php?rest_route=\/wp\/v2\/posts\/385\/revisions\/10889"}],"wp:featuredmedia":[{"embeddable":true,"href":"https:\/\/www.creusonslabible.fr\/index.php?rest_route=\/wp\/v2\/media\/2095"}],"wp:attachment":[{"href":"https:\/\/www.creusonslabible.fr\/index.php?rest_route=%2Fwp%2Fv2%2Fmedia&parent=385"}],"wp:term":[{"taxonomy":"category","embeddable":true,"href":"https:\/\/www.creusonslabible.fr\/index.php?rest_route=%2Fwp%2Fv2%2Fcategories&post=385"},{"taxonomy":"post_tag","embeddable":true,"href":"https:\/\/www.creusonslabible.fr\/index.php?rest_route=%2Fwp%2Fv2%2Ftags&post=385"},{"taxonomy":"video","embeddable":true,"href":"https:\/\/www.creusonslabible.fr\/index.php?rest_route=%2Fwp%2Fv2%2Fvideo&post=385"},{"taxonomy":"audio","embeddable":true,"href":"https:\/\/www.creusonslabible.fr\/index.php?rest_route=%2Fwp%2Fv2%2Faudio&post=385"},{"taxonomy":"ecrit","embeddable":true,"href":"https:\/\/www.creusonslabible.fr\/index.php?rest_route=%2Fwp%2Fv2%2Fecrit&post=385"},{"taxonomy":"mis-en-avant","embeddable":true,"href":"https:\/\/www.creusonslabible.fr\/index.php?rest_route=%2Fwp%2Fv2%2Fmis-en-avant&post=385"},{"taxonomy":"redacteur","embeddable":true,"href":"https:\/\/www.creusonslabible.fr\/index.php?rest_route=%2Fwp%2Fv2%2Fredacteur&post=385"},{"taxonomy":"type-darticle","embeddable":true,"href":"https:\/\/www.creusonslabible.fr\/index.php?rest_route=%2Fwp%2Fv2%2Ftype-darticle&post=385"}],"curies":[{"name":"wp","href":"https:\/\/api.w.org\/{rel}","templated":true}]}}