{"id":3857,"date":"2016-01-12T08:45:09","date_gmt":"2016-01-12T08:45:09","guid":{"rendered":"http:\/\/www.creusonslabible.fr\/?p=3857"},"modified":"2025-01-24T13:04:44","modified_gmt":"2025-01-24T11:04:44","slug":"la-catastrophe-de-586-lamentations-1-12-21","status":"publish","type":"post","link":"https:\/\/www.creusonslabible.fr\/?p=3857","title":{"rendered":"La catastrophe de 586 : Lamentations 1.12-21"},"content":{"rendered":"\n<h4 class=\"wp-block-heading\">C&rsquo;est pas tous les jours qu&rsquo;on entend une ville parler ! Dans ce passage, c&rsquo;est la J\u00e9rusalem personnifi\u00e9e qui nous raconte comment Dieu a ch\u00e2ti\u00e9 son idol\u00e2trie maladive en la l\u00e2chant, en arr\u00eatant de la prot\u00e9ger.<\/h4>\n\n\n\n<p>(Ce message a \u00e9t\u00e9 enregistr\u00e9 lors d&rsquo;un culte dans une assembl\u00e9e protestante \u00e9vang\u00e9lique)<\/p>\n\n\n\n<h2 class=\"wp-block-heading\"><a href=\"http:\/\/elearning.gbu.fr\/audio\/Exposes%20divers\/586%20Lamentions%201.12-21.mp3\">La catastrophe de 586 : Lamentations 1.12-21<\/a><\/h2>\n\n\n\n<figure class=\"wp-block-audio\"><audio controls src=\"http:\/\/elearning.gbu.fr\/audio\/Exposes%20divers\/586%20Lamentions%201.12-21.mp3\"><\/audio><\/figure>\n\n\n\n<p><a href=\"http:\/\/www.creusonslabible.fr\/?attachment_id=3859\" rel=\"attachment wp-att-3859\">Lamentations 1.12-21, version \u00e9crite<\/a><\/p>\n","protected":false},"excerpt":{"rendered":"<p>C&rsquo;est pas tous les jours qu&rsquo;on entend une ville parler ! Dans ce passage, c&rsquo;est la J\u00e9rusalem personnifi\u00e9e qui nous raconte comment Dieu a ch\u00e2ti\u00e9 son idol\u00e2trie maladive en la l\u00e2chant, en arr\u00eatant de la prot\u00e9ger. (Ce message a \u00e9t\u00e9 enregistr\u00e9 lors d&rsquo;un culte dans une assembl\u00e9e protestante \u00e9vang\u00e9lique) La catastrophe de 586 : Lamentations [&hellip;]<\/p>\n","protected":false},"author":3,"featured_media":3858,"comment_status":"open","ping_status":"closed","sticky":false,"template":"","format":"audio","meta":{"_acf_changed":false,"_eb_attr":"","advgb_blocks_editor_width":"","advgb_blocks_columns_visual_guide":"","footnotes":""},"categories":[255,38,30,16,24],"tags":[648,170,657,1041,574,801,802,652,1042,523],"video":[],"audio":[],"ecrit":[],"mis-en-avant":[],"redacteur":[],"type-darticle":[],"class_list":["post-3857","post","type-post","status-publish","format-audio","has-post-thumbnail","hentry","category-comment-dieu-se-revele","category-grandir-avec-dieu","category-le-peche-le-mal","category-meditations-bibliques","category-textes-bibliques-commentes","tag-648","tag-ancien-testament","tag-audio","tag-destruction","tag-exil","tag-grace-commune","tag-grace-speciale","tag-jerusalem","tag-lamentations","tag-temple","post_format-post-format-audio"],"blocksy_meta":[],"acf":[],"featured_image_src":"https:\/\/www.creusonslabible.fr\/wp-content\/uploads\/2016\/01\/92432389_26df2c2f0e_o_d-1.jpg","author_info":{"display_name":"Yoh","author_link":"https:\/\/www.creusonslabible.fr\/?author=3"},"author_meta":{"display_name":"Yoh","author_link":"https:\/\/www.creusonslabible.fr\/?author=3"},"featured_img":"https:\/\/www.creusonslabible.fr\/wp-content\/uploads\/2016\/01\/92432389_26df2c2f0e_o_d-1-300x160.jpg","coauthors":[],"tax_additional":{"categories":{"linked":["<a href=\"https:\/\/www.creusonslabible.fr\/?cat=255\" class=\"advgb-post-tax-term\">Comment Dieu se r\u00e9v\u00e8le<\/a>","<a href=\"https:\/\/www.creusonslabible.fr\/?cat=38\" class=\"advgb-post-tax-term\">Grandir avec Dieu<\/a>","<a href=\"https:\/\/www.creusonslabible.fr\/?cat=30\" class=\"advgb-post-tax-term\">Le P\u00e9ch\u00e9 \/ Le mal<\/a>","<a href=\"https:\/\/www.creusonslabible.fr\/?cat=16\" class=\"advgb-post-tax-term\">M\u00e9ditations bibliques<\/a>","<a href=\"https:\/\/www.creusonslabible.fr\/?cat=24\" class=\"advgb-post-tax-term\">Textes Bibliques comment\u00e9s<\/a>"],"unlinked":["<span class=\"advgb-post-tax-term\">Comment Dieu se r\u00e9v\u00e8le<\/span>","<span class=\"advgb-post-tax-term\">Grandir avec Dieu<\/span>","<span class=\"advgb-post-tax-term\">Le P\u00e9ch\u00e9 \/ Le mal<\/span>","<span class=\"advgb-post-tax-term\">M\u00e9ditations bibliques<\/span>","<span class=\"advgb-post-tax-term\">Textes Bibliques comment\u00e9s<\/span>"]},"tags":{"linked":["<a href=\"https:\/\/www.creusonslabible.fr\/?cat=24\" class=\"advgb-post-tax-term\">586<\/a>","<a href=\"https:\/\/www.creusonslabible.fr\/?cat=24\" class=\"advgb-post-tax-term\">Ancien-Testament<\/a>","<a href=\"https:\/\/www.creusonslabible.fr\/?cat=24\" class=\"advgb-post-tax-term\">audio<\/a>","<a href=\"https:\/\/www.creusonslabible.fr\/?cat=24\" class=\"advgb-post-tax-term\">destruction<\/a>","<a href=\"https:\/\/www.creusonslabible.fr\/?cat=24\" class=\"advgb-post-tax-term\">exil<\/a>","<a href=\"https:\/\/www.creusonslabible.fr\/?cat=24\" class=\"advgb-post-tax-term\">gr\u00e2ce commune<\/a>","<a href=\"https:\/\/www.creusonslabible.fr\/?cat=24\" class=\"advgb-post-tax-term\">gr\u00e2ce sp\u00e9ciale<\/a>","<a href=\"https:\/\/www.creusonslabible.fr\/?cat=24\" class=\"advgb-post-tax-term\">J\u00e9rusalem<\/a>","<a href=\"https:\/\/www.creusonslabible.fr\/?cat=24\" class=\"advgb-post-tax-term\">Lamentations<\/a>","<a href=\"https:\/\/www.creusonslabible.fr\/?cat=24\" class=\"advgb-post-tax-term\">Temple<\/a>"],"unlinked":["<span class=\"advgb-post-tax-term\">586<\/span>","<span class=\"advgb-post-tax-term\">Ancien-Testament<\/span>","<span class=\"advgb-post-tax-term\">audio<\/span>","<span class=\"advgb-post-tax-term\">destruction<\/span>","<span class=\"advgb-post-tax-term\">exil<\/span>","<span class=\"advgb-post-tax-term\">gr\u00e2ce commune<\/span>","<span class=\"advgb-post-tax-term\">gr\u00e2ce sp\u00e9ciale<\/span>","<span class=\"advgb-post-tax-term\">J\u00e9rusalem<\/span>","<span class=\"advgb-post-tax-term\">Lamentations<\/span>","<span class=\"advgb-post-tax-term\">Temple<\/span>"]}},"comment_count":"0","relative_dates":{"created":"Publi\u00e9 10 ans il y a","modified":"Mis \u00e0 jour 1 an il y a"},"absolute_dates":{"created":"Publi\u00e9 le 12 janvier 2016","modified":"Mise \u00e0 jour le 24 janvier 2025"},"absolute_dates_time":{"created":"Publi\u00e9 le 12 janvier 2016 8h45","modified":"Mise \u00e0 jour le 24 janvier 2025 13h04"},"featured_img_caption":"","series_order":"","meta_box":[],"_links":{"self":[{"href":"https:\/\/www.creusonslabible.fr\/index.php?rest_route=\/wp\/v2\/posts\/3857","targetHints":{"allow":["GET"]}}],"collection":[{"href":"https:\/\/www.creusonslabible.fr\/index.php?rest_route=\/wp\/v2\/posts"}],"about":[{"href":"https:\/\/www.creusonslabible.fr\/index.php?rest_route=\/wp\/v2\/types\/post"}],"author":[{"embeddable":true,"href":"https:\/\/www.creusonslabible.fr\/index.php?rest_route=\/wp\/v2\/users\/3"}],"replies":[{"embeddable":true,"href":"https:\/\/www.creusonslabible.fr\/index.php?rest_route=%2Fwp%2Fv2%2Fcomments&post=3857"}],"version-history":[{"count":2,"href":"https:\/\/www.creusonslabible.fr\/index.php?rest_route=\/wp\/v2\/posts\/3857\/revisions"}],"predecessor-version":[{"id":11221,"href":"https:\/\/www.creusonslabible.fr\/index.php?rest_route=\/wp\/v2\/posts\/3857\/revisions\/11221"}],"wp:featuredmedia":[{"embeddable":true,"href":"https:\/\/www.creusonslabible.fr\/index.php?rest_route=\/wp\/v2\/media\/3858"}],"wp:attachment":[{"href":"https:\/\/www.creusonslabible.fr\/index.php?rest_route=%2Fwp%2Fv2%2Fmedia&parent=3857"}],"wp:term":[{"taxonomy":"category","embeddable":true,"href":"https:\/\/www.creusonslabible.fr\/index.php?rest_route=%2Fwp%2Fv2%2Fcategories&post=3857"},{"taxonomy":"post_tag","embeddable":true,"href":"https:\/\/www.creusonslabible.fr\/index.php?rest_route=%2Fwp%2Fv2%2Ftags&post=3857"},{"taxonomy":"video","embeddable":true,"href":"https:\/\/www.creusonslabible.fr\/index.php?rest_route=%2Fwp%2Fv2%2Fvideo&post=3857"},{"taxonomy":"audio","embeddable":true,"href":"https:\/\/www.creusonslabible.fr\/index.php?rest_route=%2Fwp%2Fv2%2Faudio&post=3857"},{"taxonomy":"ecrit","embeddable":true,"href":"https:\/\/www.creusonslabible.fr\/index.php?rest_route=%2Fwp%2Fv2%2Fecrit&post=3857"},{"taxonomy":"mis-en-avant","embeddable":true,"href":"https:\/\/www.creusonslabible.fr\/index.php?rest_route=%2Fwp%2Fv2%2Fmis-en-avant&post=3857"},{"taxonomy":"redacteur","embeddable":true,"href":"https:\/\/www.creusonslabible.fr\/index.php?rest_route=%2Fwp%2Fv2%2Fredacteur&post=3857"},{"taxonomy":"type-darticle","embeddable":true,"href":"https:\/\/www.creusonslabible.fr\/index.php?rest_route=%2Fwp%2Fv2%2Ftype-darticle&post=3857"}],"curies":[{"name":"wp","href":"https:\/\/api.w.org\/{rel}","templated":true}]}}