{"id":3871,"date":"2016-02-09T20:22:29","date_gmt":"2016-02-09T20:22:29","guid":{"rendered":"http:\/\/www.creusonslabible.fr\/?p=3871"},"modified":"2025-01-24T12:18:59","modified_gmt":"2025-01-24T10:18:59","slug":"esaie-1","status":"publish","type":"post","link":"https:\/\/www.creusonslabible.fr\/?p=3871","title":{"rendered":"Esa\u00efe 1 &#8211; Juda, la crise !"},"content":{"rendered":"<p><strong>Note pour l\u2019animateur :<\/strong>\u00a0Il est recommand\u00e9 \u00e0 l\u2019animateur de lire l\u2019introduction au livre d&rsquo;Esa\u00efe <a href=\"http:\/\/www.creusonslabible.fr\/?p=372\" target=\"_blank\" rel=\"noopener\">ici<\/a><\/p>\n<p><strong>Rep\u00e8res chronologiques :<\/strong><\/p>\n<p>740\/739 av. J.-C. : L\u2019appel d\u2019Esa\u00efe (Es 6.1)<\/p>\n<p>722\/721 av. J.C. : L\u2019Assyrie vainc Isra\u00ebl (Le royaume du Nord)<\/p>\n<p>701 av. J.C. : L\u2019Assyrie menace Juda (Es 36.1)<\/p>\n<p>586 av. J.C : L\u2019empire de Babylone vainc Juda<\/p>\n<p><strong>Id\u00e9e principale\u00a0:<\/strong> Face \u00e0 l\u2019endurcissement de son peuple, l\u2019Eternel va juger.<\/p>\n<p><strong>Question d\u2019accroche<\/strong>\u00a0: Qu\u2019est-ce qui peut nous amener \u00e0 ne pas vouloir changer d\u2019attitude\u00a0? <em>(se dire qu\u2019apr\u00e8s tout, on est pas mal\u00a0; se dire que personne n\u2019a l\u2019autorit\u00e9 de nous dire comment agir\u00a0; \u00eatre attach\u00e9 \u00e0 sa fa\u00e7on d\u2019\u00eatre, de vivre\u2026)<\/em><\/p>\n<p><strong>\u00a0<\/strong><\/p>\n<p><strong>Lire le texte<\/strong><\/p>\n<p>Avant de commencer\u00a0: qui est Esa\u00efe\u00a0? <em>Un proph\u00e8te c\u2019est-\u00e0-dire un homme qui transmet des messages de la part de Dieu. <\/em>Qui sont Isra\u00ebl, Juda, Sion\u00a0?<em> Isra\u00ebl = peuple juif\u00a0; Juda = royaume juif du Sud\u00a0; Sion = J\u00e9rusalem<\/em>.<\/p>\n<p>[O] Sur des textes imprim\u00e9s, soulignez les reproches faits aux habitants de Juda. Quels sont les diff\u00e9rents \u00e9l\u00e9ments que vous avez pu relever\u00a0?<\/p>\n<p><strong>v.1-9<\/strong><\/p>\n<ul>\n<li>[O] Aux v.1-3, comment est-ce qu\u2019Esa\u00efe d\u00e9crit la relation de Juda avec Dieu\u00a0?<\/li>\n<li>[O] A quoi est due la situation du v.7\u00a0? Cette situation a-t-elle aid\u00e9 le peuple juif \u00e0 changer d\u2019attitude (v.5)\u00a0?<\/li>\n<li>[O] Que nous apprennent les v.8-9\u00a0? Qui parle au v.9\u00a0?<\/li>\n<li>[I] Que savez-vous de Sodome et Gomorrhe\u00a0?\u00a0<em> Villes pa\u00efennes r\u00e9put\u00e9es pour leur d\u00e9bauche, qui avaient \u00e9t\u00e9 d\u00e9truites par un jugement de Dieu<\/em>. Pourquoi donc le peuple se pense-t-il diff\u00e9rent de Sodome et Gomorrhe (v.9)\u00a0?<\/li>\n<\/ul>\n<p><strong>v.10-15 et v.21-23<\/strong><\/p>\n<ul>\n<li>[O] A qui Dieu s\u2019adresse-t-il dans les v.11-15 ? A quoi le voyons-nous\u00a0? <em>Dieu fait r\u00e9f\u00e9rence aux sacrifices, aux sabbats, donc \u00e0 des pratiques qui concernent les Juifs. <\/em><\/li>\n<li>[O] R\u00e9sumez avec vos mots le contenu des v.11-15.<\/li>\n<li>[I] Comment les v.21-23 \u00e9clairent-ils les v.11-15\u00a0?<\/li>\n<li>[I] Pourquoi est-il surprenant de dire \u00ab\u00a0\u00e9coutez la Loi de Dieu\u00a0\u00bb avant de faire le d\u00e9veloppement des v.11-15 ? Qu\u2019est-ce que \u00e7a nous apprend sur la Loi de Dieu\u00a0? <em>Dieu dit d\u2019\u00e9couter sa Loi mais apr\u00e8s, il fait des reproches au peuple qui applique sa Loi\u00a0! Cela nous montre que la Loi de Dieu n\u2019est pas un ensemble de rituels auxquels ob\u00e9ir sans r\u00e9fl\u00e9chir mais un ensemble de commandements motiv\u00e9s par l\u2019amour de Dieu et du prochain.<\/em><\/li>\n<li>[I] A qui Dieu s\u2019adresse-t-il au v.10\u00a0? Est-ce que vous trouvez \u00e7a \u00e9tonnant\u00a0? Comment les v.11-15 expliquent-ils la comparaison entre Juda et Sodome et Gomorrhe\u00a0? Comment le v.10 r\u00e9pond-il au verset 9\u00a0?<\/li>\n<\/ul>\n<p><strong>v.16-20<\/strong><\/p>\n<ul>\n<li>[O] Quelle est la volont\u00e9 de Dieu pour son peuple\u00a0?<\/li>\n<li>[I] D\u2019apr\u00e8s ce passage, comment les Jud\u00e9ens ont-ils r\u00e9agi \u00e0 cette pr\u00e9sentation du projet de Dieu ?<\/li>\n<\/ul>\n<p><strong>v.24-31<\/strong><\/p>\n<ul>\n<li>[O] Si vous avez le temps\u00a0: soulignez sur la feuille imprim\u00e9e tous les futurs des v.24-31<\/li>\n<li>[O] Quelle sera la r\u00e9ponse de Dieu face \u00e0 l\u2019attitude des Jud\u00e9ens\u00a0? Dans quel(s) but(s)\u00a0?<\/li>\n<\/ul>\n<p><strong>\u00a0<\/strong><\/p>\n<p><strong>R\u00e9sum\u00e9-Application :<\/strong><\/p>\n<ul>\n<li>[I] Pourquoi Dieu a-t-il transmis ce message \u00e0 Esa\u00efe\u00a0?<\/li>\n<li>[A] Face \u00e0 des accusations comme \u00ab\u00a0assassins\u00a0\u00bb, \u00ab\u00a0voleurs\u00a0\u00bb, \u00ab\u00a0vos mains sont pleines de sang\u00a0\u00bb, on peut vite ne pas se sentir concern\u00e9 par les accusations faites \u00e0 Juda. Voyez-vous des accusations qui nous concernent aussi\u00a0? <em>Refus de reconna\u00eetre Dieu comme son ma\u00eetre, cause des opprim\u00e9s qui ne nous touche pas, d\u00e9sir de justice souvent plus pour notre propre compte que pour celui des autres, pratiques religieuses \u00ab\u00a0vides\u00a0\u00bb\u2026<\/em><\/li>\n<li>[I] Dans ce passage, qu\u2019est-ce qui montre le refus r\u00e9p\u00e9t\u00e9 de Juda de changer d\u2019attitude\u00a0? <em>Face aux cons\u00e9quences de ses fautes, il poursuit avec la m\u00eame attitude\u00a0; Il se compare \u00e0 pire que lui (Sodome et Gomorrhe) et s\u2019aveugle sur son attitude\u00a0; Quand Dieu lui fait des rappels (\u00ab\u00a0si vous voulez bien \u00e9couter\u00a0\u00bb), il fait la sourde oreille.<\/em><\/li>\n<li>[A] On a parl\u00e9 au d\u00e9but de ce qui nous emp\u00eachait de changer d\u2019attitude. R\u00e9flexion personnelle\u00a0: y a-t-il des domaines o\u00f9 nous refusons de changer d\u2019attitude, de la m\u00eame fa\u00e7on que Juda\u00a0?<\/li>\n<li>[I] D\u2019apr\u00e8s ce passage, quel est le projet de Dieu pour son peuple\u00a0? Ce projet est-il le m\u00eame pour nous aujourd\u2019hui\u00a0? Pourquoi\u00a0?<\/li>\n<li>[A] Comment la conscience du projet de Dieu pour nous peut-elle nous encourager \u00e0 changer d\u2019attitude ?<\/li>\n<\/ul>\n<p>&nbsp;<\/p>\n<p><em>Cette trame de discussion a \u00e9t\u00e9 travaill\u00e9e\u00a0par Marie-Aude, ancienne stagiaire Relais et Amie des GBU.<\/em><\/p>\n<p>&nbsp;<\/p>\n","protected":false},"excerpt":{"rendered":"<p>Note pour l\u2019animateur :\u00a0Il est recommand\u00e9 \u00e0 l\u2019animateur de lire l\u2019introduction au livre d&rsquo;Esa\u00efe ici Rep\u00e8res chronologiques : 740\/739 av. J.-C. : L\u2019appel d\u2019Esa\u00efe (Es 6.1) 722\/721 av. J.C. : L\u2019Assyrie vainc Isra\u00ebl (Le royaume du Nord) 701 av. J.C. : L\u2019Assyrie menace Juda (Es 36.1) 586 av. J.C : L\u2019empire de Babylone vainc Juda [&hellip;]<\/p>\n","protected":false},"author":2,"featured_media":3941,"comment_status":"open","ping_status":"closed","sticky":false,"template":"","format":"standard","meta":{"_acf_changed":false,"_eb_attr":"","advgb_blocks_editor_width":"","advgb_blocks_columns_visual_guide":"","footnotes":""},"categories":[10],"tags":[170,651,127,416,1012,491],"video":[],"audio":[],"ecrit":[],"mis-en-avant":[],"redacteur":[],"type-darticle":[],"class_list":["post-3871","post","type-post","status-publish","format-standard","has-post-thumbnail","hentry","category-discussions-autour-de-la-bible","tag-ancien-testament","tag-ecrit","tag-esaie","tag-jugement","tag-relu","tag-sacrifices"],"blocksy_meta":[],"acf":[],"featured_image_src":"https:\/\/www.creusonslabible.fr\/wp-content\/uploads\/2016\/02\/hut-1042472_640-1.jpg","author_info":{"display_name":"caillou","author_link":"https:\/\/www.creusonslabible.fr\/?author=2"},"author_meta":{"display_name":"caillou","author_link":"https:\/\/www.creusonslabible.fr\/?author=2"},"featured_img":"https:\/\/www.creusonslabible.fr\/wp-content\/uploads\/2016\/02\/hut-1042472_640-1-300x225.jpg","coauthors":[],"tax_additional":{"categories":{"linked":["<a href=\"https:\/\/www.creusonslabible.fr\/?cat=10\" class=\"advgb-post-tax-term\">Discussions autour de la Bible<\/a>"],"unlinked":["<span class=\"advgb-post-tax-term\">Discussions autour de la Bible<\/span>"]},"tags":{"linked":["<a href=\"https:\/\/www.creusonslabible.fr\/?cat=10\" class=\"advgb-post-tax-term\">Ancien-Testament<\/a>","<a href=\"https:\/\/www.creusonslabible.fr\/?cat=10\" class=\"advgb-post-tax-term\">\u00e9crit<\/a>","<a href=\"https:\/\/www.creusonslabible.fr\/?cat=10\" class=\"advgb-post-tax-term\">\u00c9sa\u00efe<\/a>","<a href=\"https:\/\/www.creusonslabible.fr\/?cat=10\" class=\"advgb-post-tax-term\">jugement<\/a>","<a href=\"https:\/\/www.creusonslabible.fr\/?cat=10\" class=\"advgb-post-tax-term\">RELU<\/a>","<a href=\"https:\/\/www.creusonslabible.fr\/?cat=10\" class=\"advgb-post-tax-term\">sacrifices<\/a>"],"unlinked":["<span class=\"advgb-post-tax-term\">Ancien-Testament<\/span>","<span class=\"advgb-post-tax-term\">\u00e9crit<\/span>","<span class=\"advgb-post-tax-term\">\u00c9sa\u00efe<\/span>","<span class=\"advgb-post-tax-term\">jugement<\/span>","<span class=\"advgb-post-tax-term\">RELU<\/span>","<span class=\"advgb-post-tax-term\">sacrifices<\/span>"]}},"comment_count":"0","relative_dates":{"created":"Publi\u00e9 10 ans il y a","modified":"Mis \u00e0 jour 1 an il y a"},"absolute_dates":{"created":"Publi\u00e9 le 9 f\u00e9vrier 2016","modified":"Mise \u00e0 jour le 24 janvier 2025"},"absolute_dates_time":{"created":"Publi\u00e9 le 9 f\u00e9vrier 2016 20h22","modified":"Mise \u00e0 jour le 24 janvier 2025 12h18"},"featured_img_caption":"","series_order":"","meta_box":[],"_links":{"self":[{"href":"https:\/\/www.creusonslabible.fr\/index.php?rest_route=\/wp\/v2\/posts\/3871","targetHints":{"allow":["GET"]}}],"collection":[{"href":"https:\/\/www.creusonslabible.fr\/index.php?rest_route=\/wp\/v2\/posts"}],"about":[{"href":"https:\/\/www.creusonslabible.fr\/index.php?rest_route=\/wp\/v2\/types\/post"}],"author":[{"embeddable":true,"href":"https:\/\/www.creusonslabible.fr\/index.php?rest_route=\/wp\/v2\/users\/2"}],"replies":[{"embeddable":true,"href":"https:\/\/www.creusonslabible.fr\/index.php?rest_route=%2Fwp%2Fv2%2Fcomments&post=3871"}],"version-history":[{"count":1,"href":"https:\/\/www.creusonslabible.fr\/index.php?rest_route=\/wp\/v2\/posts\/3871\/revisions"}],"predecessor-version":[{"id":11153,"href":"https:\/\/www.creusonslabible.fr\/index.php?rest_route=\/wp\/v2\/posts\/3871\/revisions\/11153"}],"wp:featuredmedia":[{"embeddable":true,"href":"https:\/\/www.creusonslabible.fr\/index.php?rest_route=\/wp\/v2\/media\/3941"}],"wp:attachment":[{"href":"https:\/\/www.creusonslabible.fr\/index.php?rest_route=%2Fwp%2Fv2%2Fmedia&parent=3871"}],"wp:term":[{"taxonomy":"category","embeddable":true,"href":"https:\/\/www.creusonslabible.fr\/index.php?rest_route=%2Fwp%2Fv2%2Fcategories&post=3871"},{"taxonomy":"post_tag","embeddable":true,"href":"https:\/\/www.creusonslabible.fr\/index.php?rest_route=%2Fwp%2Fv2%2Ftags&post=3871"},{"taxonomy":"video","embeddable":true,"href":"https:\/\/www.creusonslabible.fr\/index.php?rest_route=%2Fwp%2Fv2%2Fvideo&post=3871"},{"taxonomy":"audio","embeddable":true,"href":"https:\/\/www.creusonslabible.fr\/index.php?rest_route=%2Fwp%2Fv2%2Faudio&post=3871"},{"taxonomy":"ecrit","embeddable":true,"href":"https:\/\/www.creusonslabible.fr\/index.php?rest_route=%2Fwp%2Fv2%2Fecrit&post=3871"},{"taxonomy":"mis-en-avant","embeddable":true,"href":"https:\/\/www.creusonslabible.fr\/index.php?rest_route=%2Fwp%2Fv2%2Fmis-en-avant&post=3871"},{"taxonomy":"redacteur","embeddable":true,"href":"https:\/\/www.creusonslabible.fr\/index.php?rest_route=%2Fwp%2Fv2%2Fredacteur&post=3871"},{"taxonomy":"type-darticle","embeddable":true,"href":"https:\/\/www.creusonslabible.fr\/index.php?rest_route=%2Fwp%2Fv2%2Ftype-darticle&post=3871"}],"curies":[{"name":"wp","href":"https:\/\/api.w.org\/{rel}","templated":true}]}}