{"id":3893,"date":"2016-01-27T20:59:45","date_gmt":"2016-01-27T20:59:45","guid":{"rendered":"http:\/\/www.creusonslabible.fr\/?p=3893"},"modified":"2025-01-24T12:18:59","modified_gmt":"2025-01-24T10:18:59","slug":"une-base-doctrinale-mais-pourquoi","status":"publish","type":"post","link":"https:\/\/www.creusonslabible.fr\/?p=3893","title":{"rendered":"Une base doctrinale, mais pourquoi ?"},"content":{"rendered":"<p style=\"text-align: justify;\">L\u2019aum\u00f4nerie des Groupes Bibliques Universitaires est dot\u00e9e d\u2019<a href=\"http:\/\/www.creusonslabible.fr\/?p=2994\">une base doctrinale <\/a>\u00e0 laquelle tous ceux qui souhaitent devenir membres de l\u2019association doivent adh\u00e9rer. Pourquoi une telle base\u00a0existe-t-elle\u00a0? Est-elle vraiment n\u00e9cessaire\u00a0? Pourquoi parler de base doctrinale plut\u00f4t que de confession de foi\u00a0? Faisons un petit d\u00e9tour historique pour r\u00e9pondre \u00e0 ces questions et pour mieux appr\u00e9cier ses principes doctrinaux.<\/p>\n<h2 style=\"text-align: justify;\">Une br\u00e8ve histoire des confessions de foi<\/h2>\n<p style=\"text-align: justify;\">De tous temps, les chr\u00e9tiens ont cherch\u00e9 \u00e0 formuler l&rsquo;essentiel de leur foi dans une d\u00e9claration (relativement) br\u00e8ve. L\u2019une des plus anciennes confessions de foi est le \u00ab\u00a0credo\u00a0\u00bb ou \u00ab\u00a0symbole des ap\u00f4tres\u00a0\u00bb<a href=\"#_ftn1\" name=\"_ftnref1\">[1]<\/a>. On pense qu\u2019elle est li\u00e9e au bapt\u00eame. Lors de la c\u00e9r\u00e9monie, les candidats devaient r\u00e9pondre \u00e0 une s\u00e9rie de questions. \u00ab\u00a0Crois-tu en Dieu\u00a0?\u00a0 Je crois en Dieu, tout puissant etc.\u00a0\u00bb. Ainsi, le symbole<a href=\"#_ftn2\" name=\"_ftnref2\">[2]<\/a> est formul\u00e9 \u00e0 la premi\u00e8re personne, \u00ab <em>Je<\/em> crois \u00bb. Son int\u00e9r\u00eat est de permettre \u00e0 l\u2019individu de formuler sa foi de mani\u00e8re claire et concise.<\/p>\n<p style=\"text-align: justify;\">Les choses vont \u00e9voluer avec les grandes professions de foi qui suivront. Celles-ci seront formul\u00e9es lors de conciles \u0153cum\u00e9niques, grands rassemblements des \u00e9v\u00eaques de toute la chr\u00e9tient\u00e9. L\u2019\u00c9glise est, en effet, tr\u00e8s t\u00f4t menac\u00e9e par les h\u00e9r\u00e9sies. Le besoin se fait sentir d\u2019organiser ces conciles pour trancher les questions de doctrine. Par exemple, le concile de Nic\u00e9e<a href=\"#_ftn3\" name=\"_ftnref3\">[3]<\/a> va affirmer la pleine divinit\u00e9 du Fils face \u00e0 Arius qui affirmait que le fils \u00e9tait divin et cr\u00e9\u00e9 en m\u00eame temps. La confession de foi qui en est issue a pour objectif de formuler la doctrine de l\u2019\u00c9glise. Elle trace la fronti\u00e8re entre ce qui est h\u00e9r\u00e9tique et ce qui est la droite pens\u00e9e de l\u2019\u00c9glise devenue officielle. Plus positivement, elle est une affirmation collective de la foi. Elle commence, cette fois, par \u00ab <em>Nous<\/em> croyons\u00a0\u00bb, il s\u2019agit de proclamer la foi ensemble dans l\u2019\u00c9glise enti\u00e8re.<\/p>\n<p style=\"text-align: justify;\">Des si\u00e8cles plus tard, avec la r\u00e9forme protestante, une profusion de nouvelles confessions de foi vont appara\u00eetre. La r\u00e9forme se fait en rupture avec l\u2019\u00c9glise catholique, mais pas seulement puisque la logique de rupture va continuer au sein du protestantisme o\u00f9 plusieurs courants vont na\u00eetre en opposition les uns aux autres. Chaque courant va alors d\u00e9velopper sa confession de foi pour y affirmer ses convictions fondamentales. Il y a la confession d\u2019Augsburg pour les luth\u00e9riens, de la Rochelle pour les r\u00e9form\u00e9s fran\u00e7ais, de Westminster pour les anglicans, de Londres pour les baptistes-calvinistes, etc<a href=\"#_ftn4\" name=\"_ftnref4\">[4]<\/a>. Les confessions de foi vont s\u2019allonger en formulant les articles de foi de mani\u00e8re d\u00e9taill\u00e9e et d\u00e9velopp\u00e9e mais aussi pol\u00e9mique et par cons\u00e9quent durcissent les contours de la foi consid\u00e9r\u00e9e comme orthodoxe dans chaque \u00c9glise. Elles deviennent des marqueurs identitaires qui accompagnent la multiplication des confessions protestantes. Mais ces identit\u00e9s construisent les unes contre les autres\u00a0: lorsqu\u2019on n\u2019est pas d\u2019accord, on cr\u00e9e une nouvelle confession. C\u2019est une logique qui perdure malheureusement de nos jours mais qui n\u2019est heureusement plus la seule logique.<\/p>\n<p style=\"text-align: justify;\">Au 18 et 19<sup>\u00e8mes<\/sup> si\u00e8cles vont avoir lieu des r\u00e9veils qui vont produire des mouvements missionnaires, des soci\u00e9t\u00e9s bibliques, des \u0153uvres sociales, des mouvements de jeunesses de tendance \u00e9vang\u00e9lique et souvent interd\u00e9nominationnels qui vont aboutir \u00e0 la cr\u00e9ation en 1846 de l\u2019Alliance \u00c9vang\u00e9lique Mondiale qui a pour but de promouvoir l\u2019\u00c9vangile et les liens fraternels entre \u00e9vang\u00e9liques. D\u2019autres mouvements internationaux vont suivre et un si\u00e8cle plus tard, c\u2019est l\u2019International Fellowship of Evangelical Students (Union des Groupes Bibliques Universitaire) qui na\u00eetra. On prend conscience qu\u2019on peut \u00eatre fr\u00e8re et collaborer ensemble sans \u00eatre d\u2019accord sur tout. Les \u00ab\u00a0confessions de foi\u00a0\u00bb de ce genre de mouvement international sont beaucoup plus courtes. Elles cherchent \u00e0 distinguer les points les plus fondamentaux des points importants mais qui ne justifient pas de se s\u00e9parer entre \u00e9vang\u00e9liques. On ne trouve, par exemple, pas d\u2019article sur la question du bapt\u00eame. Elles sont une manifestation de la prise de conscience d&rsquo;une identit\u00e9 \u00e9vang\u00e9lique et du d\u00e9sir d&rsquo;unit\u00e9 de ce mouvement, plut\u00f4t que des querelles.<\/p>\n<p style=\"text-align: justify;\">Les confessions de foi ont accompagn\u00e9 l\u2019histoire de l\u2019\u00c9glise au cours des si\u00e8cles. Elles ont servi de r\u00e9sum\u00e9 de la foi de l\u2019\u00c9glise, pour exprimer, avec les mots de chaque \u00e9poque, les v\u00e9rit\u00e9s r\u00e9v\u00e9l\u00e9es par la Bible. Elles ont aussi servi de cris de ralliement pour distinguer l\u2019h\u00e9r\u00e9sie de l\u2019orthodoxie puis pour se distinguer entre les diff\u00e9rentes confessions. Et aujourd\u2019hui avec les mouvements interd\u00e9nominationnels, certaines ont le r\u00f4le de base de coop\u00e9ration.<\/p>\n<h2 style=\"text-align: justify;\">La base doctrinale des GBU<\/h2>\n<p style=\"text-align: justify;\">L&rsquo;aum\u00f4nerie GBU a un texte qui fait office de confession de foi mais qui s\u2019appelle une base doctrinale<a href=\"#_ftn5\" name=\"_ftnref5\">[5]<\/a>. Plusieurs raisons expliquent ce choix de vocabulaire. L\u2019expression confession de foi \u00e9voque les \u00c9glises or les GBU ne sont pas des \u00e9glises mais un mouvement \u00e9tudiant interd\u00e9nominationnel qui a pour but de faire d\u00e9couvrir la Bible et par elle l\u2019\u00c9vangile. Elle est une association qui a une mission pr\u00e9cise. Elle a donc besoin de d\u00e9finir une <em>base<\/em>, un <em>socle commun<\/em> \u00e0 partir duquel on doit se mettre d\u2019accord pour travailler ensemble afin de mener \u00e0 bien cette mission. La base doctrinale constitue ce socle en ce qui concerne les convictions th\u00e9ologiques fondamentales. Dans une \u00c9glise, la confession de foi constitue ce qui doit \u00eatre cru et va constituer la base de ce qui est enseign\u00e9, au GBU, elle est un principe de collaboration.<\/p>\n<p style=\"text-align: justify;\">La base doctrinale est, d\u2019une certaine mani\u00e8re, minimale. Elle pr\u00e9sente ce qui est consid\u00e9r\u00e9 comme les v\u00e9rit\u00e9s minimum et indispensables pour collaborer pleinement ensemble. Minimale mais dans le cadre du mouvement \u00e9vang\u00e9lique. Ainsi, on affirme l\u2019importance et l\u2019autorit\u00e9 des \u00e9critures et la place centrale de la croix. Par contre, on ne trouve pas d\u2019affirmation en ce qui concerne les th\u00e8mes qui divisent les \u00e9vang\u00e9liques entre eux, comme le bapt\u00eame, la pr\u00e9destination, le parler en langue, les dons de l\u2019Esprit, etc.<\/p>\n<p style=\"text-align: justify;\">Au final, la base doctrinale des GBU, comme beaucoup de confession de foi, est un indicateur de son identit\u00e9 : une \u0153uvre qui a pour but d&rsquo;annoncer le message de la Bible.<\/p>\n<p style=\"text-align: justify;\"><a href=\"#_ftnref1\" name=\"_ftn1\">[1]<\/a> Texte du Credo\u00a0: https:\/\/fr.wikipedia.org\/wiki\/Symbole_des_ap%C3%B4tres<\/p>\n<p style=\"text-align: justify;\"><a href=\"#_ftnref2\" name=\"_ftn2\">[2]<\/a> Symbole = formulaire abr\u00e9g\u00e9 des articles de foi fondamentaux<\/p>\n<p style=\"text-align: justify;\"><a href=\"#_ftnref3\" name=\"_ftn3\">[3]<\/a> Texte du Symbole de Nic\u00e9e-Constantinople\u00a0: https:\/\/fr.wikipedia.org\/wiki\/<\/p>\n<p style=\"text-align: justify;\"><a href=\"#_ftnref4\" name=\"_ftn4\">[4]<\/a> Une petite recherche google permet facilement de trouver ces textes qu\u2019il est bon d\u2019avoir lu au moins une fois dans sa vie.<\/p>\n<p style=\"text-align: justify;\"><a href=\"#_ftnref5\" name=\"_ftn5\">[5]<\/a> Qui est la m\u00eame que l\u2019IFES et dont le texte se trouve sur :\u00a0http:\/\/www.creusonslabible.fr\/?p=2994<\/p>\n","protected":false},"excerpt":{"rendered":"<p>L\u2019aum\u00f4nerie des Groupes Bibliques Universitaires est dot\u00e9e d\u2019une base doctrinale \u00e0 laquelle tous ceux qui souhaitent devenir membres de l\u2019association doivent adh\u00e9rer. Pourquoi une telle base\u00a0existe-t-elle\u00a0? Est-elle vraiment n\u00e9cessaire\u00a0? Pourquoi parler de base doctrinale plut\u00f4t que de confession de foi\u00a0? Faisons un petit d\u00e9tour historique pour r\u00e9pondre \u00e0 ces questions et pour mieux appr\u00e9cier ses [&hellip;]<\/p>\n","protected":false},"author":2,"featured_media":3896,"comment_status":"open","ping_status":"closed","sticky":false,"template":"","format":"standard","meta":{"_acf_changed":false,"_eb_attr":"","advgb_blocks_editor_width":"","advgb_blocks_columns_visual_guide":"","footnotes":""},"categories":[892],"tags":[891,1046,723,651,702],"video":[],"audio":[],"ecrit":[],"mis-en-avant":[],"redacteur":[],"type-darticle":[],"class_list":["post-3893","post","type-post","status-publish","format-standard","has-post-thumbnail","hentry","category-base-doctrinale-des-gbu","tag-base-doctrinale","tag-confession-de-foi","tag-doctrine","tag-ecrit","tag-histoire-de-leglise"],"blocksy_meta":[],"acf":[],"featured_image_src":"https:\/\/www.creusonslabible.fr\/wp-content\/uploads\/2016\/01\/base_doctr-1.png","author_info":{"display_name":"caillou","author_link":"https:\/\/www.creusonslabible.fr\/?author=2"},"author_meta":{"display_name":"caillou","author_link":"https:\/\/www.creusonslabible.fr\/?author=2"},"featured_img":"https:\/\/www.creusonslabible.fr\/wp-content\/uploads\/2016\/01\/base_doctr-1-300x132.png","coauthors":[],"tax_additional":{"categories":{"linked":["<a href=\"https:\/\/www.creusonslabible.fr\/?cat=892\" class=\"advgb-post-tax-term\">Base doctrinale des GBU expliqu\u00e9e<\/a>"],"unlinked":["<span class=\"advgb-post-tax-term\">Base doctrinale des GBU expliqu\u00e9e<\/span>"]},"tags":{"linked":["<a href=\"https:\/\/www.creusonslabible.fr\/?cat=892\" class=\"advgb-post-tax-term\">base doctrinale<\/a>","<a href=\"https:\/\/www.creusonslabible.fr\/?cat=892\" class=\"advgb-post-tax-term\">confession de foi<\/a>","<a href=\"https:\/\/www.creusonslabible.fr\/?cat=892\" class=\"advgb-post-tax-term\">doctrine<\/a>","<a href=\"https:\/\/www.creusonslabible.fr\/?cat=892\" class=\"advgb-post-tax-term\">\u00e9crit<\/a>","<a href=\"https:\/\/www.creusonslabible.fr\/?cat=892\" class=\"advgb-post-tax-term\">histoire de l&#039;\u00e9glise<\/a>"],"unlinked":["<span class=\"advgb-post-tax-term\">base doctrinale<\/span>","<span class=\"advgb-post-tax-term\">confession de foi<\/span>","<span class=\"advgb-post-tax-term\">doctrine<\/span>","<span class=\"advgb-post-tax-term\">\u00e9crit<\/span>","<span class=\"advgb-post-tax-term\">histoire de l&#039;\u00e9glise<\/span>"]}},"comment_count":"1","relative_dates":{"created":"Publi\u00e9 10 ans il y a","modified":"Mis \u00e0 jour 1 an il y a"},"absolute_dates":{"created":"Publi\u00e9 le 27 janvier 2016","modified":"Mise \u00e0 jour le 24 janvier 2025"},"absolute_dates_time":{"created":"Publi\u00e9 le 27 janvier 2016 20h59","modified":"Mise \u00e0 jour le 24 janvier 2025 12h18"},"featured_img_caption":"","series_order":"","meta_box":[],"_links":{"self":[{"href":"https:\/\/www.creusonslabible.fr\/index.php?rest_route=\/wp\/v2\/posts\/3893","targetHints":{"allow":["GET"]}}],"collection":[{"href":"https:\/\/www.creusonslabible.fr\/index.php?rest_route=\/wp\/v2\/posts"}],"about":[{"href":"https:\/\/www.creusonslabible.fr\/index.php?rest_route=\/wp\/v2\/types\/post"}],"author":[{"embeddable":true,"href":"https:\/\/www.creusonslabible.fr\/index.php?rest_route=\/wp\/v2\/users\/2"}],"replies":[{"embeddable":true,"href":"https:\/\/www.creusonslabible.fr\/index.php?rest_route=%2Fwp%2Fv2%2Fcomments&post=3893"}],"version-history":[{"count":1,"href":"https:\/\/www.creusonslabible.fr\/index.php?rest_route=\/wp\/v2\/posts\/3893\/revisions"}],"predecessor-version":[{"id":9972,"href":"https:\/\/www.creusonslabible.fr\/index.php?rest_route=\/wp\/v2\/posts\/3893\/revisions\/9972"}],"wp:featuredmedia":[{"embeddable":true,"href":"https:\/\/www.creusonslabible.fr\/index.php?rest_route=\/wp\/v2\/media\/3896"}],"wp:attachment":[{"href":"https:\/\/www.creusonslabible.fr\/index.php?rest_route=%2Fwp%2Fv2%2Fmedia&parent=3893"}],"wp:term":[{"taxonomy":"category","embeddable":true,"href":"https:\/\/www.creusonslabible.fr\/index.php?rest_route=%2Fwp%2Fv2%2Fcategories&post=3893"},{"taxonomy":"post_tag","embeddable":true,"href":"https:\/\/www.creusonslabible.fr\/index.php?rest_route=%2Fwp%2Fv2%2Ftags&post=3893"},{"taxonomy":"video","embeddable":true,"href":"https:\/\/www.creusonslabible.fr\/index.php?rest_route=%2Fwp%2Fv2%2Fvideo&post=3893"},{"taxonomy":"audio","embeddable":true,"href":"https:\/\/www.creusonslabible.fr\/index.php?rest_route=%2Fwp%2Fv2%2Faudio&post=3893"},{"taxonomy":"ecrit","embeddable":true,"href":"https:\/\/www.creusonslabible.fr\/index.php?rest_route=%2Fwp%2Fv2%2Fecrit&post=3893"},{"taxonomy":"mis-en-avant","embeddable":true,"href":"https:\/\/www.creusonslabible.fr\/index.php?rest_route=%2Fwp%2Fv2%2Fmis-en-avant&post=3893"},{"taxonomy":"redacteur","embeddable":true,"href":"https:\/\/www.creusonslabible.fr\/index.php?rest_route=%2Fwp%2Fv2%2Fredacteur&post=3893"},{"taxonomy":"type-darticle","embeddable":true,"href":"https:\/\/www.creusonslabible.fr\/index.php?rest_route=%2Fwp%2Fv2%2Ftype-darticle&post=3893"}],"curies":[{"name":"wp","href":"https:\/\/api.w.org\/{rel}","templated":true}]}}