{"id":4184,"date":"2016-04-08T10:09:28","date_gmt":"2016-04-08T08:09:28","guid":{"rendered":"http:\/\/www.creusonslabible.fr\/?p=4184"},"modified":"2025-01-24T12:20:33","modified_gmt":"2025-01-24T10:20:33","slug":"chronologie-de-la-fin-du-royaume-de-juda","status":"publish","type":"post","link":"https:\/\/www.creusonslabible.fr\/?p=4184","title":{"rendered":"Chronologie de la fin du royaume de Juda"},"content":{"rendered":"<h3>40 ans avant la destruction de J\u00e9rusalem et la d\u00e9portation des Jud\u00e9ens, rien ne laissait pr\u00e9sager une issue si dramatique. Le pays \u00e9tait gouvern\u00e9 par un excellent roi qui avait men\u00e9 une grande r\u00e9forme religieuse. Mais les choses se sont d\u00e9grad\u00e9es \u00e0 cause de la situation g\u00e9opolitique : menac\u00e9s par l&rsquo;irr\u00e9sistible ascension de Babylone au nord, les diff\u00e9rents souverains ont mis\u00e9 sur l&rsquo;\u00c9gypte pour les prot\u00e9ger. J\u00e9r\u00e9mie leur a r\u00e9p\u00e9t\u00e9 que c&rsquo;\u00e9tait peine perdue mais ils ne l&rsquo;ont que rarement \u00e9cout\u00e9. Cette frise vous montre les derniers soubresauts de la tribu de David.<\/h3>\n<h4><\/h4>\n<p><a href=\"http:\/\/www.creusonslabible.fr\/?attachment_id=4185\" rel=\"attachment wp-att-4185\"><img loading=\"lazy\" decoding=\"async\" class=\"size-full wp-image-4185 aligncenter\" src=\"https:\/\/www.creusonslabible.fr\/wp-content\/uploads\/2016\/04\/Frise-fin-de-Juda-2.png\" alt=\"Frise fin de Juda\" width=\"1052\" height=\"2126\" srcset=\"https:\/\/www.creusonslabible.fr\/wp-content\/uploads\/2016\/04\/Frise-fin-de-Juda-2.png 1052w, https:\/\/www.creusonslabible.fr\/wp-content\/uploads\/2016\/04\/Frise-fin-de-Juda-2-148x300.png 148w, https:\/\/www.creusonslabible.fr\/wp-content\/uploads\/2016\/04\/Frise-fin-de-Juda-2-507x1024.png 507w, https:\/\/www.creusonslabible.fr\/wp-content\/uploads\/2016\/04\/Frise-fin-de-Juda-2-768x1552.png 768w, https:\/\/www.creusonslabible.fr\/wp-content\/uploads\/2016\/04\/Frise-fin-de-Juda-2-760x1536.png 760w, https:\/\/www.creusonslabible.fr\/wp-content\/uploads\/2016\/04\/Frise-fin-de-Juda-2-1013x2048.png 1013w\" sizes=\"auto, (max-width: 1052px) 100vw, 1052px\" \/><\/a><\/p>\n<p>&nbsp;<\/p>\n<p>&nbsp;<\/p>\n<h2>Apr\u00e8s 70 ans d&rsquo;exil \u00e0 Babylone, un reste est revenu sur la terre promise. Regardez\u00a0<a href=\"http:\/\/www.creusonslabible.fr\/?p=4534\">la chronologie du retour d&rsquo;exil<\/a>.<\/h2>\n<p>&nbsp;<\/p>\n","protected":false},"excerpt":{"rendered":"<p>40 ans avant la destruction de J\u00e9rusalem et la d\u00e9portation des Jud\u00e9ens, rien ne laissait pr\u00e9sager une issue si dramatique. Le pays \u00e9tait gouvern\u00e9 par un excellent roi qui avait men\u00e9 une grande r\u00e9forme religieuse. Mais les choses se sont d\u00e9grad\u00e9es \u00e0 cause de la situation g\u00e9opolitique : menac\u00e9s par l&rsquo;irr\u00e9sistible ascension de Babylone au [&hellip;]<\/p>\n","protected":false},"author":3,"featured_media":4188,"comment_status":"open","ping_status":"closed","sticky":false,"template":"","format":"standard","meta":{"_acf_changed":false,"_eb_attr":"","advgb_blocks_editor_width":"","advgb_blocks_columns_visual_guide":"","footnotes":""},"categories":[986,174],"tags":[214,566,651,574,129,985,50,433,287,1067,1068,442,1026,943,939],"video":[],"audio":[],"ecrit":[],"mis-en-avant":[],"redacteur":[],"type-darticle":[],"class_list":["post-4184","post","type-post","status-publish","format-standard","has-post-thumbnail","hentry","category-frises-chronologiques","category-histoire-d-israel","tag-babylone","tag-deportation","tag-ecrit","tag-exil","tag-ezechiel","tag-frise","tag-jeremie","tag-josias","tag-juda","tag-karkemich","tag-meguiddo","tag-prophetes","tag-roi-de-juda","tag-sedecias","tag-yehoyaqim"],"blocksy_meta":[],"acf":[],"featured_image_src":"https:\/\/www.creusonslabible.fr\/wp-content\/uploads\/2016\/04\/banniere-1.png","author_info":{"display_name":"Yoh","author_link":"https:\/\/www.creusonslabible.fr\/?author=3"},"author_meta":{"display_name":"Yoh","author_link":"https:\/\/www.creusonslabible.fr\/?author=3"},"featured_img":"https:\/\/www.creusonslabible.fr\/wp-content\/uploads\/2016\/04\/banniere-1-300x42.png","coauthors":[],"tax_additional":{"categories":{"linked":["<a href=\"https:\/\/www.creusonslabible.fr\/?cat=986\" class=\"advgb-post-tax-term\">Frises chronologiques<\/a>","<a href=\"https:\/\/www.creusonslabible.fr\/?cat=174\" class=\"advgb-post-tax-term\">Histoire d&#039;Isra\u00ebl<\/a>"],"unlinked":["<span class=\"advgb-post-tax-term\">Frises chronologiques<\/span>","<span class=\"advgb-post-tax-term\">Histoire d&#039;Isra\u00ebl<\/span>"]},"tags":{"linked":["<a href=\"https:\/\/www.creusonslabible.fr\/?cat=174\" class=\"advgb-post-tax-term\">babylone<\/a>","<a href=\"https:\/\/www.creusonslabible.fr\/?cat=174\" class=\"advgb-post-tax-term\">d\u00e9portation<\/a>","<a href=\"https:\/\/www.creusonslabible.fr\/?cat=174\" class=\"advgb-post-tax-term\">\u00e9crit<\/a>","<a href=\"https:\/\/www.creusonslabible.fr\/?cat=174\" class=\"advgb-post-tax-term\">exil<\/a>","<a href=\"https:\/\/www.creusonslabible.fr\/?cat=174\" class=\"advgb-post-tax-term\">\u00c9zechiel<\/a>","<a href=\"https:\/\/www.creusonslabible.fr\/?cat=174\" class=\"advgb-post-tax-term\">frise<\/a>","<a href=\"https:\/\/www.creusonslabible.fr\/?cat=174\" class=\"advgb-post-tax-term\">J\u00e9r\u00e9mie<\/a>","<a href=\"https:\/\/www.creusonslabible.fr\/?cat=174\" class=\"advgb-post-tax-term\">josias<\/a>","<a href=\"https:\/\/www.creusonslabible.fr\/?cat=174\" class=\"advgb-post-tax-term\">Juda<\/a>","<a href=\"https:\/\/www.creusonslabible.fr\/?cat=174\" class=\"advgb-post-tax-term\">Kark\u00e9mich<\/a>","<a href=\"https:\/\/www.creusonslabible.fr\/?cat=174\" class=\"advgb-post-tax-term\">Meguiddo<\/a>","<a href=\"https:\/\/www.creusonslabible.fr\/?cat=174\" class=\"advgb-post-tax-term\">Proph\u00e8tes<\/a>","<a href=\"https:\/\/www.creusonslabible.fr\/?cat=174\" class=\"advgb-post-tax-term\">roi de juda<\/a>","<a href=\"https:\/\/www.creusonslabible.fr\/?cat=174\" class=\"advgb-post-tax-term\">s\u00e9d\u00e9cias<\/a>","<a href=\"https:\/\/www.creusonslabible.fr\/?cat=174\" class=\"advgb-post-tax-term\">Yehoyaqim<\/a>"],"unlinked":["<span class=\"advgb-post-tax-term\">babylone<\/span>","<span class=\"advgb-post-tax-term\">d\u00e9portation<\/span>","<span class=\"advgb-post-tax-term\">\u00e9crit<\/span>","<span class=\"advgb-post-tax-term\">exil<\/span>","<span class=\"advgb-post-tax-term\">\u00c9zechiel<\/span>","<span class=\"advgb-post-tax-term\">frise<\/span>","<span class=\"advgb-post-tax-term\">J\u00e9r\u00e9mie<\/span>","<span class=\"advgb-post-tax-term\">josias<\/span>","<span class=\"advgb-post-tax-term\">Juda<\/span>","<span class=\"advgb-post-tax-term\">Kark\u00e9mich<\/span>","<span class=\"advgb-post-tax-term\">Meguiddo<\/span>","<span class=\"advgb-post-tax-term\">Proph\u00e8tes<\/span>","<span class=\"advgb-post-tax-term\">roi de juda<\/span>","<span class=\"advgb-post-tax-term\">s\u00e9d\u00e9cias<\/span>","<span class=\"advgb-post-tax-term\">Yehoyaqim<\/span>"]}},"comment_count":"0","relative_dates":{"created":"Publi\u00e9 10 ans il y a","modified":"Mis \u00e0 jour 1 an il y a"},"absolute_dates":{"created":"Publi\u00e9 le 8 avril 2016","modified":"Mise \u00e0 jour le 24 janvier 2025"},"absolute_dates_time":{"created":"Publi\u00e9 le 8 avril 2016 10h09","modified":"Mise \u00e0 jour le 24 janvier 2025 12h20"},"featured_img_caption":"","series_order":"","meta_box":[],"_links":{"self":[{"href":"https:\/\/www.creusonslabible.fr\/index.php?rest_route=\/wp\/v2\/posts\/4184","targetHints":{"allow":["GET"]}}],"collection":[{"href":"https:\/\/www.creusonslabible.fr\/index.php?rest_route=\/wp\/v2\/posts"}],"about":[{"href":"https:\/\/www.creusonslabible.fr\/index.php?rest_route=\/wp\/v2\/types\/post"}],"author":[{"embeddable":true,"href":"https:\/\/www.creusonslabible.fr\/index.php?rest_route=\/wp\/v2\/users\/3"}],"replies":[{"embeddable":true,"href":"https:\/\/www.creusonslabible.fr\/index.php?rest_route=%2Fwp%2Fv2%2Fcomments&post=4184"}],"version-history":[{"count":1,"href":"https:\/\/www.creusonslabible.fr\/index.php?rest_route=\/wp\/v2\/posts\/4184\/revisions"}],"predecessor-version":[{"id":11174,"href":"https:\/\/www.creusonslabible.fr\/index.php?rest_route=\/wp\/v2\/posts\/4184\/revisions\/11174"}],"wp:featuredmedia":[{"embeddable":true,"href":"https:\/\/www.creusonslabible.fr\/index.php?rest_route=\/wp\/v2\/media\/4188"}],"wp:attachment":[{"href":"https:\/\/www.creusonslabible.fr\/index.php?rest_route=%2Fwp%2Fv2%2Fmedia&parent=4184"}],"wp:term":[{"taxonomy":"category","embeddable":true,"href":"https:\/\/www.creusonslabible.fr\/index.php?rest_route=%2Fwp%2Fv2%2Fcategories&post=4184"},{"taxonomy":"post_tag","embeddable":true,"href":"https:\/\/www.creusonslabible.fr\/index.php?rest_route=%2Fwp%2Fv2%2Ftags&post=4184"},{"taxonomy":"video","embeddable":true,"href":"https:\/\/www.creusonslabible.fr\/index.php?rest_route=%2Fwp%2Fv2%2Fvideo&post=4184"},{"taxonomy":"audio","embeddable":true,"href":"https:\/\/www.creusonslabible.fr\/index.php?rest_route=%2Fwp%2Fv2%2Faudio&post=4184"},{"taxonomy":"ecrit","embeddable":true,"href":"https:\/\/www.creusonslabible.fr\/index.php?rest_route=%2Fwp%2Fv2%2Fecrit&post=4184"},{"taxonomy":"mis-en-avant","embeddable":true,"href":"https:\/\/www.creusonslabible.fr\/index.php?rest_route=%2Fwp%2Fv2%2Fmis-en-avant&post=4184"},{"taxonomy":"redacteur","embeddable":true,"href":"https:\/\/www.creusonslabible.fr\/index.php?rest_route=%2Fwp%2Fv2%2Fredacteur&post=4184"},{"taxonomy":"type-darticle","embeddable":true,"href":"https:\/\/www.creusonslabible.fr\/index.php?rest_route=%2Fwp%2Fv2%2Ftype-darticle&post=4184"}],"curies":[{"name":"wp","href":"https:\/\/api.w.org\/{rel}","templated":true}]}}