{"id":4193,"date":"2016-10-18T12:00:43","date_gmt":"2016-10-18T10:00:43","guid":{"rendered":"http:\/\/www.creusonslabible.fr\/?p=4193"},"modified":"2025-01-23T17:03:51","modified_gmt":"2025-01-23T15:03:51","slug":"hebreux-4-14-5-10","status":"publish","type":"post","link":"https:\/\/www.creusonslabible.fr\/?p=4193","title":{"rendered":"H\u00e9breux 4.14 \u2013 5.10"},"content":{"rendered":"<h3 lang=\"fr-FR\" align=\"JUSTIFY\"><span style=\"font-family: Times New Roman,serif;\"><span style=\"font-size: medium;\"><b>4.14-16\u00a0<\/b><\/span><\/span><\/h3>\n<ul>\n<li>\n<p lang=\"fr-FR\" align=\"JUSTIFY\"><span style=\"font-family: Times New Roman,serif;\"><span style=\"font-size: medium;\">[I] \u00c0 quoi sert le Grand-Pr\u00eatre dans le culte de l&rsquo;Ancienne Alliance ?<\/span><\/span><\/p>\n<\/li>\n<li>\n<p lang=\"fr-FR\" align=\"JUSTIFY\"><span style=\"font-family: Times New Roman,serif;\"><span style=\"font-size: medium;\">[O] Quelles sont les 2 choses que les destinataires sont appel\u00e9s \u00e0 faire ici (verbes \u00e0 l&rsquo;imp\u00e9ratif) ? Pourquoi ?<\/span><\/span><\/p>\n<\/li>\n<li>\n<p align=\"JUSTIFY\"><span style=\"font-family: Times New Roman,serif;\"><span style=\"font-size: medium;\"><span lang=\"fr-FR\">[O-I] Comment doivent-ils \u00ab\u00a0demeurer dans la foi\u00a0\u00bb et \u00ab\u00a0s&rsquo;approcher de Dieu\u00a0\u00bb \u00a0? <\/span><\/span><\/span><span style=\"font-family: Times New Roman,serif;\"><span style=\"font-size: medium;\"><span lang=\"fr-FR\"><i>En restant attach\u00e9s \u00e0 J\u00e9sus, le seul<\/i><\/span><\/span><\/span> <span style=\"font-family: Times New Roman,serif;\"><span style=\"font-size: medium;\"><span lang=\"fr-FR\"><i>interm\u00e9diaire entre Dieu et eux parce qu&rsquo;il est au ciel aupr\u00e8s de Dieu<\/i><\/span><\/span><\/span><\/p>\n<\/li>\n<\/ul>\n<h3 lang=\"fr-FR\" align=\"JUSTIFY\"><span style=\"font-family: Times New Roman,serif;\"><span style=\"font-size: medium;\"><b>5.1-6<\/b><\/span><\/span><\/h3>\n<ul>\n<li>\n<p align=\"JUSTIFY\"><span style=\"font-family: Times New Roman,serif;\"><span style=\"font-size: medium;\"><span lang=\"fr-FR\">[O] Quelles sont les 3 point communs entre un Grand-Pr\u00eatre normal et J\u00e9sus ? <\/span><\/span><\/span><span style=\"font-family: Times New Roman,serif;\"><span style=\"font-size: medium;\"><span lang=\"fr-FR\"><i>1) exp\u00e9rience de ce que c\u2019est d&rsquo;\u00eatre un humain faible (4.15\u00a0; 5.2), 2) ils ont \u00e9t\u00e9 appel\u00e9s par Dieu pour ce poste (5.4-6), 3) Ils ont pour fonction de base de pr\u00e9senter des offrandes pour p\u00e9ch\u00e9s (5.1)<\/i><\/span><\/span><\/span><\/p>\n<\/li>\n<\/ul>\n<ul>\n<li>\n<p align=\"JUSTIFY\"><span style=\"font-family: Times New Roman,serif;\"><span style=\"font-size: medium;\"><span lang=\"fr-FR\">[O] Quelles sont les 2 diff\u00e9rences entre un Grand-Pr\u00eatre normal et J\u00e9sus\u00a0? 1) <\/span><\/span><\/span><span style=\"font-family: Times New Roman,serif;\"><span style=\"font-size: medium;\"><span lang=\"fr-FR\"><i>J\u00e9sus n\u2019a jamais p\u00e9ch\u00e9 (5.3), 2) ils n&rsquo;appartiennent pas au m\u00eame ordre : Aaron Vs Melchis\u00e9dek (5.4+6)<\/i><\/span><\/span><\/span><\/p>\n<\/li>\n<li>\n<p align=\"JUSTIFY\"><span style=\"font-family: Times New Roman,serif;\"><span style=\"font-size: medium;\"><span lang=\"fr-FR\">[I] Qui sont Aaron et Melchis\u00e9dek ?<\/span><\/span><\/span><span style=\"font-family: Times New Roman,serif;\"><span style=\"font-size: medium;\"><span lang=\"fr-FR\"><i> Aaron est le fr\u00e8re de Mo\u00efse, premier Grand-Pr\u00eatre de l&rsquo;histoire. C&rsquo;est uniquement sa descendance qui aura le droit d&rsquo;occuper cette place (Ex 40.13-15). Melchis\u00e9dek est un roi ET pr\u00eatre de l&rsquo;\u00c9ternel \u00ab\u00a0sorti de nul part\u00a0\u00bb qui b\u00e9nit Abram et re\u00e7oit la d\u00eeme de sa part&#8230; plusieurs si\u00e8cles avant Aaron (Gn 14.17-24)<\/i><\/span><\/span><\/span><\/p>\n<\/li>\n<li>\n<p align=\"JUSTIFY\"><span style=\"font-family: Times New Roman,serif;\"><span style=\"font-size: medium;\"><span lang=\"fr-FR\">[I] D&rsquo;o\u00f9 viennent les citations des versets 5 et 6 ? <\/span><\/span><\/span><span style=\"font-family: Times New Roman,serif;\"><span style=\"font-size: medium;\"><span lang=\"fr-FR\"><i>Ps 2 et Ps 110<\/i><\/span><\/span><\/span><\/p>\n<\/li>\n<li>\n<p align=\"JUSTIFY\"><span style=\"font-family: Times New Roman,serif;\"><span style=\"font-size: medium;\"><span lang=\"fr-FR\">[O] De qui parlent ces 2 psaumes ? <\/span><\/span><\/span><span style=\"font-family: Times New Roman,serif;\"><span style=\"font-size: medium;\"><span lang=\"fr-FR\"><i>Le Ps 2 parle d&rsquo;un roi messianique (voir 2 Sa 7.14), le Ps 110 d&rsquo;un pr\u00eatre dans lign\u00e9e de Melchis\u00e9dek&#8230; qui \u00e9tait aussi roi ! <\/i><\/span><\/span><\/span><\/p>\n<\/li>\n<li>\n<p align=\"JUSTIFY\"><span style=\"font-family: Times New Roman,serif;\"><span style=\"font-size: medium;\"><span lang=\"fr-FR\">[I] Pourquoi \u00e9tait-il impossible d&rsquo;\u00eatre roi et pr\u00eatre dans l&rsquo;Ancienne Alliance ? <\/span><\/span><\/span><span style=\"font-family: Times New Roman,serif;\"><span style=\"font-size: medium;\"><span lang=\"fr-FR\"><i>Parce que les rois devaient \u00eatre issu de la tribu de Juda (descendants de David) et les pr\u00eatres de la tribu de L\u00e9vi (descendants d&rsquo;Aaron)<\/i><\/span><\/span><\/span><\/p>\n<\/li>\n<li>\n<p lang=\"fr-FR\" align=\"JUSTIFY\"><span style=\"font-family: Times New Roman,serif;\"><span style=\"font-size: medium;\">R\u00e9sumons : pourquoi la pr\u00eatrise de J\u00e9sus est-elle sup\u00e9rieure \u00e0 celle d&rsquo;un descendant d&rsquo;Aaron ? 1) Il est sans p\u00e9ch\u00e9 (5.3), 2) il est d\u00e9clar\u00e9 \u00e0 la fois roi ET pr\u00eatre comme Melchis\u00e9dek et 3) il est le Messie attendu.<\/span><\/span><\/p>\n<\/li>\n<\/ul>\n<h3 lang=\"fr-FR\" align=\"JUSTIFY\"><span style=\"font-family: Times New Roman,serif;\"><span style=\"font-size: medium;\"><b>5.7-10<\/b><\/span><\/span><\/h3>\n<ul>\n<li>\n<p align=\"JUSTIFY\"><span style=\"font-family: Times New Roman,serif;\"><span style=\"font-size: medium;\"><span lang=\"fr-FR\">[I] De quelle p\u00e9riode de la vie de J\u00e9sus parle-t-on ici ? <\/span><\/span><\/span><span style=\"font-family: Times New Roman,serif;\"><span style=\"font-size: medium;\"><span lang=\"fr-FR\"><i>Geths\u00e9man\u00e9 (Mt 26.36-46)<\/i><\/span><\/span><\/span><\/p>\n<\/li>\n<li>\n<p align=\"JUSTIFY\"><span style=\"font-family: Times New Roman,serif;\"><span style=\"font-size: medium;\"><span lang=\"fr-FR\">[O] Quelle qualit\u00e9 de J\u00e9sus est mise en avant ? <\/span><\/span><\/span><span style=\"font-family: Times New Roman,serif;\"><span style=\"font-size: medium;\"><span lang=\"fr-FR\"><i>L&rsquo;ob\u00e9issance, la soumission \u00e0 Dieu son P\u00e8re.<\/i><\/span><\/span><\/span><\/p>\n<\/li>\n<li>\n<p align=\"JUSTIFY\"><span style=\"font-family: Times New Roman,serif;\"><span style=\"font-size: medium;\"><span lang=\"fr-FR\">[O-I] Cela a-t-il \u00e9t\u00e9 facile pour Lui (8-9) ?<\/span><\/span><\/span><span style=\"font-family: Times New Roman,serif;\"><span style=\"font-size: medium;\"><span lang=\"fr-FR\"><i> M\u00eame si la tentation\/\u00e9preuve venait de l&rsquo;ext\u00e9rieur, J\u00e9sus a d\u00fb apprendre, souffrir et maintenir sa perfection. Bien que Dieu le Fils, il a d\u00fb aussi \u00eatre pleinement homme.<\/i><\/span><\/span><\/span><\/p>\n<\/li>\n<li>\n<p align=\"JUSTIFY\"><span style=\"font-family: Times New Roman,serif;\"><span style=\"font-size: medium;\"><span lang=\"fr-FR\">[O-I] Quelles ont \u00e9t\u00e9 les 2 cons\u00e9quences de l\u2019ob\u00e9issance du Fils envers le P\u00e8re\u00a0? <\/span><\/span><\/span><span style=\"font-family: Times New Roman,serif;\"><span style=\"font-size: medium;\"><span lang=\"fr-FR\"><i>Comme il a \u00e9t\u00e9 juste du d\u00e9but \u00e0 la fin de sa vie, il a pu ressusciter et \u00eatre nomm\u00e9 Grand-Pr\u00eatre.<\/i><\/span><\/span><\/span><\/p>\n<\/li>\n<\/ul>\n<h3 lang=\"fr-FR\" align=\"JUSTIFY\"><span style=\"font-family: Times New Roman,serif;\"><span style=\"font-size: medium;\"><b>APPLICATION<\/b><\/span><\/span><\/h3>\n<ul>\n<li>\n<p align=\"JUSTIFY\"><span style=\"font-family: Times New Roman,serif;\"><span style=\"font-size: medium;\"><span lang=\"fr-FR\">Qu&rsquo;est-ce que \u00e7a change de prier un Dieu qui est aussi pleinement homme ? <\/span><\/span><\/span><span style=\"font-family: Times New Roman,serif;\"><span style=\"font-size: medium;\"><span lang=\"fr-FR\"><i>J\u00e9sus comprend ce que nous vivons.<\/i><\/span><\/span><\/span><\/p>\n<\/li>\n<li>\n<p lang=\"fr-FR\" align=\"JUSTIFY\"><span style=\"font-family: Times New Roman,serif;\"><span style=\"font-size: medium;\">Avec ses deux natures (divine et humaine) et sa fonctions de Grand-pr\u00eatre, J\u00e9sus est le parfait interm\u00e9diaire entre Dieu et les hommes : pourquoi alors les hommes ont-ils \u00e9t\u00e9 tent\u00e9s d&rsquo;en inventer d&rsquo;autres (personnes, r\u00eetes, bonnes actions, etc.) ?<\/span><\/span><\/p>\n<\/li>\n<li>\n<p lang=\"fr-FR\" align=\"JUSTIFY\"><span style=\"font-family: Times New Roman,serif;\"><span style=\"font-size: medium;\">C&rsquo;est l&rsquo;ob\u00e9issance parfaite de J\u00e9sus qui nous a sauv\u00e9s. Si ce n&rsquo;est pas une question de Salut, pourquoi imiter J\u00e9sus et ob\u00e9ir \u00e0 Dieu ?<\/span><\/span><\/p>\n<\/li>\n<\/ul>\n","protected":false},"excerpt":{"rendered":"<p>4.14-16\u00a0 [I] \u00c0 quoi sert le Grand-Pr\u00eatre dans le culte de l&rsquo;Ancienne Alliance ? [O] Quelles sont les 2 choses que les destinataires sont appel\u00e9s \u00e0 faire ici (verbes \u00e0 l&rsquo;imp\u00e9ratif) ? Pourquoi ? [O-I] Comment doivent-ils \u00ab\u00a0demeurer dans la foi\u00a0\u00bb et \u00ab\u00a0s&rsquo;approcher de Dieu\u00a0\u00bb \u00a0? En restant attach\u00e9s \u00e0 J\u00e9sus, le seul interm\u00e9diaire entre [&hellip;]<\/p>\n","protected":false},"author":3,"featured_media":4626,"comment_status":"open","ping_status":"closed","sticky":false,"template":"","format":"standard","meta":{"_acf_changed":false,"_eb_attr":"","advgb_blocks_editor_width":"","advgb_blocks_columns_visual_guide":"","footnotes":""},"categories":[10],"tags":[874,651,329,564,64,606,23],"video":[],"audio":[],"ecrit":[],"mis-en-avant":[],"redacteur":[],"type-darticle":[],"class_list":["post-4193","post","type-post","status-publish","format-standard","has-post-thumbnail","hentry","category-discussions-autour-de-la-bible","tag-aaron","tag-ecrit","tag-grand-pretre","tag-hebreux","tag-jesus","tag-melchisedek","tag-nouveau-testament"],"blocksy_meta":[],"acf":[],"featured_image_src":"https:\/\/www.creusonslabible.fr\/wp-content\/uploads\/2016\/04\/Holman_The_Holy_of_Holies-1.jpg","author_info":{"display_name":"Yoh","author_link":"https:\/\/www.creusonslabible.fr\/?author=3"},"author_meta":{"display_name":"Yoh","author_link":"https:\/\/www.creusonslabible.fr\/?author=3"},"featured_img":"https:\/\/www.creusonslabible.fr\/wp-content\/uploads\/2016\/04\/Holman_The_Holy_of_Holies-1-300x225.jpg","coauthors":[],"tax_additional":{"categories":{"linked":["<a href=\"https:\/\/www.creusonslabible.fr\/?cat=10\" class=\"advgb-post-tax-term\">Discussions autour de la Bible<\/a>"],"unlinked":["<span class=\"advgb-post-tax-term\">Discussions autour de la Bible<\/span>"]},"tags":{"linked":["<a href=\"https:\/\/www.creusonslabible.fr\/?cat=10\" class=\"advgb-post-tax-term\">Aaron<\/a>","<a href=\"https:\/\/www.creusonslabible.fr\/?cat=10\" class=\"advgb-post-tax-term\">\u00e9crit<\/a>","<a href=\"https:\/\/www.creusonslabible.fr\/?cat=10\" class=\"advgb-post-tax-term\">Grand-pr\u00eatre<\/a>","<a href=\"https:\/\/www.creusonslabible.fr\/?cat=10\" class=\"advgb-post-tax-term\">H\u00e9breux<\/a>","<a href=\"https:\/\/www.creusonslabible.fr\/?cat=10\" class=\"advgb-post-tax-term\">J\u00e9sus<\/a>","<a href=\"https:\/\/www.creusonslabible.fr\/?cat=10\" class=\"advgb-post-tax-term\">Melchis\u00e9dek<\/a>","<a href=\"https:\/\/www.creusonslabible.fr\/?cat=10\" class=\"advgb-post-tax-term\">Nouveau-Testament<\/a>"],"unlinked":["<span class=\"advgb-post-tax-term\">Aaron<\/span>","<span class=\"advgb-post-tax-term\">\u00e9crit<\/span>","<span class=\"advgb-post-tax-term\">Grand-pr\u00eatre<\/span>","<span class=\"advgb-post-tax-term\">H\u00e9breux<\/span>","<span class=\"advgb-post-tax-term\">J\u00e9sus<\/span>","<span class=\"advgb-post-tax-term\">Melchis\u00e9dek<\/span>","<span class=\"advgb-post-tax-term\">Nouveau-Testament<\/span>"]}},"comment_count":"0","relative_dates":{"created":"Publi\u00e9 10 ans il y a","modified":"Mis \u00e0 jour 1 an il y a"},"absolute_dates":{"created":"Publi\u00e9 le 18 octobre 2016","modified":"Mise \u00e0 jour le 23 janvier 2025"},"absolute_dates_time":{"created":"Publi\u00e9 le 18 octobre 2016 12h00","modified":"Mise \u00e0 jour le 23 janvier 2025 17h03"},"featured_img_caption":"","series_order":"","meta_box":[],"_links":{"self":[{"href":"https:\/\/www.creusonslabible.fr\/index.php?rest_route=\/wp\/v2\/posts\/4193","targetHints":{"allow":["GET"]}}],"collection":[{"href":"https:\/\/www.creusonslabible.fr\/index.php?rest_route=\/wp\/v2\/posts"}],"about":[{"href":"https:\/\/www.creusonslabible.fr\/index.php?rest_route=\/wp\/v2\/types\/post"}],"author":[{"embeddable":true,"href":"https:\/\/www.creusonslabible.fr\/index.php?rest_route=\/wp\/v2\/users\/3"}],"replies":[{"embeddable":true,"href":"https:\/\/www.creusonslabible.fr\/index.php?rest_route=%2Fwp%2Fv2%2Fcomments&post=4193"}],"version-history":[{"count":1,"href":"https:\/\/www.creusonslabible.fr\/index.php?rest_route=\/wp\/v2\/posts\/4193\/revisions"}],"predecessor-version":[{"id":10669,"href":"https:\/\/www.creusonslabible.fr\/index.php?rest_route=\/wp\/v2\/posts\/4193\/revisions\/10669"}],"wp:featuredmedia":[{"embeddable":true,"href":"https:\/\/www.creusonslabible.fr\/index.php?rest_route=\/wp\/v2\/media\/4626"}],"wp:attachment":[{"href":"https:\/\/www.creusonslabible.fr\/index.php?rest_route=%2Fwp%2Fv2%2Fmedia&parent=4193"}],"wp:term":[{"taxonomy":"category","embeddable":true,"href":"https:\/\/www.creusonslabible.fr\/index.php?rest_route=%2Fwp%2Fv2%2Fcategories&post=4193"},{"taxonomy":"post_tag","embeddable":true,"href":"https:\/\/www.creusonslabible.fr\/index.php?rest_route=%2Fwp%2Fv2%2Ftags&post=4193"},{"taxonomy":"video","embeddable":true,"href":"https:\/\/www.creusonslabible.fr\/index.php?rest_route=%2Fwp%2Fv2%2Fvideo&post=4193"},{"taxonomy":"audio","embeddable":true,"href":"https:\/\/www.creusonslabible.fr\/index.php?rest_route=%2Fwp%2Fv2%2Faudio&post=4193"},{"taxonomy":"ecrit","embeddable":true,"href":"https:\/\/www.creusonslabible.fr\/index.php?rest_route=%2Fwp%2Fv2%2Fecrit&post=4193"},{"taxonomy":"mis-en-avant","embeddable":true,"href":"https:\/\/www.creusonslabible.fr\/index.php?rest_route=%2Fwp%2Fv2%2Fmis-en-avant&post=4193"},{"taxonomy":"redacteur","embeddable":true,"href":"https:\/\/www.creusonslabible.fr\/index.php?rest_route=%2Fwp%2Fv2%2Fredacteur&post=4193"},{"taxonomy":"type-darticle","embeddable":true,"href":"https:\/\/www.creusonslabible.fr\/index.php?rest_route=%2Fwp%2Fv2%2Ftype-darticle&post=4193"}],"curies":[{"name":"wp","href":"https:\/\/api.w.org\/{rel}","templated":true}]}}