{"id":423,"date":"2012-07-05T21:18:22","date_gmt":"2012-07-05T21:18:22","guid":{"rendered":"http:\/\/elearning.gbu.fr\/?p=423"},"modified":"2025-01-24T11:11:12","modified_gmt":"2025-01-24T09:11:12","slug":"tite-2-11-14-la-grace","status":"publish","type":"post","link":"https:\/\/www.creusonslabible.fr\/?p=423","title":{"rendered":"Tite 2.11-14 &#8211; la gr\u00e2ce"},"content":{"rendered":"<p><em>\u00a0 \u00c9tude r\u00e9alis\u00e9e dans le cadre du projet canevas, dans la s\u00e9rie sur la Gr\u00e2ce,fin avril 2003<\/em><\/p>\n<p><strong>Note pour l&rsquo;animateur\u00a0:<\/strong>\u00a0Il est recommand\u00e9 \u00e0 l&rsquo;animateur de\u00a0lire l&rsquo;introduction \u00e0 l&rsquo;\u00e9p\u00eetre de l&rsquo;ap\u00f4tre Paul \u00e0 Tite\u00a0<a href=\"http:\/\/www.creusonslabible.fr\/?p=242\" target=\"_blank\" rel=\"noopener\">ici<\/a>.<\/p>\n<p><!--more--><\/p>\n<h2><a name=\"intro\"><\/a> Introduction<\/h2>\n<ol>Lecture du passage dans son contexte : Tite 2.1-15<\/ol>\n<ol>Que dit ce passage concernant a) le pass\u00e9 ; b) le pr\u00e9sent ; c) le futur ?<\/ol>\n<h2><a name=\"passe\"><\/a> Le pass\u00e9<\/h2>\n<p>Les versets 11 et 14 concernent tous les deux le pass\u00e9. Qu?y a-t-il en commun entre ces deux versets ?<\/p>\n<p>&nbsp;<\/p>\n<ol>\n<ol>\n<ul>\n<li>Comment la gr\u00e2ce de Dieu a-t-elle \u00e9t\u00e9 manifest\u00e9e ?<\/li>\n<li>Le mot \u00ab gr\u00e2ce \u00bb veut dire \u00ab faveur imm\u00e9rit\u00e9e \u00bb. En quoi la mort de J\u00e9sus illustre-t-elle l?id\u00e9e de \u00ab faveur imm\u00e9rit\u00e9e \u00bb ?<\/li>\n<li>Parfois on dit que pour avoir le salut, il y a ce que J\u00e9sus a fait pour nous, mais que nous avons aussi notre part pour y contribuer, c&rsquo;est-\u00e0-dire nos oeuvres. Paul serait-il d&rsquo;accord avec cet avis ? (Justifiez votre r\u00e9ponse.)<\/li>\n<\/ul>\n<\/ol>\n<\/ol>\n<div><em> Question suppl\u00e9mentaire, si n\u00e9cessaire : Si nous contribuons par quelque chose \u00e0 notre salut, pourquoi est-il dit que J\u00e9sus \u00ab s&rsquo;est donn\u00e9 lui-m\u00eame pour nous, afin de nous racheter de toute iniquit\u00e9 \u00bb ? <\/em><\/div>\n<h2><a name=\"present\"><\/a> Le pr\u00e9sent<\/h2>\n<p>Quel est le but du salut gagn\u00e9 par J\u00e9sus ? (v14)<\/p>\n<p>Quelles sont les deux choses que la gr\u00e2ce de Dieu nous enseigne ? (v12)<\/p>\n<p>\u00c0 la lumi\u00e8re du verset 14, comment la gr\u00e2ce de Dieu nous enseigne-t-elle \u00e0 :<\/p>\n<ol>\n<ol>\n<ol>\n<li>renoncer \u00e0 l&rsquo;impi\u00e9t\u00e9 et aux d\u00e9sirs de ce monde ?<\/li>\n<li>\u00e0 vivre dans ce si\u00e8cle pr\u00e9sent de mani\u00e8re sens\u00e9e, juste et pieuse ?<\/li>\n<\/ol>\n<\/ol>\n<\/ol>\n<p>On dit parfois \u00ab Si le salut est gratuit, peu importe comment on vit &#8230; \u00bb \u00c0 la lumi\u00e8re de ce passage, qu&rsquo;en pensez-vous ?<\/p>\n<p>\u00c9valuez ces deux d\u00e9clarations :<\/p>\n<ol>\n<ol>\n<ol>\n<li>On est sauv\u00e9 <strong>par<\/strong> les oeuvres bonnes<\/li>\n<li>On est sauv\u00e9 <strong>pour<\/strong> les oeuvres bonnes<\/li>\n<\/ol>\n<\/ol>\n<\/ol>\n<p>Nos efforts pour faire le bien sont souvent color\u00e9s par notre propre int\u00e9r\u00eat. \u00cates vous d&rsquo;accord avec cela ?<\/p>\n<p>Quelle est la diff\u00e9rence apport\u00e9e par le salut par la gr\u00e2ce ?<\/p>\n<p>As-tu des changements d&rsquo;attitude \u00e0 faire en ce qui concerne ta mani\u00e8re de vivre, ou des comportements qui ne collent pas avec le salut que J\u00e9sus a pay\u00e9 pour toi ?<\/p>\n","protected":false},"excerpt":{"rendered":"<p>\u00a0 \u00c9tude r\u00e9alis\u00e9e dans le cadre du projet canevas, dans la s\u00e9rie sur la Gr\u00e2ce,fin avril 2003 Note pour l&rsquo;animateur\u00a0:\u00a0Il est recommand\u00e9 \u00e0 l&rsquo;animateur de\u00a0lire l&rsquo;introduction \u00e0 l&rsquo;\u00e9p\u00eetre de l&rsquo;ap\u00f4tre Paul \u00e0 Tite\u00a0ici.<\/p>\n","protected":false},"author":2,"featured_media":2209,"comment_status":"open","ping_status":"open","sticky":false,"template":"","format":"standard","meta":{"_acf_changed":false,"_eb_attr":"","advgb_blocks_editor_width":"","advgb_blocks_columns_visual_guide":"","footnotes":""},"categories":[10],"tags":[651,270,23,689],"video":[],"audio":[],"ecrit":[],"mis-en-avant":[],"redacteur":[],"type-darticle":[],"class_list":["post-423","post","type-post","status-publish","format-standard","has-post-thumbnail","hentry","category-discussions-autour-de-la-bible","tag-ecrit","tag-grace","tag-nouveau-testament","tag-tite"],"blocksy_meta":[],"acf":[],"featured_image_src":"https:\/\/www.creusonslabible.fr\/wp-content\/uploads\/2012\/07\/tite2-1.jpg","author_info":{"display_name":"caillou","author_link":"https:\/\/www.creusonslabible.fr\/?author=2"},"author_meta":{"display_name":"caillou","author_link":"https:\/\/www.creusonslabible.fr\/?author=2"},"featured_img":"https:\/\/www.creusonslabible.fr\/wp-content\/uploads\/2012\/07\/tite2-1.jpg","coauthors":[],"tax_additional":{"categories":{"linked":["<a href=\"https:\/\/www.creusonslabible.fr\/?cat=10\" class=\"advgb-post-tax-term\">Discussions autour de la Bible<\/a>"],"unlinked":["<span class=\"advgb-post-tax-term\">Discussions autour de la Bible<\/span>"]},"tags":{"linked":["<a href=\"https:\/\/www.creusonslabible.fr\/?cat=10\" class=\"advgb-post-tax-term\">\u00e9crit<\/a>","<a href=\"https:\/\/www.creusonslabible.fr\/?cat=10\" class=\"advgb-post-tax-term\">gr\u00e2ce<\/a>","<a href=\"https:\/\/www.creusonslabible.fr\/?cat=10\" class=\"advgb-post-tax-term\">Nouveau-Testament<\/a>","<a href=\"https:\/\/www.creusonslabible.fr\/?cat=10\" class=\"advgb-post-tax-term\">Tite<\/a>"],"unlinked":["<span class=\"advgb-post-tax-term\">\u00e9crit<\/span>","<span class=\"advgb-post-tax-term\">gr\u00e2ce<\/span>","<span class=\"advgb-post-tax-term\">Nouveau-Testament<\/span>","<span class=\"advgb-post-tax-term\">Tite<\/span>"]}},"comment_count":"0","relative_dates":{"created":"Publi\u00e9 14 ans il y a","modified":"Mis \u00e0 jour 1 an il y a"},"absolute_dates":{"created":"Publi\u00e9 le 5 juillet 2012","modified":"Mise \u00e0 jour le 24 janvier 2025"},"absolute_dates_time":{"created":"Publi\u00e9 le 5 juillet 2012 21h18","modified":"Mise \u00e0 jour le 24 janvier 2025 11h11"},"featured_img_caption":"","series_order":"","meta_box":[],"_links":{"self":[{"href":"https:\/\/www.creusonslabible.fr\/index.php?rest_route=\/wp\/v2\/posts\/423","targetHints":{"allow":["GET"]}}],"collection":[{"href":"https:\/\/www.creusonslabible.fr\/index.php?rest_route=\/wp\/v2\/posts"}],"about":[{"href":"https:\/\/www.creusonslabible.fr\/index.php?rest_route=\/wp\/v2\/types\/post"}],"author":[{"embeddable":true,"href":"https:\/\/www.creusonslabible.fr\/index.php?rest_route=\/wp\/v2\/users\/2"}],"replies":[{"embeddable":true,"href":"https:\/\/www.creusonslabible.fr\/index.php?rest_route=%2Fwp%2Fv2%2Fcomments&post=423"}],"version-history":[{"count":1,"href":"https:\/\/www.creusonslabible.fr\/index.php?rest_route=\/wp\/v2\/posts\/423\/revisions"}],"predecessor-version":[{"id":10804,"href":"https:\/\/www.creusonslabible.fr\/index.php?rest_route=\/wp\/v2\/posts\/423\/revisions\/10804"}],"wp:featuredmedia":[{"embeddable":true,"href":"https:\/\/www.creusonslabible.fr\/index.php?rest_route=\/wp\/v2\/media\/2209"}],"wp:attachment":[{"href":"https:\/\/www.creusonslabible.fr\/index.php?rest_route=%2Fwp%2Fv2%2Fmedia&parent=423"}],"wp:term":[{"taxonomy":"category","embeddable":true,"href":"https:\/\/www.creusonslabible.fr\/index.php?rest_route=%2Fwp%2Fv2%2Fcategories&post=423"},{"taxonomy":"post_tag","embeddable":true,"href":"https:\/\/www.creusonslabible.fr\/index.php?rest_route=%2Fwp%2Fv2%2Ftags&post=423"},{"taxonomy":"video","embeddable":true,"href":"https:\/\/www.creusonslabible.fr\/index.php?rest_route=%2Fwp%2Fv2%2Fvideo&post=423"},{"taxonomy":"audio","embeddable":true,"href":"https:\/\/www.creusonslabible.fr\/index.php?rest_route=%2Fwp%2Fv2%2Faudio&post=423"},{"taxonomy":"ecrit","embeddable":true,"href":"https:\/\/www.creusonslabible.fr\/index.php?rest_route=%2Fwp%2Fv2%2Fecrit&post=423"},{"taxonomy":"mis-en-avant","embeddable":true,"href":"https:\/\/www.creusonslabible.fr\/index.php?rest_route=%2Fwp%2Fv2%2Fmis-en-avant&post=423"},{"taxonomy":"redacteur","embeddable":true,"href":"https:\/\/www.creusonslabible.fr\/index.php?rest_route=%2Fwp%2Fv2%2Fredacteur&post=423"},{"taxonomy":"type-darticle","embeddable":true,"href":"https:\/\/www.creusonslabible.fr\/index.php?rest_route=%2Fwp%2Fv2%2Ftype-darticle&post=423"}],"curies":[{"name":"wp","href":"https:\/\/api.w.org\/{rel}","templated":true}]}}