{"id":4326,"date":"2016-06-03T17:00:04","date_gmt":"2016-06-03T17:00:04","guid":{"rendered":"http:\/\/www.creusonslabible.fr\/?p=4326"},"modified":"2025-01-24T12:21:48","modified_gmt":"2025-01-24T10:21:48","slug":"nombres-7-89-8-1-26-organisation-des-troupes-12","status":"publish","type":"post","link":"https:\/\/www.creusonslabible.fr\/?p=4326","title":{"rendered":"Nombres 7.89-8.1-26 \u2013 Organisation des troupes (12)"},"content":{"rendered":"<p>EN PR\u00c9SENCE DE DIEU<\/p>\n<p>&nbsp;<\/p>\n<p><strong>Plong\u00e9e dans le tabernacle<\/strong><\/p>\n<p>Ca y est, le tabernacle est dress\u00e9 et consacr\u00e9. Mais est-ce \u00e7a qui compte\u00a0? Le tabernacle en lui-m\u00eame ne servirait \u00e0 rien s\u2019il ne permettait pas la relation entre Dieu et son peuple, d\u2019o\u00f9 la petite parenth\u00e8se de 7.89 \u00e0 8.4.<\/p>\n<p>La pr\u00e9sence de l\u2019Eternel est manifeste au sein du lieu tr\u00e8s-saint, l\u00e0 o\u00f9 se trouve l\u2019arche de l\u2019alliance. C\u2019est l\u00e0 que Mo\u00efse s\u2019entretient avec l\u2019Eternel, en grand privil\u00e9gi\u00e9 puisque normalement seul le grand-pr\u00eatre est autoris\u00e9 \u00e0 y entrer.<\/p>\n<p>Dans le lieu saint, s\u00e9par\u00e9 du lieu tr\u00e8s-saint par un rideau, le chandelier doit \u00e9clairer \u00ab\u00a0en face\u00a0\u00bb la table des pains consacr\u00e9s. Le sens de cette table n\u2019est pas explicite mais il semble que les 12 pains sans levain rappellent la fa\u00e7on dont les 12 tribus ont \u00e9t\u00e9 lib\u00e9r\u00e9es de l\u2019esclavage en Egypte (cf. Lv 24.5-9 qui parle de \u00ab\u00a0souvenir\u00a0\u00bb). Cette zone du tabernacle est donc un rappel du lien sp\u00e9cial qui unit les Isra\u00e9lites \u00e0 Dieu.<\/p>\n<p><strong>Au service de sa majest\u00e9<\/strong><\/p>\n<p>Apr\u00e8s avoir fait des dons mat\u00e9riels, les Isra\u00e9lites font d\u00e9sormais des dons humains\u00a0: ils offrent litt\u00e9ralement (8.13) les L\u00e9vites pour qu\u2019ils se consacrent au service de l\u2019Eternel. Mais cette fois-ci, il s\u2019agit d\u2019un don particulier\u00a0: c\u2019est une sorte de substitution. La substitution est la cl\u00e9 pour comprendre 8.5-26\u00a0: l\u2019un prend la place qu\u2019aurait d\u00fb occuper l\u2019autre et le \u00ab\u00a0transfert\u00a0\u00bb se fait en posant les mains sur celui qui prend sa place en symbole d\u2019identification.<\/p>\n<p>Ainsi, les L\u00e9vites sont consacr\u00e9s \u00e0 Dieu \u00e0 la place des a\u00een\u00e9s des Isra\u00e9lites qui devaient appartenir \u00e0 Dieu \u00e0 la suite du dernier fl\u00e9au en Egypte (8.16-18). Et les Isra\u00e9lites posent alors leurs mains sur les L\u00e9vites pour montrer que ces derniers les remplacent (v.10).<\/p>\n<p>Mais les L\u00e9vites ne sont pas moins p\u00e9cheurs que les autres Isra\u00e9lites. A leur tour, ils doivent poser leurs mains sur la t\u00eate des taureaux qui mourront \u00e0 leur place pour leurs p\u00e9ch\u00e9s (v.12). Ils doivent aussi passer par tout un processus de purification (v.5-7) qui leur rappelle qu\u2019autrement, ils ne pourraient pas s\u2019approcher du tabernacle (v.19).<\/p>\n<p>&nbsp;<\/p>\n<p><strong>APPLICATION<\/strong><\/p>\n<p>Pour le peuple d\u2019Isra\u00ebl, \u00eatre en pr\u00e9sence de Dieu \u00e9tait un r\u00e9el privil\u00e8ge. Sans cesse, ils voyaient concr\u00e8tement qu\u2019ils ne m\u00e9ritaient pas de s\u2019approcher de Dieu. Et en m\u00eame temps, Dieu avait mis en place un syst\u00e8me leur permettant de profiter de sa pr\u00e9sence.<\/p>\n<p>Gr\u00e2ce \u00e0 J\u00e9sus, qui s\u2019est substitu\u00e9 \u00e0 nous de fa\u00e7on d\u00e9finitive, nous sommes en permanence en pr\u00e9sence de Dieu. Son Esprit nous permet de nous entretenir avec Dieu en illimit\u00e9. R\u00e9alisons-nous ce privil\u00e8ge\u00a0? En profitons-nous ? Par exemple, passons-nous du temps \u00e0 parler \u00e0 Dieu\u00a0?<\/p>\n<p>&nbsp;<\/p>\n<p style=\"text-align: right;\"><em>Marie-Aude R.<\/em><\/p>\n","protected":false},"excerpt":{"rendered":"<p>EN PR\u00c9SENCE DE DIEU &nbsp; Plong\u00e9e dans le tabernacle Ca y est, le tabernacle est dress\u00e9 et consacr\u00e9. Mais est-ce \u00e7a qui compte\u00a0? Le tabernacle en lui-m\u00eame ne servirait \u00e0 rien s\u2019il ne permettait pas la relation entre Dieu et son peuple, d\u2019o\u00f9 la petite parenth\u00e8se de 7.89 \u00e0 8.4. La pr\u00e9sence de l\u2019Eternel est [&hellip;]<\/p>\n","protected":false},"author":5,"featured_media":2582,"comment_status":"open","ping_status":"closed","sticky":false,"template":"","format":"standard","meta":{"_acf_changed":false,"_eb_attr":"","advgb_blocks_editor_width":"","advgb_blocks_columns_visual_guide":"","footnotes":""},"categories":[16],"tags":[651,774],"video":[],"audio":[],"ecrit":[],"mis-en-avant":[],"redacteur":[],"type-darticle":[],"class_list":["post-4326","post","type-post","status-publish","format-standard","has-post-thumbnail","hentry","category-meditations-bibliques","tag-ecrit","tag-nombres"],"blocksy_meta":[],"acf":[],"featured_image_src":"https:\/\/www.creusonslabible.fr\/wp-content\/uploads\/2013\/09\/Camp-1.jpg","author_info":{"display_name":"MA","author_link":"https:\/\/www.creusonslabible.fr\/?author=5"},"author_meta":{"display_name":"MA","author_link":"https:\/\/www.creusonslabible.fr\/?author=5"},"featured_img":"https:\/\/www.creusonslabible.fr\/wp-content\/uploads\/2013\/09\/Camp-1.jpg","coauthors":[],"tax_additional":{"categories":{"linked":["<a href=\"https:\/\/www.creusonslabible.fr\/?cat=16\" class=\"advgb-post-tax-term\">M\u00e9ditations bibliques<\/a>"],"unlinked":["<span class=\"advgb-post-tax-term\">M\u00e9ditations bibliques<\/span>"]},"tags":{"linked":["<a href=\"https:\/\/www.creusonslabible.fr\/?cat=16\" class=\"advgb-post-tax-term\">\u00e9crit<\/a>","<a href=\"https:\/\/www.creusonslabible.fr\/?cat=16\" class=\"advgb-post-tax-term\">Nombres<\/a>"],"unlinked":["<span class=\"advgb-post-tax-term\">\u00e9crit<\/span>","<span class=\"advgb-post-tax-term\">Nombres<\/span>"]}},"comment_count":"0","relative_dates":{"created":"Publi\u00e9 10 ans il y a","modified":"Mis \u00e0 jour 1 an il y a"},"absolute_dates":{"created":"Publi\u00e9 le 3 juin 2016","modified":"Mise \u00e0 jour le 24 janvier 2025"},"absolute_dates_time":{"created":"Publi\u00e9 le 3 juin 2016 17h00","modified":"Mise \u00e0 jour le 24 janvier 2025 12h21"},"featured_img_caption":"","series_order":"","meta_box":[],"_links":{"self":[{"href":"https:\/\/www.creusonslabible.fr\/index.php?rest_route=\/wp\/v2\/posts\/4326","targetHints":{"allow":["GET"]}}],"collection":[{"href":"https:\/\/www.creusonslabible.fr\/index.php?rest_route=\/wp\/v2\/posts"}],"about":[{"href":"https:\/\/www.creusonslabible.fr\/index.php?rest_route=\/wp\/v2\/types\/post"}],"author":[{"embeddable":true,"href":"https:\/\/www.creusonslabible.fr\/index.php?rest_route=\/wp\/v2\/users\/5"}],"replies":[{"embeddable":true,"href":"https:\/\/www.creusonslabible.fr\/index.php?rest_route=%2Fwp%2Fv2%2Fcomments&post=4326"}],"version-history":[{"count":1,"href":"https:\/\/www.creusonslabible.fr\/index.php?rest_route=\/wp\/v2\/posts\/4326\/revisions"}],"predecessor-version":[{"id":11195,"href":"https:\/\/www.creusonslabible.fr\/index.php?rest_route=\/wp\/v2\/posts\/4326\/revisions\/11195"}],"wp:featuredmedia":[{"embeddable":true,"href":"https:\/\/www.creusonslabible.fr\/index.php?rest_route=\/wp\/v2\/media\/2582"}],"wp:attachment":[{"href":"https:\/\/www.creusonslabible.fr\/index.php?rest_route=%2Fwp%2Fv2%2Fmedia&parent=4326"}],"wp:term":[{"taxonomy":"category","embeddable":true,"href":"https:\/\/www.creusonslabible.fr\/index.php?rest_route=%2Fwp%2Fv2%2Fcategories&post=4326"},{"taxonomy":"post_tag","embeddable":true,"href":"https:\/\/www.creusonslabible.fr\/index.php?rest_route=%2Fwp%2Fv2%2Ftags&post=4326"},{"taxonomy":"video","embeddable":true,"href":"https:\/\/www.creusonslabible.fr\/index.php?rest_route=%2Fwp%2Fv2%2Fvideo&post=4326"},{"taxonomy":"audio","embeddable":true,"href":"https:\/\/www.creusonslabible.fr\/index.php?rest_route=%2Fwp%2Fv2%2Faudio&post=4326"},{"taxonomy":"ecrit","embeddable":true,"href":"https:\/\/www.creusonslabible.fr\/index.php?rest_route=%2Fwp%2Fv2%2Fecrit&post=4326"},{"taxonomy":"mis-en-avant","embeddable":true,"href":"https:\/\/www.creusonslabible.fr\/index.php?rest_route=%2Fwp%2Fv2%2Fmis-en-avant&post=4326"},{"taxonomy":"redacteur","embeddable":true,"href":"https:\/\/www.creusonslabible.fr\/index.php?rest_route=%2Fwp%2Fv2%2Fredacteur&post=4326"},{"taxonomy":"type-darticle","embeddable":true,"href":"https:\/\/www.creusonslabible.fr\/index.php?rest_route=%2Fwp%2Fv2%2Ftype-darticle&post=4326"}],"curies":[{"name":"wp","href":"https:\/\/api.w.org\/{rel}","templated":true}]}}