{"id":438,"date":"2012-07-05T21:25:18","date_gmt":"2012-07-05T21:25:18","guid":{"rendered":"http:\/\/elearning.gbu.fr\/?p=438"},"modified":"2025-01-24T11:11:11","modified_gmt":"2025-01-24T09:11:11","slug":"ephesiens-417-32-un-peuple-pur-et-saint","status":"publish","type":"post","link":"https:\/\/www.creusonslabible.fr\/?p=438","title":{"rendered":"\u00c9ph\u00e9siens 4.17-32 &#8211; un peuple pur et saint"},"content":{"rendered":"<p><strong>Note pour l&rsquo;animateur\u00a0:<\/strong>\u00a0Il est recommand\u00e9 \u00e0 l&rsquo;animateur de\u00a0lire l&rsquo;introduction \u00e0 l&rsquo; \u00e9p\u00eetre de l&rsquo;ap\u00f4tre Paul aux Eph\u00e9siens\u00a0<a href=\"http:\/\/www.creusonslabible.fr\/?p=256\" target=\"_blank\" rel=\"noopener\">ici<\/a>.<\/p>\n<p><em> Etude r\u00e9alis\u00e9 dans le cadre du projet canevas, publication d\u00e9cembre 2004<\/em><\/p>\n<h2><a name=\"intro\"><\/a>Introduction<\/h2>\n<p>Apr\u00e8s avoir appel\u00e9 les chr\u00e9tiens d&rsquo;\u00c9ph\u00e8se \u00e0 marcher comme un peuple uni, Paul les appelle \u00e0 pr\u00e9sent \u00e0 former un peuple \u00ab pur \u00bb et saint.<\/p>\n<p><!--more--><\/p>\n<h2><a name=\"part1\"><\/a>Observation et interpr\u00e9tation<\/h2>\n<ul>\n<li>Essayer de d\u00e9couper le passage.<\/li>\n<li>Qu&rsquo;implique \u00ab marcher comme les pa\u00efens \u00bb ? (Relevez tout ce qui se rapporte \u00e0 ce style de vie des versets 17 \u00e0 19)<\/li>\n<li>Quelle est l&rsquo;origine de l&rsquo;obscurit\u00e9 qui enveloppe la pens\u00e9e des pa\u00efens ? Est-ce volontaire de leur part ou s&rsquo;agit-il d&rsquo;une situation qu&rsquo;ils subissent malgr\u00e9 eux ?<\/li>\n<li>Pensez-vous que tous les pa\u00efens aient r\u00e9ellement une vie aussi dissolue que celle d\u00e9crite par Paul ?<\/li>\n<li>Quelle est la raison pour laquelle nous ne devons plus vivre comme avant ? (revoir \u00c9ph\u00e9siens 2)<\/li>\n<li>Des expressions rappellent l&rsquo;\u00e9cole&#8230; lesquelles ?<\/li>\n<li>Quelle \u00e9ducation les chr\u00e9tiens ont-ils re\u00e7u (20-24) ?<\/li>\n<li>Quel est le contenu de cet enseignement ?<\/li>\n<li>Qui est l&rsquo;enseignant ?<\/li>\n<li>Que signifie \u00ab apprendre Christ \u00bb ?<\/li>\n<li>Quelle est donc cette v\u00e9rit\u00e9 qui affranchit le chr\u00e9tien et le conduit \u00e0 une vie juste ?<\/li>\n<li>Quand le changement de nature s&rsquo;op\u00e8re-t-il ? (regardez le temps des verbes)<\/li>\n<li>Dans les versets 22 \u00e0 24 : qu&rsquo;est-ce qui tient de l&rsquo;action de Dieu et celle de l&rsquo;homme ? La saintet\u00e9 est-elle un \u00e9tat \u00ab o\u00f9 l&rsquo;on se laisse aller \u00bb ?<\/li>\n<li>Comment s&rsquo;op\u00e8re le renouvellement de l&rsquo;intelligence ?<\/li>\n<li>Paul met en opposition deux hommes, d\u00e9crivez-les. Qu&rsquo;est-ce qui les diff\u00e9rencie (v. 22-24) ?<\/li>\n<li>Comment l&rsquo;image du v\u00eatement vous aide-t-elle dans votre compr\u00e9hension (v.22-24) ?<\/li>\n<li>Quel rapport entre les passages 17-24 et 25-32 ?<\/li>\n<li>Relevez les recommandations pratiques de Paul dans les versets 25 \u00e0 32. Que concernent-elles ? Qu&rsquo;ont-elles en commun ?<\/li>\n<\/ul>\n<h2><a name=\"part2\"><\/a>Application<\/h2>\n<ul>\n<li>Quelle est votre attitude vis \u00e0 vis du p\u00e9ch\u00e9 dans votre vie ?<\/li>\n<li>Y-a-t-il des choses que nous pouvons faire, concr\u00e8tement, pour nous pr\u00e9parer \u00e0 l&rsquo;avance et ne pas tomber dans le p\u00e9ch\u00e9 ? Nous partons souvent d\u00e9faitistes, en oubliant que le Christ nous a rendus libres et qu&rsquo;il nous a donn\u00e9 la puissance pour se lib\u00e9rer de l&#8217;emprise du p\u00e9ch\u00e9 (orgueil, \u00e9go\u00efsme, m\u00e9chancet\u00e9, mauvaises pens\u00e9es&#8230;).<\/li>\n<li>Si nous continuons de p\u00e9cher malgr\u00e9 cette vie nouvelle que nous avons re\u00e7ue, cela interrompt-il notre relation avec Dieu ?<\/li>\n<li>Comment la plupart des gens consid\u00e8rent-ils la saintet\u00e9 ? D&rsquo;o\u00f9 leur viennent ces id\u00e9es ? Comment pouvons-nous leur expliquer ce qu&rsquo;elle est r\u00e9ellement ?<\/li>\n<li>Voyez-vous des dangers dans le d\u00e9sir fervent et acharn\u00e9 du chr\u00e9tien de s&rsquo;appliquer \u00e0 mener une vie totalement sainte ?<\/li>\n<\/ul>\n<div><em> Nous avons un nouveau statut en J\u00e9sus-Christ, nous devons donc adopter un mode de vie qui lui est compatible ! <\/em><\/div>\n","protected":false},"excerpt":{"rendered":"<p>Note pour l&rsquo;animateur\u00a0:\u00a0Il est recommand\u00e9 \u00e0 l&rsquo;animateur de\u00a0lire l&rsquo;introduction \u00e0 l&rsquo; \u00e9p\u00eetre de l&rsquo;ap\u00f4tre Paul aux Eph\u00e9siens\u00a0ici. Etude r\u00e9alis\u00e9 dans le cadre du projet canevas, publication d\u00e9cembre 2004 Introduction Apr\u00e8s avoir appel\u00e9 les chr\u00e9tiens d&rsquo;\u00c9ph\u00e8se \u00e0 marcher comme un peuple uni, Paul les appelle \u00e0 pr\u00e9sent \u00e0 former un peuple \u00ab pur \u00bb et saint.<\/p>\n","protected":false},"author":2,"featured_media":2225,"comment_status":"open","ping_status":"open","sticky":false,"template":"","format":"standard","meta":{"_acf_changed":false,"_eb_attr":"","advgb_blocks_editor_width":"","advgb_blocks_columns_visual_guide":"","footnotes":""},"categories":[10],"tags":[651,1147,23,149,492],"video":[],"audio":[],"ecrit":[],"mis-en-avant":[],"redacteur":[],"type-darticle":[],"class_list":["post-438","post","type-post","status-publish","format-standard","has-post-thumbnail","hentry","category-discussions-autour-de-la-bible","tag-ecrit","tag-ephesiens","tag-nouveau-testament","tag-peche","tag-saintete"],"blocksy_meta":[],"acf":[],"featured_image_src":"https:\/\/www.creusonslabible.fr\/wp-content\/uploads\/2012\/07\/Eph4-1.jpg","author_info":{"display_name":"caillou","author_link":"https:\/\/www.creusonslabible.fr\/?author=2"},"author_meta":{"display_name":"caillou","author_link":"https:\/\/www.creusonslabible.fr\/?author=2"},"featured_img":"https:\/\/www.creusonslabible.fr\/wp-content\/uploads\/2012\/07\/Eph4-1.jpg","coauthors":[],"tax_additional":{"categories":{"linked":["<a href=\"https:\/\/www.creusonslabible.fr\/?cat=10\" class=\"advgb-post-tax-term\">Discussions autour de la Bible<\/a>"],"unlinked":["<span class=\"advgb-post-tax-term\">Discussions autour de la Bible<\/span>"]},"tags":{"linked":["<a href=\"https:\/\/www.creusonslabible.fr\/?cat=10\" class=\"advgb-post-tax-term\">\u00e9crit<\/a>","<a href=\"https:\/\/www.creusonslabible.fr\/?cat=10\" class=\"advgb-post-tax-term\">\u00c9ph\u00e9siens<\/a>","<a href=\"https:\/\/www.creusonslabible.fr\/?cat=10\" class=\"advgb-post-tax-term\">Nouveau-Testament<\/a>","<a href=\"https:\/\/www.creusonslabible.fr\/?cat=10\" class=\"advgb-post-tax-term\">p\u00e9ch\u00e9<\/a>","<a href=\"https:\/\/www.creusonslabible.fr\/?cat=10\" class=\"advgb-post-tax-term\">saintet\u00e9<\/a>"],"unlinked":["<span class=\"advgb-post-tax-term\">\u00e9crit<\/span>","<span class=\"advgb-post-tax-term\">\u00c9ph\u00e9siens<\/span>","<span class=\"advgb-post-tax-term\">Nouveau-Testament<\/span>","<span class=\"advgb-post-tax-term\">p\u00e9ch\u00e9<\/span>","<span class=\"advgb-post-tax-term\">saintet\u00e9<\/span>"]}},"comment_count":"0","relative_dates":{"created":"Publi\u00e9 14 ans il y a","modified":"Mis \u00e0 jour 1 an il y a"},"absolute_dates":{"created":"Publi\u00e9 le 5 juillet 2012","modified":"Mise \u00e0 jour le 24 janvier 2025"},"absolute_dates_time":{"created":"Publi\u00e9 le 5 juillet 2012 21h25","modified":"Mise \u00e0 jour le 24 janvier 2025 11h11"},"featured_img_caption":"","series_order":"","meta_box":[],"_links":{"self":[{"href":"https:\/\/www.creusonslabible.fr\/index.php?rest_route=\/wp\/v2\/posts\/438","targetHints":{"allow":["GET"]}}],"collection":[{"href":"https:\/\/www.creusonslabible.fr\/index.php?rest_route=\/wp\/v2\/posts"}],"about":[{"href":"https:\/\/www.creusonslabible.fr\/index.php?rest_route=\/wp\/v2\/types\/post"}],"author":[{"embeddable":true,"href":"https:\/\/www.creusonslabible.fr\/index.php?rest_route=\/wp\/v2\/users\/2"}],"replies":[{"embeddable":true,"href":"https:\/\/www.creusonslabible.fr\/index.php?rest_route=%2Fwp%2Fv2%2Fcomments&post=438"}],"version-history":[{"count":1,"href":"https:\/\/www.creusonslabible.fr\/index.php?rest_route=\/wp\/v2\/posts\/438\/revisions"}],"predecessor-version":[{"id":10799,"href":"https:\/\/www.creusonslabible.fr\/index.php?rest_route=\/wp\/v2\/posts\/438\/revisions\/10799"}],"wp:featuredmedia":[{"embeddable":true,"href":"https:\/\/www.creusonslabible.fr\/index.php?rest_route=\/wp\/v2\/media\/2225"}],"wp:attachment":[{"href":"https:\/\/www.creusonslabible.fr\/index.php?rest_route=%2Fwp%2Fv2%2Fmedia&parent=438"}],"wp:term":[{"taxonomy":"category","embeddable":true,"href":"https:\/\/www.creusonslabible.fr\/index.php?rest_route=%2Fwp%2Fv2%2Fcategories&post=438"},{"taxonomy":"post_tag","embeddable":true,"href":"https:\/\/www.creusonslabible.fr\/index.php?rest_route=%2Fwp%2Fv2%2Ftags&post=438"},{"taxonomy":"video","embeddable":true,"href":"https:\/\/www.creusonslabible.fr\/index.php?rest_route=%2Fwp%2Fv2%2Fvideo&post=438"},{"taxonomy":"audio","embeddable":true,"href":"https:\/\/www.creusonslabible.fr\/index.php?rest_route=%2Fwp%2Fv2%2Faudio&post=438"},{"taxonomy":"ecrit","embeddable":true,"href":"https:\/\/www.creusonslabible.fr\/index.php?rest_route=%2Fwp%2Fv2%2Fecrit&post=438"},{"taxonomy":"mis-en-avant","embeddable":true,"href":"https:\/\/www.creusonslabible.fr\/index.php?rest_route=%2Fwp%2Fv2%2Fmis-en-avant&post=438"},{"taxonomy":"redacteur","embeddable":true,"href":"https:\/\/www.creusonslabible.fr\/index.php?rest_route=%2Fwp%2Fv2%2Fredacteur&post=438"},{"taxonomy":"type-darticle","embeddable":true,"href":"https:\/\/www.creusonslabible.fr\/index.php?rest_route=%2Fwp%2Fv2%2Ftype-darticle&post=438"}],"curies":[{"name":"wp","href":"https:\/\/api.w.org\/{rel}","templated":true}]}}