{"id":445,"date":"2012-07-05T21:27:53","date_gmt":"2012-07-05T21:27:53","guid":{"rendered":"http:\/\/elearning.gbu.fr\/?p=445"},"modified":"2025-01-24T11:11:10","modified_gmt":"2025-01-24T09:11:10","slug":"ephesiens-3","status":"publish","type":"post","link":"https:\/\/www.creusonslabible.fr\/?p=445","title":{"rendered":"\u00c9ph\u00e9siens 3 &#8211; Ce n&rsquo;est plus un myst\u00e8re"},"content":{"rendered":"<p><strong>Note pour l&rsquo;animateur\u00a0:<\/strong>\u00a0Il est recommand\u00e9 \u00e0 l&rsquo;animateur de\u00a0lire l&rsquo;introduction \u00e0 l&rsquo; \u00e9p\u00eetre de l&rsquo;ap\u00f4tre Paul aux Eph\u00e9siens\u00a0<a href=\"http:\/\/www.creusonslabible.fr\/?p=256\" target=\"_blank\" rel=\"noopener\">ici<\/a>.<\/p>\n<p><em>\u00a0 \u00c9tude r\u00e9alis\u00e9 dans le cadre du projet canevas, publication novembre 2004<\/em><\/p>\n<h2><a name=\"intro\"><\/a> Introduction contextuelle<\/h2>\n<p>Lire le texte.<\/p>\n<p>Quels sont les mots r\u00e9p\u00e9t\u00e9s, les mots cl\u00e9s, les th\u00e8mes ?<\/p>\n<p>Paul commence au verset 1 mais s&rsquo;interrompt pour ouvrir une parenth\u00e8se aux versets 2 \u00e0 13.<\/p>\n<h2><a name=\"part1\"><\/a>Vv 2-13<\/h2>\n<ul>\n<li>Qu&rsquo;est-ce que Dieu a fait pour Paul ? (v. 2-9, il y a plusieurs r\u00e9ponses !)<\/li>\n<li>Pourquoi ?<\/li>\n<li>Qu&rsquo;est-ce que le myst\u00e8re \/ le secret du plan de Dieu ? Quels versets nous l&rsquo;expliquent ?<\/li>\n<li>Quels mots sont utilis\u00e9s pour d\u00e9crire le privil\u00e8ge qu&rsquo;ont les pa\u00efens \/ non-juifs ? (v 6, 8 et 12)<\/li>\n<li>Quel est le but de ce plan ? (v.10)<\/li>\n<li>Qu&rsquo;est-ce que cela nous montre sur le r\u00f4le de l&rsquo;\u00e9glise ?<\/li>\n<li>Aux versets 1 et 13 Paul fait r\u00e9f\u00e9rence \u00e0 sa situation. O\u00f9 se trouve-t-il ?<\/li>\n<li>Comment est-ce que la v\u00e9rit\u00e9 qu&rsquo;il vient d&rsquo;expliquer l&rsquo;aide \u00e0 supporter ses souffrances ?<\/li>\n<\/ul>\n<h2><a name=\"part2\"><\/a> Vv 1 et 14-21<\/h2>\n<ul>\n<li>Aux versets 1 et 14, Paul \u00e9crit \u00ab C&rsquo;est pourquoi&#8230; \u00bb. \u00c0 quoi fait-il r\u00e9f\u00e9rence ?<\/li>\n<li>Qu&rsquo;est-ce que Paul demande \u00e0 Dieu pour les chr\u00e9tiens \u00e0 \u00c9ph\u00e8se ? Essayez de l&rsquo;expliquer dans vos propres mots.<\/li>\n<li>Quel est le but de cette pri\u00e8re ?\n<ol>\n<li>pour eux ?<\/li>\n<li>pour Dieu ? Quel est le parall\u00e8le entre v. 21 et v. 10 ? Qu&rsquo;est-ce qui glorifie Dieu ?<\/li>\n<\/ol>\n<\/li>\n<\/ul>\n<h2><a name=\"appli\"><\/a> Applications :<\/h2>\n<p>Pour ceux qui ne sont pas chr\u00e9tiens (pour r\u00e9flexion personnelle) :<\/p>\n<ul>\n<li>selon ce passage, quels seraient les avantages d&rsquo;appartenir \u00e0 la famille de Dieu ?<\/li>\n<\/ul>\n<p>Pour ceux qui sont chr\u00e9tiens :<\/p>\n<ul>\n<li>Le myst\u00e8re qui a \u00e9t\u00e9 r\u00e9v\u00e9l\u00e9 (que les pa\u00efens ont le m\u00eame h\u00e9ritage) pousse Paul \u00e0 l&rsquo;annoncer \u00e0 tout le monde. Comment ce passage nous motive-t-il \u00e0 partager la Bonne Nouvelle ?<\/li>\n<li>La pri\u00e8re de Paul nous montre son souhait que les chr\u00e9tiens grandissent \u00e9norm\u00e9ment dans leur connaissance de Dieu. Est-ce que nous nous contentons de notre degr\u00e9 actuel de connaissance de Dieu\n<ol>\n<li>sur le plan individuel ?<\/li>\n<li>sur le plan de nos \u00e9glises \/ de nos GBU ?<\/li>\n<\/ol>\n<\/li>\n<\/ul>\n<p>Utilisons la pri\u00e8re de Paul, maintenant et r\u00e9guli\u00e8rement, pour nous et les chr\u00e9tiens qui nous entourent !<\/p>\n","protected":false},"excerpt":{"rendered":"<p>Note pour l&rsquo;animateur\u00a0:\u00a0Il est recommand\u00e9 \u00e0 l&rsquo;animateur de\u00a0lire l&rsquo;introduction \u00e0 l&rsquo; \u00e9p\u00eetre de l&rsquo;ap\u00f4tre Paul aux Eph\u00e9siens\u00a0ici. \u00a0 \u00c9tude r\u00e9alis\u00e9 dans le cadre du projet canevas, publication novembre 2004 Introduction contextuelle Lire le texte. Quels sont les mots r\u00e9p\u00e9t\u00e9s, les mots cl\u00e9s, les th\u00e8mes ? Paul commence au verset 1 mais s&rsquo;interrompt pour ouvrir une [&hellip;]<\/p>\n","protected":false},"author":2,"featured_media":2235,"comment_status":"open","ping_status":"open","sticky":false,"template":"","format":"standard","meta":{"_acf_changed":false,"_eb_attr":"","advgb_blocks_editor_width":"","advgb_blocks_columns_visual_guide":"","footnotes":""},"categories":[10],"tags":[651,1147,23,346],"video":[],"audio":[],"ecrit":[],"mis-en-avant":[],"redacteur":[],"type-darticle":[],"class_list":["post-445","post","type-post","status-publish","format-standard","has-post-thumbnail","hentry","category-discussions-autour-de-la-bible","tag-ecrit","tag-ephesiens","tag-nouveau-testament","tag-priere"],"blocksy_meta":[],"acf":[],"featured_image_src":"https:\/\/www.creusonslabible.fr\/wp-content\/uploads\/2012\/07\/Eph3-1.jpg","author_info":{"display_name":"caillou","author_link":"https:\/\/www.creusonslabible.fr\/?author=2"},"author_meta":{"display_name":"caillou","author_link":"https:\/\/www.creusonslabible.fr\/?author=2"},"featured_img":"https:\/\/www.creusonslabible.fr\/wp-content\/uploads\/2012\/07\/Eph3-1.jpg","coauthors":[],"tax_additional":{"categories":{"linked":["<a href=\"https:\/\/www.creusonslabible.fr\/?cat=10\" class=\"advgb-post-tax-term\">Discussions autour de la Bible<\/a>"],"unlinked":["<span class=\"advgb-post-tax-term\">Discussions autour de la Bible<\/span>"]},"tags":{"linked":["<a href=\"https:\/\/www.creusonslabible.fr\/?cat=10\" class=\"advgb-post-tax-term\">\u00e9crit<\/a>","<a href=\"https:\/\/www.creusonslabible.fr\/?cat=10\" class=\"advgb-post-tax-term\">\u00c9ph\u00e9siens<\/a>","<a href=\"https:\/\/www.creusonslabible.fr\/?cat=10\" class=\"advgb-post-tax-term\">Nouveau-Testament<\/a>","<a href=\"https:\/\/www.creusonslabible.fr\/?cat=10\" class=\"advgb-post-tax-term\">Pri\u00e8re<\/a>"],"unlinked":["<span class=\"advgb-post-tax-term\">\u00e9crit<\/span>","<span class=\"advgb-post-tax-term\">\u00c9ph\u00e9siens<\/span>","<span class=\"advgb-post-tax-term\">Nouveau-Testament<\/span>","<span class=\"advgb-post-tax-term\">Pri\u00e8re<\/span>"]}},"comment_count":"0","relative_dates":{"created":"Publi\u00e9 14 ans il y a","modified":"Mis \u00e0 jour 1 an il y a"},"absolute_dates":{"created":"Publi\u00e9 le 5 juillet 2012","modified":"Mise \u00e0 jour le 24 janvier 2025"},"absolute_dates_time":{"created":"Publi\u00e9 le 5 juillet 2012 21h27","modified":"Mise \u00e0 jour le 24 janvier 2025 11h11"},"featured_img_caption":"","series_order":"","meta_box":[],"_links":{"self":[{"href":"https:\/\/www.creusonslabible.fr\/index.php?rest_route=\/wp\/v2\/posts\/445","targetHints":{"allow":["GET"]}}],"collection":[{"href":"https:\/\/www.creusonslabible.fr\/index.php?rest_route=\/wp\/v2\/posts"}],"about":[{"href":"https:\/\/www.creusonslabible.fr\/index.php?rest_route=\/wp\/v2\/types\/post"}],"author":[{"embeddable":true,"href":"https:\/\/www.creusonslabible.fr\/index.php?rest_route=\/wp\/v2\/users\/2"}],"replies":[{"embeddable":true,"href":"https:\/\/www.creusonslabible.fr\/index.php?rest_route=%2Fwp%2Fv2%2Fcomments&post=445"}],"version-history":[{"count":1,"href":"https:\/\/www.creusonslabible.fr\/index.php?rest_route=\/wp\/v2\/posts\/445\/revisions"}],"predecessor-version":[{"id":10796,"href":"https:\/\/www.creusonslabible.fr\/index.php?rest_route=\/wp\/v2\/posts\/445\/revisions\/10796"}],"wp:featuredmedia":[{"embeddable":true,"href":"https:\/\/www.creusonslabible.fr\/index.php?rest_route=\/wp\/v2\/media\/2235"}],"wp:attachment":[{"href":"https:\/\/www.creusonslabible.fr\/index.php?rest_route=%2Fwp%2Fv2%2Fmedia&parent=445"}],"wp:term":[{"taxonomy":"category","embeddable":true,"href":"https:\/\/www.creusonslabible.fr\/index.php?rest_route=%2Fwp%2Fv2%2Fcategories&post=445"},{"taxonomy":"post_tag","embeddable":true,"href":"https:\/\/www.creusonslabible.fr\/index.php?rest_route=%2Fwp%2Fv2%2Ftags&post=445"},{"taxonomy":"video","embeddable":true,"href":"https:\/\/www.creusonslabible.fr\/index.php?rest_route=%2Fwp%2Fv2%2Fvideo&post=445"},{"taxonomy":"audio","embeddable":true,"href":"https:\/\/www.creusonslabible.fr\/index.php?rest_route=%2Fwp%2Fv2%2Faudio&post=445"},{"taxonomy":"ecrit","embeddable":true,"href":"https:\/\/www.creusonslabible.fr\/index.php?rest_route=%2Fwp%2Fv2%2Fecrit&post=445"},{"taxonomy":"mis-en-avant","embeddable":true,"href":"https:\/\/www.creusonslabible.fr\/index.php?rest_route=%2Fwp%2Fv2%2Fmis-en-avant&post=445"},{"taxonomy":"redacteur","embeddable":true,"href":"https:\/\/www.creusonslabible.fr\/index.php?rest_route=%2Fwp%2Fv2%2Fredacteur&post=445"},{"taxonomy":"type-darticle","embeddable":true,"href":"https:\/\/www.creusonslabible.fr\/index.php?rest_route=%2Fwp%2Fv2%2Ftype-darticle&post=445"}],"curies":[{"name":"wp","href":"https:\/\/api.w.org\/{rel}","templated":true}]}}